{"id":149789,"date":"2025-10-17T14:14:39","date_gmt":"2025-10-17T17:14:39","guid":{"rendered":"https:\/\/senoticias.com.br\/se\/?p=149789"},"modified":"2025-10-18T08:24:18","modified_gmt":"2025-10-18T11:24:18","slug":"curta-se-anuncia-24a-edicao-focada-na-afirmacao-da-vida-com-o-tema-amor-fati","status":"publish","type":"post","link":"https:\/\/senoticias.com.br\/se\/curta-se-anuncia-24a-edicao-focada-na-afirmacao-da-vida-com-o-tema-amor-fati\/","title":{"rendered":"Curta-SE anuncia 24\u00aa edi\u00e7\u00e3o focada na afirma\u00e7\u00e3o da vida com o tema &#8216;Amor Fati&#8217;"},"content":{"rendered":"<p>O Festival Iberoamericano de Cinema de Sergipe (Curta-SE) anuncia a realiza\u00e7\u00e3o de sua 24\u00aa edi\u00e7\u00e3o, que acontecer\u00e1 de<strong> 3 a 9 de novembro,<\/strong> com o tema \u2018Amor Fati, territ\u00f3rio do querer\u2019. O evento gratuito convida o p\u00fablico em geral, artistas e produtores para uma imers\u00e3o profunda na filosofia da afirma\u00e7\u00e3o plena da vida.<\/p>\n<div id=\"attachment_149791\" style=\"width: 542px\" class=\"wp-caption aligncenter\"><a href=\"https:\/\/senoticias.com.br\/se\/wp-content\/uploads\/2025\/10\/ab8a7ed2-2e30-48d8-8039-72236969e5fe.jpeg\"><img loading=\"lazy\" decoding=\"async\" aria-describedby=\"caption-attachment-149791\" class=\"size-full wp-image-149791\" src=\"https:\/\/senoticias.com.br\/se\/wp-content\/uploads\/2025\/10\/ab8a7ed2-2e30-48d8-8039-72236969e5fe.jpeg\" alt=\"\" width=\"532\" height=\"745\" srcset=\"https:\/\/senoticias.com.br\/se\/wp-content\/uploads\/2025\/10\/ab8a7ed2-2e30-48d8-8039-72236969e5fe.jpeg 532w, https:\/\/senoticias.com.br\/se\/wp-content\/uploads\/2025\/10\/ab8a7ed2-2e30-48d8-8039-72236969e5fe-214x300.jpeg 214w\" sizes=\"(max-width: 532px) 100vw, 532px\" \/><\/a><p id=\"caption-attachment-149791\" class=\"wp-caption-text\">A tem\u00e1tica \u2018Amor Fati\u2019, uma express\u00e3o latina que significa \u2018amor ao destino\u2019, \u00e9 o estandarte desta edi\u00e7\u00e3o &#8211; Foto arte: ascom\/divulga\u00e7\u00e3o<\/p><\/div>\n<p>Em sua trajet\u00f3ria existencial, o Curta-Se discorreu sobre temas e perspectivas alinhadas \u00e0s viv\u00eancias e aos aprendizados criativos. O Festival postula a import\u00e2ncia de cada coisa em seu tempo, viabilizada pela difus\u00e3o do acesso cultural. Nesse contexto, o evento refor\u00e7a a import\u00e2ncia do fomento das pol\u00edticas p\u00fablicas, a institucionalidade da cultura, conjugada com a participa\u00e7\u00e3o social na defini\u00e7\u00e3o de suas prioridades, e conta com o patroc\u00ednio da Petrobras.<\/p>\n<p>A tem\u00e1tica \u2018Amor Fati\u2019, uma express\u00e3o latina que significa \u2018amor ao destino\u2019, \u00e9 o estandarte desta edi\u00e7\u00e3o. A ess\u00eancia filos\u00f3fica desta edi\u00e7\u00e3o reside na busca pelo querer imanente e se apoia na m\u00e1xima de Nietzsche: &#8220;Querer liberta: pois querer \u00e9 criar: assim ensino eu. E somente para criar deveis aprender&#8221;.<\/p>\n<p>A diretora e idealizadora do festival, Ros\u00e2ngela Rocha, ressalta o significado da escolha. &#8220;O Amor Fati, para n\u00f3s, \u00e9 a forma de reafirmarmos que a cria\u00e7\u00e3o, a arte e a cultura s\u00e3o a nossa pot\u00eancia m\u00e1xima. \u00c9 a chance que temos de abra\u00e7ar o que somos e transformar isso em um novo valor, um novo sentido para a nossa exist\u00eancia e para o festival&#8221;, afirma.<\/p>\n<p>A iman\u00eancia \u00e9 estabelecida como o princ\u00edpio \u00edgneo da vida, o fogo criador, que se contrap\u00f5e a toda distante exterioridade. O Festival valoriza o instante breve repleto de sentido contra a imortalidade esvaziada de realidade. Dar sentido e dar valor \u00e9 a forma mais elevada de amar. O conceito de Amor Fati prop\u00f5e afirmar o que tinha de ser, ao mesmo tempo em que se afirma a vontade de pot\u00eancia em si e no mundo.<\/p>\n<p>\u201cO Curta-Se reitera-se ainda como um espa\u00e7o vital de afirma\u00e7\u00e3o cultural e criativa. Voltamos com uma viv\u00eancia de crian\u00e7as, pautada na inoc\u00eancia, experimenta\u00e7\u00e3o e plasticidade. Esta edi\u00e7\u00e3o \u00e9 um convite a dar um novo sentido, um novo valor \u00e0 nossa exist\u00eancia, proclamando que nada est\u00e1 morto e viva \u00e0 vida\u201d, refor\u00e7a.<\/p>\n<p>Realizado pela AVBR Produ\u00e7\u00f5es, o Curta-SE foi selecionado pelo programa Petrobras Cultural, na maior sele\u00e7\u00e3o p\u00fablica de cultura j\u00e1 realizada pela Petrobras.<\/p>\n<p><strong>Curta-Se 24<\/strong><\/p>\n<p>O Festival conta com patroc\u00ednio da Petrobras, Governo Federal, por meio do Minist\u00e9rio da Cultura, atrav\u00e9s da Lei Federal de Incentivo \u00e0 Cultura (Lei Rouanet); apoio cultural do Cine Walmir Almeida, da Funda\u00e7\u00e3o de Cultura e Arte Aperip\u00ea de Sergipe (Funcap) e do Governo do Estado de Sergipe, por meio da Pol\u00edtica Nacional Aldir Blanc (PNAB), e do Memorial de Sergipe Prof. Jouberto Uch\u00f4a; al\u00e9m do apoio institucional do Ibero Fest, Avanca Film Festival, VIII Congresso das Coalis\u00f5es pela Diversidade Cultural e do F\u00f3rum dos Festivais.<\/p>\n<p>&nbsp;<\/p>\n<p><strong><em>Acompanhe tamb\u00e9m o SE Not\u00edcias no\u00a0<a href=\"https:\/\/twitter.com\/Senoticias\" target=\"_blank\" rel=\"noreferrer noopener\">Twitter<\/a>,\u00a0<a href=\"https:\/\/www.facebook.com\/senoticias1\" target=\"_blank\" rel=\"noreferrer noopener\">Facebook<\/a>\u00a0e no\u00a0<a href=\"https:\/\/www.instagram.com\/senoticias\/\" target=\"_blank\" rel=\"noreferrer noopener\">Instagram<\/a><br \/>\n<\/em><\/strong><br \/>\nDa Assessoria de Comunica\u00e7\u00e3o &#8211; AVBR Produ\u00e7\u00f5es<\/p>\n","protected":false},"excerpt":{"rendered":"<p>O Festival Iberoamericano de Cinema de Sergipe (Curta-SE) anuncia a realiza\u00e7\u00e3o de sua 24\u00aa edi\u00e7\u00e3o, que acontecer\u00e1 de 3 a 9 de novembro, com o tema \u2018Amor Fati, territ\u00f3rio do querer\u2019. O evento gratuito convida o p\u00fablico em geral, artistas e produtores para uma imers\u00e3o profunda na filosofia da afirma\u00e7\u00e3o plena da vida. Em sua [&hellip;]<\/p>\n","protected":false},"author":6557,"featured_media":0,"comment_status":"closed","ping_status":"closed","sticky":false,"template":"","format":"standard","meta":{"footnotes":""},"categories":[15,21],"tags":[44357,44356,44359],"class_list":{"0":"post-149789","1":"post","2":"type-post","3":"status-publish","4":"format-standard","6":"category-destaques","7":"category-entretenimento","8":"tag-amor-fati","9":"tag-curta-se","10":"tag-festival-iberoamericano"},"_links":{"self":[{"href":"https:\/\/senoticias.com.br\/se\/wp-json\/wp\/v2\/posts\/149789"}],"collection":[{"href":"https:\/\/senoticias.com.br\/se\/wp-json\/wp\/v2\/posts"}],"about":[{"href":"https:\/\/senoticias.com.br\/se\/wp-json\/wp\/v2\/types\/post"}],"author":[{"embeddable":true,"href":"https:\/\/senoticias.com.br\/se\/wp-json\/wp\/v2\/users\/6557"}],"replies":[{"embeddable":true,"href":"https:\/\/senoticias.com.br\/se\/wp-json\/wp\/v2\/comments?post=149789"}],"version-history":[{"count":0,"href":"https:\/\/senoticias.com.br\/se\/wp-json\/wp\/v2\/posts\/149789\/revisions"}],"wp:attachment":[{"href":"https:\/\/senoticias.com.br\/se\/wp-json\/wp\/v2\/media?parent=149789"}],"wp:term":[{"taxonomy":"category","embeddable":true,"href":"https:\/\/senoticias.com.br\/se\/wp-json\/wp\/v2\/categories?post=149789"},{"taxonomy":"post_tag","embeddable":true,"href":"https:\/\/senoticias.com.br\/se\/wp-json\/wp\/v2\/tags?post=149789"}],"curies":[{"name":"wp","href":"https:\/\/api.w.org\/{rel}","templated":true}]}}