{"id":149784,"date":"2025-10-16T14:48:49","date_gmt":"2025-10-16T17:48:49","guid":{"rendered":"https:\/\/senoticias.com.br\/se\/?p=149784"},"modified":"2025-10-16T16:56:40","modified_gmt":"2025-10-16T19:56:40","slug":"governo-divulga-resultado-final-do-concurso-da-fundacao-renascer-para-cargo-de-orientador-social","status":"publish","type":"post","link":"https:\/\/senoticias.com.br\/se\/governo-divulga-resultado-final-do-concurso-da-fundacao-renascer-para-cargo-de-orientador-social\/","title":{"rendered":"Governo divulga resultado final do concurso da Funda\u00e7\u00e3o Renascer para cargo de orientador social"},"content":{"rendered":"<p>O Governo de Sergipe divulgou o resultado final do concurso p\u00fablico da Funda\u00e7\u00e3o Renascer para o cargo de orientador social. O certame, conduzido pela Secretaria de Estado da Administra\u00e7\u00e3o (Sead) e executado pelo Instituto de Desenvolvimento e Capacita\u00e7\u00e3o (Idcap), selecionou profissionais de n\u00edvel superior para o provimento de sete vagas e forma\u00e7\u00e3o de cadastro reserva nas \u00e1reas de servi\u00e7o social, pedagogia e psicologia. A rela\u00e7\u00e3o dos aprovados est\u00e1 dispon\u00edvel no Di\u00e1rio Oficial do Estado (edi\u00e7\u00e3o de quarta-feira, 15) e no site do Idcap.<\/p>\n<p>A Funda\u00e7\u00e3o Renascer \u00e9 vinculada \u00e0 Secretaria de Estado da Assist\u00eancia Social, Inclus\u00e3o e Cidadania (Seasic) e responde pela execu\u00e7\u00e3o da Pol\u00edtica Estadual de Assist\u00eancia e Prote\u00e7\u00e3o \u00e0 Crian\u00e7a e ao Adolescente em situa\u00e7\u00e3o de risco pessoal e social. Como parte do processo de reestrutura\u00e7\u00e3o e amplia\u00e7\u00e3o do quadro de pessoal da entidade, al\u00e9m deste certame, a gest\u00e3o estadual est\u00e1 realizando concurso para o cargo de agente socioeducativo, que selecionar\u00e1 profissionais de n\u00edvel m\u00e9dio para o provimento de 25 vagas e forma\u00e7\u00e3o de cadastro reserva.<\/p>\n<div id=\"attachment_149785\" style=\"width: 608px\" class=\"wp-caption aligncenter\"><a href=\"https:\/\/senoticias.com.br\/se\/wp-content\/uploads\/2025\/10\/Concurso-governo-de-Sergipe-SE-Noticias.jpg\"><img loading=\"lazy\" decoding=\"async\" aria-describedby=\"caption-attachment-149785\" class=\"size-full wp-image-149785\" src=\"https:\/\/senoticias.com.br\/se\/wp-content\/uploads\/2025\/10\/Concurso-governo-de-Sergipe-SE-Noticias.jpg\" alt=\"\" width=\"598\" height=\"336\" srcset=\"https:\/\/senoticias.com.br\/se\/wp-content\/uploads\/2025\/10\/Concurso-governo-de-Sergipe-SE-Noticias.jpg 598w, https:\/\/senoticias.com.br\/se\/wp-content\/uploads\/2025\/10\/Concurso-governo-de-Sergipe-SE-Noticias-300x169.jpg 300w\" sizes=\"(max-width: 598px) 100vw, 598px\" \/><\/a><p id=\"caption-attachment-149785\" class=\"wp-caption-text\">Governo de Sergipe divulga resultado final do concurso da Funda\u00e7\u00e3o Renascer para cargo de orientador social &#8211; Foto: Iran Souza<\/p><\/div>\n<p>De acordo com a secret\u00e1ria de Estado da Administra\u00e7\u00e3o, Lucivanda Nunes, a sele\u00e7\u00e3o de novos profissionais para Funda\u00e7\u00e3o Renascer, al\u00e9m de refor\u00e7ar o quadro de pessoal da entidade, contribuir\u00e1 de modo significativo para a melhoria do atendimento e suporte prestados aos socioeducandos. \u201cEsse \u00e9 mais um concurso realizado com sucesso pela gest\u00e3o estadual, e em breve o resultado final ser\u00e1 homologado\u201d, afirmou.<\/p>\n<p>Para tornar poss\u00edvel a realiza\u00e7\u00e3o desses dois concursos, o Governo de Sergipe, por meio de lei estadual, criou novos cargos na estrutura de pessoal da entidade e consolidou as carreiras do Sistema Socioeducativo no Estado. Os profissionais aprovados para o cargo de orientador social ingressar\u00e3o na carreira com vencimento inicial de R$ 3.308,76, e os novos agentes socioeducativos, com vencimento inicial de R$ 2.582,83. Para ambos os cargos, a gest\u00e3o estadual reservou 20% das vagas para pessoas com defici\u00eancia (PcD) e 10% para afrodescendentes.<\/p>\n<p><strong><em>Acompanhe tamb\u00e9m o SE Not\u00edcias no\u00a0<a href=\"https:\/\/twitter.com\/Senoticias\" target=\"_blank\" rel=\"noreferrer noopener\">Twitter<\/a>,\u00a0<a href=\"https:\/\/www.facebook.com\/senoticias1\" target=\"_blank\" rel=\"noreferrer noopener\">Facebook<\/a>\u00a0e no\u00a0<a href=\"https:\/\/www.instagram.com\/senoticias\/\" target=\"_blank\" rel=\"noreferrer noopener\">Instagram<\/a><\/em><\/strong><\/p>\n<p>Fonte: Ag\u00eancia Sergipe de Not\u00edcias<\/p>\n","protected":false},"excerpt":{"rendered":"<p>O Governo de Sergipe divulgou o resultado final do concurso p\u00fablico da Funda\u00e7\u00e3o Renascer para o cargo de orientador social. O certame, conduzido pela Secretaria de Estado da Administra\u00e7\u00e3o (Sead) e executado pelo Instituto de Desenvolvimento e Capacita\u00e7\u00e3o (Idcap), selecionou profissionais de n\u00edvel superior para o provimento de sete vagas e forma\u00e7\u00e3o de cadastro reserva [&hellip;]<\/p>\n","protected":false},"author":6557,"featured_media":149785,"comment_status":"closed","ping_status":"closed","sticky":false,"template":"","format":"standard","meta":{"footnotes":""},"categories":[15,6],"tags":[43531,2757,448],"class_list":{"0":"post-149784","1":"post","2":"type-post","3":"status-publish","4":"format-standard","5":"has-post-thumbnail","7":"category-destaques","8":"category-politica","9":"tag-concurso-da-fundacao-renascer","10":"tag-fundacao-renascer","11":"tag-governo-de-sergipe"},"_links":{"self":[{"href":"https:\/\/senoticias.com.br\/se\/wp-json\/wp\/v2\/posts\/149784"}],"collection":[{"href":"https:\/\/senoticias.com.br\/se\/wp-json\/wp\/v2\/posts"}],"about":[{"href":"https:\/\/senoticias.com.br\/se\/wp-json\/wp\/v2\/types\/post"}],"author":[{"embeddable":true,"href":"https:\/\/senoticias.com.br\/se\/wp-json\/wp\/v2\/users\/6557"}],"replies":[{"embeddable":true,"href":"https:\/\/senoticias.com.br\/se\/wp-json\/wp\/v2\/comments?post=149784"}],"version-history":[{"count":0,"href":"https:\/\/senoticias.com.br\/se\/wp-json\/wp\/v2\/posts\/149784\/revisions"}],"wp:featuredmedia":[{"embeddable":true,"href":"https:\/\/senoticias.com.br\/se\/wp-json\/wp\/v2\/media\/149785"}],"wp:attachment":[{"href":"https:\/\/senoticias.com.br\/se\/wp-json\/wp\/v2\/media?parent=149784"}],"wp:term":[{"taxonomy":"category","embeddable":true,"href":"https:\/\/senoticias.com.br\/se\/wp-json\/wp\/v2\/categories?post=149784"},{"taxonomy":"post_tag","embeddable":true,"href":"https:\/\/senoticias.com.br\/se\/wp-json\/wp\/v2\/tags?post=149784"}],"curies":[{"name":"wp","href":"https:\/\/api.w.org\/{rel}","templated":true}]}}