{"id":149782,"date":"2025-10-16T16:16:55","date_gmt":"2025-10-16T19:16:55","guid":{"rendered":"https:\/\/senoticias.com.br\/se\/?p=149782"},"modified":"2025-10-16T16:16:55","modified_gmt":"2025-10-16T19:16:55","slug":"outubro-rosa-e-a-administracao-publica-conscientizar-tambem-e-uma-forma-de-governar","status":"publish","type":"post","link":"https:\/\/senoticias.com.br\/se\/outubro-rosa-e-a-administracao-publica-conscientizar-tambem-e-uma-forma-de-governar\/","title":{"rendered":"Outubro Rosa e a Administra\u00e7\u00e3o P\u00fablica: conscientizar tamb\u00e9m \u00e9 uma forma de governar"},"content":{"rendered":"<p>&nbsp;<\/p>\n<p><strong><em>Por Diana Almeida Centuri\u00f3n*<\/em><\/strong><\/p>\n<p data-start=\"533\" data-end=\"701\">Antes de falar sobre campanhas, cores ou slogans, \u00e9 preciso entender o ponto central de todo movimento social que d\u00e1 certo: a gest\u00e3o p\u00fablica comprometida com pessoas.<\/p>\n<p data-start=\"703\" data-end=\"768\"><strong>Afinal, o que \u00e9 o Outubro Rosa dentro da administra\u00e7\u00e3o p\u00fablica?<\/strong><\/p>\n<p data-start=\"770\" data-end=\"1068\">Mais do que um m\u00eas de la\u00e7os cor-de-rosa, o Outubro Rosa \u00e9 um chamado \u00e0 a\u00e7\u00e3o e \u00e0 responsabilidade social do Estado. \u00c9 o momento em que a gest\u00e3o p\u00fablica reafirma seu compromisso com a sa\u00fade da mulher, a preven\u00e7\u00e3o do c\u00e2ncer de mama e do colo do \u00fatero, e o direito \u00e0 informa\u00e7\u00e3o e ao cuidado cont\u00ednuo.<\/p>\n<p data-start=\"1070\" data-end=\"1427\">Trata-se de uma agenda que vai al\u00e9m das campanhas pontuais: \u00e9 sobre governan\u00e7a em sa\u00fade, gest\u00e3o humanizada e pol\u00edticas permanentes de preven\u00e7\u00e3o, diagn\u00f3stico e acolhimento. Quando bem conduzido, o Outubro Rosa se transforma em uma verdadeira estrat\u00e9gia de gest\u00e3o p\u00fablica orientada ao cuidado \u2014 conectando comunica\u00e7\u00e3o, sa\u00fade, educa\u00e7\u00e3o e participa\u00e7\u00e3o social.<\/p>\n<div id=\"attachment_149783\" style=\"width: 595px\" class=\"wp-caption aligncenter\"><a href=\"https:\/\/senoticias.com.br\/se\/wp-content\/uploads\/2025\/10\/Diana-Almeida-SE-Noticias.jpeg\"><img loading=\"lazy\" decoding=\"async\" aria-describedby=\"caption-attachment-149783\" class=\"size-full wp-image-149783\" src=\"https:\/\/senoticias.com.br\/se\/wp-content\/uploads\/2025\/10\/Diana-Almeida-SE-Noticias.jpeg\" alt=\"\" width=\"585\" height=\"798\" srcset=\"https:\/\/senoticias.com.br\/se\/wp-content\/uploads\/2025\/10\/Diana-Almeida-SE-Noticias.jpeg 585w, https:\/\/senoticias.com.br\/se\/wp-content\/uploads\/2025\/10\/Diana-Almeida-SE-Noticias-220x300.jpeg 220w\" sizes=\"(max-width: 585px) 100vw, 585px\" \/><\/a><p id=\"caption-attachment-149783\" class=\"wp-caption-text\">Diana Almeida refor\u00e7a a import\u00e2ncia do Outubro Rosa na Administra\u00e7\u00e3o P\u00fablica- Foto: Najara N\u00f3brega<\/p><\/div>\n<p data-start=\"1429\" data-end=\"1564\">E \u00e9 justamente a\u00ed que come\u00e7a o maior desafio para os munic\u00edpios brasileiros: transformar conscientiza\u00e7\u00e3o em pol\u00edtica p\u00fablica efetiva.<\/p>\n<h3 data-start=\"1571\" data-end=\"1604\">O desafio da gest\u00e3o municipal<\/h3>\n<p data-start=\"1606\" data-end=\"1815\">Em um pa\u00eds de dimens\u00f5es continentais, os munic\u00edpios s\u00e3o a ponta mais vis\u00edvel da pol\u00edtica p\u00fablica. \u00c9 nas unidades b\u00e1sicas de sa\u00fade, nas salas de espera e nas a\u00e7\u00f5es comunit\u00e1rias que o Outubro Rosa ganha forma.<\/p>\n<p data-start=\"1817\" data-end=\"2032\">Em estados como Sergipe, onde a estrutura t\u00e9cnica e or\u00e7ament\u00e1ria dos munic\u00edpios \u00e9 limitada, o desafio \u00e9 ainda maior: garantir a\u00e7\u00f5es de preven\u00e7\u00e3o acess\u00edveis, cont\u00ednuas e bem planejadas, mesmo com recursos escassos.<\/p>\n<p data-start=\"2034\" data-end=\"2262\">N\u00e3o basta iluminar pr\u00e9dios ou distribuir folhetos. O verdadeiro impacto do Outubro Rosa est\u00e1 em gest\u00f5es municipais que integram planejamento, capacita\u00e7\u00e3o e sensibiliza\u00e7\u00e3o \u2014 transformando a campanha em pol\u00edtica p\u00fablica de fato.<\/p>\n<h3 data-start=\"2269\" data-end=\"2307\">O elo essencial: gest\u00e3o humanizada<\/h3>\n<p data-start=\"2309\" data-end=\"2465\">Assim como na gest\u00e3o de contratos, a execu\u00e7\u00e3o \u00e9 o elo decisivo tamb\u00e9m nas campanhas p\u00fablicas. \u00c9 ela que transforma boas inten\u00e7\u00f5es em resultados concretos.<\/p>\n<p data-start=\"2467\" data-end=\"2693\">Uma administra\u00e7\u00e3o comprometida com o Outubro Rosa precisa investir em programas de rastreamento efetivo, parcerias com associa\u00e7\u00f5es e unidades de sa\u00fade, capacita\u00e7\u00e3o de profissionais e acesso facilitado aos exames preventivos.<\/p>\n<p data-start=\"2695\" data-end=\"2790\">Sem execu\u00e7\u00e3o eficiente, o discurso perde for\u00e7a. Campanhas n\u00e3o mudam realidades \u2014 gest\u00e3o muda.<\/p>\n<h3 data-start=\"2797\" data-end=\"2828\">O papel do servidor p\u00fablico<\/h3>\n<p data-start=\"2830\" data-end=\"2961\">Dentro dessa engrenagem, o servidor p\u00fablico \u2014 especialmente aqueles que atuam na sa\u00fade e na gest\u00e3o administrativa \u2014 \u00e9 pe\u00e7a-chave.<\/p>\n<p data-start=\"2963\" data-end=\"3118\">S\u00e3o eles que, com dedica\u00e7\u00e3o e empatia, fazem com que o Outubro Rosa ultrapasse as paredes dos gabinetes e chegue onde mais importa: na vida das mulheres.<\/p>\n<p data-start=\"3120\" data-end=\"3355\">Promover campanhas internas de conscientiza\u00e7\u00e3o, incentivar o autocuidado entre as servidoras e criar ambientes institucionais acolhedores tamb\u00e9m fazem parte do compromisso p\u00fablico. Cuidar de quem serve \u00e9 fortalecer o servi\u00e7o p\u00fablico.<\/p>\n<h3 data-start=\"3362\" data-end=\"3418\">Governan\u00e7a e continuidade: o desafio do p\u00f3s-campanha<\/h3>\n<p data-start=\"3420\" data-end=\"3677\">Outro ponto crucial \u00e9 a continuidade. O Outubro Rosa n\u00e3o pode se encerrar no dia 31 de outubro. O diagn\u00f3stico precoce e a preven\u00e7\u00e3o exigem pol\u00edticas permanentes, acompanhamento constante e governan\u00e7a institucional que garanta a sustentabilidade das a\u00e7\u00f5es.<\/p>\n<p data-start=\"3679\" data-end=\"3921\">\u00c9 preciso incluir a pauta da sa\u00fade da mulher no planejamento or\u00e7ament\u00e1rio, nas metas de gest\u00e3o e nas a\u00e7\u00f5es intersetoriais. Campanhas bem estruturadas, monitoradas e avaliadas s\u00e3o mais do que eventos \u2014 s\u00e3o instrumentos de governan\u00e7a p\u00fablica.<\/p>\n<h3 data-start=\"3928\" data-end=\"3989\">Caminhos para fortalecer o Outubro Rosa na gest\u00e3o p\u00fablica<\/h3>\n<p data-start=\"3991\" data-end=\"4100\">Para que o Outubro Rosa gere resultados concretos e duradouros, \u00e9 necess\u00e1rio que os munic\u00edpios invistam em:<\/p>\n<ul data-start=\"4102\" data-end=\"4479\">\n<li data-start=\"4102\" data-end=\"4176\">\n<p data-start=\"4104\" data-end=\"4176\"><span style=\"font-size: 10pt;\">Planejamento intersetorial entre Sa\u00fade, Educa\u00e7\u00e3o e Assist\u00eancia Social;<\/span><\/p>\n<\/li>\n<li data-start=\"4177\" data-end=\"4244\">\n<p data-start=\"4179\" data-end=\"4244\"><span style=\"font-size: 10pt;\">Capacita\u00e7\u00e3o de equipes de aten\u00e7\u00e3o b\u00e1sica para detec\u00e7\u00e3o precoce;<\/span><\/p>\n<\/li>\n<li data-start=\"4245\" data-end=\"4319\">\n<p data-start=\"4247\" data-end=\"4319\"><span style=\"font-size: 10pt;\">Comunica\u00e7\u00e3o institucional estrat\u00e9gica, que fale com clareza e empatia;<\/span><\/p>\n<\/li>\n<li data-start=\"4320\" data-end=\"4385\">\n<p data-start=\"4322\" data-end=\"4385\"><span style=\"font-size: 10pt;\">Monitoramento e avalia\u00e7\u00e3o das a\u00e7\u00f5es desenvolvidas anualmente;<\/span><\/p>\n<\/li>\n<li data-start=\"4386\" data-end=\"4479\">\n<p data-start=\"4388\" data-end=\"4479\"><span style=\"font-size: 10pt;\">Valoriza\u00e7\u00e3o dos servidores e servidoras p\u00fablicas como agentes multiplicadores do cuidado.<\/span><\/p>\n<\/li>\n<\/ul>\n<p data-start=\"4481\" data-end=\"4629\">Com essas medidas, o Outubro Rosa deixa de ser apenas uma campanha e se consolida como pol\u00edtica p\u00fablica de empatia, preven\u00e7\u00e3o e governan\u00e7a social.<\/p>\n<h3 data-start=\"4636\" data-end=\"4649\">Conclus\u00e3o<\/h3>\n<p data-start=\"4651\" data-end=\"4878\">O Outubro Rosa \u00e9, antes de tudo, um lembrete de que gest\u00e3o p\u00fablica tamb\u00e9m \u00e9 sobre cuidar de pessoas.<br data-start=\"4751\" data-end=\"4754\" \/>Prevenir \u00e9 governar. Conscientizar \u00e9 administrar. E garantir acesso \u00e0 sa\u00fade \u00e9 a forma mais concreta de promover cidadania.<\/p>\n<p data-start=\"4880\" data-end=\"5007\">Quando a administra\u00e7\u00e3o p\u00fablica entende isso, o la\u00e7o rosa se transforma em s\u00edmbolo de compromisso, sensibilidade e efici\u00eancia.<\/p>\n<p data-start=\"5014\" data-end=\"5198\"><em><strong data-start=\"5014\" data-end=\"5041\">DIANA ALMEIDA CENTURI\u00d3N*<\/strong><\/em><br data-start=\"5041\" data-end=\"5044\" \/><em>Especialista em Licita\u00e7\u00f5es e Contratos Administrativos<\/em><br data-start=\"5098\" data-end=\"5101\" \/><em>L\u00edder da Gest\u00e3o de Contratos e Atas da Prefeitura Municipal de Carira\/SE<\/em><br data-start=\"5173\" data-end=\"5176\" \/><em>Bacharela em Direito<\/em><\/p>\n<p><strong><em>Acompanhe tamb\u00e9m o SE Not\u00edcias no\u00a0<a href=\"https:\/\/twitter.com\/Senoticias\" target=\"_blank\" rel=\"noreferrer noopener\">Twitter<\/a>,\u00a0<a href=\"https:\/\/www.facebook.com\/senoticias1\" target=\"_blank\" rel=\"noreferrer noopener\">Facebook<\/a>\u00a0e no\u00a0<a href=\"https:\/\/www.instagram.com\/senoticias\/\" target=\"_blank\" rel=\"noreferrer noopener\">Instagram<\/a><\/em><\/strong><\/p>\n","protected":false},"excerpt":{"rendered":"<p>&nbsp; Por Diana Almeida Centuri\u00f3n* Antes de falar sobre campanhas, cores ou slogans, \u00e9 preciso entender o ponto central de todo movimento social que d\u00e1 certo: a gest\u00e3o p\u00fablica comprometida com pessoas. Afinal, o que \u00e9 o Outubro Rosa dentro da administra\u00e7\u00e3o p\u00fablica? Mais do que um m\u00eas de la\u00e7os cor-de-rosa, o Outubro Rosa \u00e9 [&hellip;]<\/p>\n","protected":false},"author":6557,"featured_media":149783,"comment_status":"closed","ping_status":"closed","sticky":false,"template":"","format":"standard","meta":{"footnotes":""},"categories":[15,6],"tags":[44354,44112,44355],"class_list":{"0":"post-149782","1":"post","2":"type-post","3":"status-publish","4":"format-standard","5":"has-post-thumbnail","7":"category-destaques","8":"category-politica","9":"tag-diana-almeida","10":"tag-diana-almeida-centurion","11":"tag-outubro-rosa-e-a-administracao-publica"},"_links":{"self":[{"href":"https:\/\/senoticias.com.br\/se\/wp-json\/wp\/v2\/posts\/149782"}],"collection":[{"href":"https:\/\/senoticias.com.br\/se\/wp-json\/wp\/v2\/posts"}],"about":[{"href":"https:\/\/senoticias.com.br\/se\/wp-json\/wp\/v2\/types\/post"}],"author":[{"embeddable":true,"href":"https:\/\/senoticias.com.br\/se\/wp-json\/wp\/v2\/users\/6557"}],"replies":[{"embeddable":true,"href":"https:\/\/senoticias.com.br\/se\/wp-json\/wp\/v2\/comments?post=149782"}],"version-history":[{"count":0,"href":"https:\/\/senoticias.com.br\/se\/wp-json\/wp\/v2\/posts\/149782\/revisions"}],"wp:featuredmedia":[{"embeddable":true,"href":"https:\/\/senoticias.com.br\/se\/wp-json\/wp\/v2\/media\/149783"}],"wp:attachment":[{"href":"https:\/\/senoticias.com.br\/se\/wp-json\/wp\/v2\/media?parent=149782"}],"wp:term":[{"taxonomy":"category","embeddable":true,"href":"https:\/\/senoticias.com.br\/se\/wp-json\/wp\/v2\/categories?post=149782"},{"taxonomy":"post_tag","embeddable":true,"href":"https:\/\/senoticias.com.br\/se\/wp-json\/wp\/v2\/tags?post=149782"}],"curies":[{"name":"wp","href":"https:\/\/api.w.org\/{rel}","templated":true}]}}