{"id":149779,"date":"2025-10-16T13:48:25","date_gmt":"2025-10-16T16:48:25","guid":{"rendered":"https:\/\/senoticias.com.br\/se\/?p=149779"},"modified":"2025-10-16T14:14:30","modified_gmt":"2025-10-16T17:14:30","slug":"policia-civil-divulga-imagens-de-suspeitos-de-furto-em-condominio","status":"publish","type":"post","link":"https:\/\/senoticias.com.br\/se\/policia-civil-divulga-imagens-de-suspeitos-de-furto-em-condominio\/","title":{"rendered":"Pol\u00edcia Civil divulga imagens de suspeitos de furtaram 15 bicicletas em condom\u00ednio"},"content":{"rendered":"<p dir=\"ltr\">A Pol\u00edcia Civil, por meio da 4\u00aa Delegacia Metropolitana (DM), divulgou, nesta quinta-feira (16), as imagens dos homens que furtaram 15 bicicletas da \u00e1rea da garagem de um condom\u00ednio residencial do bairro Farol\u00e2ndia, em Aracaju. O caso ocorreu na madrugada do dia 10 de outubro.<\/p>\n<p dir=\"ltr\"><a href=\"https:\/\/senoticias.com.br\/se\/wp-content\/uploads\/2025\/10\/IMG_4426-e1760633210612.jpeg\"><img loading=\"lazy\" decoding=\"async\" class=\"size-full wp-image-149780 aligncenter\" src=\"https:\/\/senoticias.com.br\/se\/wp-content\/uploads\/2025\/10\/IMG_4426-e1760633210612.jpeg\" alt=\"\" width=\"599\" height=\"402\" \/><\/a><\/p>\n<p dir=\"ltr\">De acordo com as informa\u00e7\u00f5es policiais, tr\u00eas homens invadiram o condom\u00ednio pelo port\u00e3o dos fundos, ap\u00f3s quebrarem o cadeado. Durante o furto, eles passaram por ve\u00edculos que estavam na garagem e por uma\u00a0moradora que passeava com o seu cachorro. Os suspeitos\u00a0usavam bon\u00e9 e chap\u00e9u, camisas de mangas\u00a0longas, bermudas e sand\u00e1lia.<\/p>\n<p dir=\"ltr\">Com o registro do boletim de ocorr\u00eancia do\u00a0furto, a 4\u00aa DM iniciou as investiga\u00e7\u00f5es com a coleta de imagens das c\u00e2meras de seguran\u00e7a, que registraram a\u00a0a\u00e7\u00e3o criminosa.<\/p>\n<p dir=\"ltr\">A Pol\u00edcia Civil solicita que informa\u00e7\u00f5es e den\u00fancias que possam contribuir com a identifica\u00e7\u00e3o e a localiza\u00e7\u00e3o dos suspeitos sejam repassadas por meio do Disque-Den\u00fancia, no telefone 181. O sigilo do denunciante \u00e9 garantido.<\/p>\n<p dir=\"ltr\"><strong><em>Acompanhe tamb\u00e9m o SE Not\u00edcias no\u00a0<a href=\"https:\/\/twitter.com\/Senoticias\" target=\"_blank\" rel=\"noreferrer noopener\">Twitter<\/a>,\u00a0<a href=\"https:\/\/www.facebook.com\/senoticias1\" target=\"_blank\" rel=\"noreferrer noopener\">Facebook<\/a>\u00a0e no\u00a0<a href=\"https:\/\/www.instagram.com\/senoticias\/\" target=\"_blank\" rel=\"noreferrer noopener\">Instagram<\/a><\/em><\/strong><\/p>\n<p>Fonte: SSP\/SE<\/p>\n","protected":false},"excerpt":{"rendered":"<p>A Pol\u00edcia Civil, por meio da 4\u00aa Delegacia Metropolitana (DM), divulgou, nesta quinta-feira (16), as imagens dos homens que furtaram 15 bicicletas da \u00e1rea da garagem de um condom\u00ednio residencial do bairro Farol\u00e2ndia, em Aracaju. O caso ocorreu na madrugada do dia 10 de outubro. De acordo com as informa\u00e7\u00f5es policiais, tr\u00eas homens invadiram o [&hellip;]<\/p>\n","protected":false},"author":6557,"featured_media":0,"comment_status":"closed","ping_status":"closed","sticky":false,"template":"","format":"standard","meta":{"footnotes":""},"categories":[15,7],"tags":[44353,78],"class_list":{"0":"post-149779","1":"post","2":"type-post","3":"status-publish","4":"format-standard","6":"category-destaques","7":"category-policia","8":"tag-furto-de-bicicletas","9":"tag-policia-civil"},"_links":{"self":[{"href":"https:\/\/senoticias.com.br\/se\/wp-json\/wp\/v2\/posts\/149779"}],"collection":[{"href":"https:\/\/senoticias.com.br\/se\/wp-json\/wp\/v2\/posts"}],"about":[{"href":"https:\/\/senoticias.com.br\/se\/wp-json\/wp\/v2\/types\/post"}],"author":[{"embeddable":true,"href":"https:\/\/senoticias.com.br\/se\/wp-json\/wp\/v2\/users\/6557"}],"replies":[{"embeddable":true,"href":"https:\/\/senoticias.com.br\/se\/wp-json\/wp\/v2\/comments?post=149779"}],"version-history":[{"count":0,"href":"https:\/\/senoticias.com.br\/se\/wp-json\/wp\/v2\/posts\/149779\/revisions"}],"wp:attachment":[{"href":"https:\/\/senoticias.com.br\/se\/wp-json\/wp\/v2\/media?parent=149779"}],"wp:term":[{"taxonomy":"category","embeddable":true,"href":"https:\/\/senoticias.com.br\/se\/wp-json\/wp\/v2\/categories?post=149779"},{"taxonomy":"post_tag","embeddable":true,"href":"https:\/\/senoticias.com.br\/se\/wp-json\/wp\/v2\/tags?post=149779"}],"curies":[{"name":"wp","href":"https:\/\/api.w.org\/{rel}","templated":true}]}}