{"id":149777,"date":"2025-10-16T13:43:35","date_gmt":"2025-10-16T16:43:35","guid":{"rendered":"https:\/\/senoticias.com.br\/se\/?p=149777"},"modified":"2025-10-16T13:43:35","modified_gmt":"2025-10-16T16:43:35","slug":"governo-de-sergipe-reforca-atuacao-operacional-da-seguranca-publica-com-aquisicao-de-seis-drones-para-operacoes-no-interior-do-estado","status":"publish","type":"post","link":"https:\/\/senoticias.com.br\/se\/governo-de-sergipe-reforca-atuacao-operacional-da-seguranca-publica-com-aquisicao-de-seis-drones-para-operacoes-no-interior-do-estado\/","title":{"rendered":"Governo de Sergipe refor\u00e7a atua\u00e7\u00e3o operacional da seguran\u00e7a p\u00fablica com aquisi\u00e7\u00e3o de seis drones para opera\u00e7\u00f5es no interior do estado"},"content":{"rendered":"<p>Para refor\u00e7ar a atua\u00e7\u00e3o estrat\u00e9gica em opera\u00e7\u00f5es de alta complexidade, o Governo de Sergipe, por meio da Secretaria de Estado da Seguran\u00e7a P\u00fablica (SSP) e da Pol\u00edcia Civil, concretizou a aquisi\u00e7\u00e3o de seis drones. Os equipamentos representam um avan\u00e7o significativo para o trabalho investigativo e t\u00e1tico das equipes, ampliando a capacidade de monitoramento e resposta em situa\u00e7\u00f5es de fuga, cerco e reconhecimento de \u00e1reas durante a\u00e7\u00f5es de campo.<\/p>\n<div id=\"attachment_149778\" style=\"width: 609px\" class=\"wp-caption aligncenter\"><a href=\"https:\/\/senoticias.com.br\/se\/wp-content\/uploads\/2025\/10\/f5f5ee31-9283-43c5-9b45-814f921c782f-e1760632975794.jpeg\"><img loading=\"lazy\" decoding=\"async\" aria-describedby=\"caption-attachment-149778\" class=\"size-full wp-image-149778\" src=\"https:\/\/senoticias.com.br\/se\/wp-content\/uploads\/2025\/10\/f5f5ee31-9283-43c5-9b45-814f921c782f-e1760632975794.jpeg\" alt=\"\" width=\"599\" height=\"336\" \/><\/a><p id=\"caption-attachment-149778\" class=\"wp-caption-text\">Foto: Ascom SSP SE<\/p><\/div>\n<p>Atualmente, a SSP conta com 38 drones de diferentes modelos, e a \u00faltima aquisi\u00e7\u00e3o foi de seis equipamentos DJI Mini 3, um dos equipamentos mais reconhecidos mundialmente. A entrega dos novos aparelhos \u00e9 mais uma etapa do processo de moderniza\u00e7\u00e3o das unidades policiais. Os novos aparelhos s\u00e3o estrat\u00e9gicos, pois mudam positivamente a forma de se fazer seguran\u00e7a p\u00fablica. \u201cComo se tratam de equipamentos de valor elevado, n\u00f3s n\u00e3o fazemos a aquisi\u00e7\u00e3o de uma s\u00f3 vez. As compras s\u00e3o feitas por meio de licita\u00e7\u00f5es, sempre buscando o melhor custo-benef\u00edcio\u201d, explicou o piloto do N\u00facleo de Drones da Pol\u00edcia Civil, Wagner Santos Menezes.<\/p>\n<p>Segundo ele, os drones permitem alcan\u00e7ar grandes dist\u00e2ncias sem expor o policial ao risco direto, al\u00e9m de auxiliar na vigil\u00e2ncia de foragidos e em opera\u00e7\u00f5es de cumprimento de mandados. \u201cCom o drone, o operador pode fazer o que chamamos de \u2018varredura\u2019, observando uma \u00e1rea extensa em poucos segundos\u201d, destacou.<\/p>\n<p>Nesta linha estrat\u00e9gica de fortalecimento da seguran\u00e7a p\u00fablica, o delegado regional F\u00e1bio Alan Pimentel exemplificou a utilidade pr\u00e1tica dos drones nas a\u00e7\u00f5es e opera\u00e7\u00f5es da Pol\u00edcia Civil. \u201cO uso do drone \u00e9 de suma import\u00e2ncia porque oferece vis\u00e3o privilegiada para os operadores em terra. Em situa\u00e7\u00f5es de fuga, o equipamento permite acompanhar o deslocamento de um suspeito que tente escapar por muros, telhados ou \u00e1reas de dif\u00edcil acesso, garantindo que as equipes saibam exatamente onde ele est\u00e1\u201d, demonstrou.<\/p>\n<p>Al\u00e9m de ampliar a visibilidade das equipes policiais que est\u00e3o atuando em solo, os drones tamb\u00e9m fortalecem o planejamento das opera\u00e7\u00f5es e a seguran\u00e7a dos policiais em campo, tornando as a\u00e7\u00f5es e opera\u00e7\u00f5es mais precisas e eficazes. \u201cCom essa tecnologia, conseguimos ampliar nosso campo de vis\u00e3o e reduzir riscos, otimizando o trabalho investigativo e garantindo melhores resultados para a seguran\u00e7a p\u00fablica de Itabaiana e de toda a regi\u00e3o\u201d, completou o delegado regional de Itabaiana.<\/p>\n<p>Os drones adquiridos nesta remessa est\u00e3o sendo distribu\u00eddos para unidades localizadas no interior do estado, sobretudo regionais. As entregas seguem cronograma previamente estabelecido pela SSP e pela Delegacia-Geral da Pol\u00edcia Civil visando atender \u00e0s demandas de seguran\u00e7a p\u00fablica mapeadas no interior sergipano. Cada equipamento est\u00e1 avaliado em R$ 6,8 mil, perfazendo um investimento total de R$ 40,8 mil.<\/p>\n<p><strong><em>Acompanhe tamb\u00e9m o SE Not\u00edcias no\u00a0<a href=\"https:\/\/twitter.com\/Senoticias\" target=\"_blank\" rel=\"noreferrer noopener\">Twitter<\/a>,\u00a0<a href=\"https:\/\/www.facebook.com\/senoticias1\" target=\"_blank\" rel=\"noreferrer noopener\">Facebook<\/a>\u00a0e no\u00a0<a href=\"https:\/\/www.instagram.com\/senoticias\/\" target=\"_blank\" rel=\"noreferrer noopener\">Instagram<\/a><\/em><\/strong><\/p>\n<p>Fonte: Ag\u00eancia Sergipe de Not\u00edcias<\/p>\n<div class=\"post-tags\"><\/div>\n","protected":false},"excerpt":{"rendered":"<p>Para refor\u00e7ar a atua\u00e7\u00e3o estrat\u00e9gica em opera\u00e7\u00f5es de alta complexidade, o Governo de Sergipe, por meio da Secretaria de Estado da Seguran\u00e7a P\u00fablica (SSP) e da Pol\u00edcia Civil, concretizou a aquisi\u00e7\u00e3o de seis drones. Os equipamentos representam um avan\u00e7o significativo para o trabalho investigativo e t\u00e1tico das equipes, ampliando a capacidade de monitoramento e resposta [&hellip;]<\/p>\n","protected":false},"author":6557,"featured_media":0,"comment_status":"closed","ping_status":"closed","sticky":false,"template":"","format":"standard","meta":{"footnotes":""},"categories":[15,7],"tags":[11508,78,3687],"class_list":{"0":"post-149777","1":"post","2":"type-post","3":"status-publish","4":"format-standard","6":"category-destaques","7":"category-policia","8":"tag-drones","9":"tag-policia-civil","10":"tag-seguranca-publica"},"_links":{"self":[{"href":"https:\/\/senoticias.com.br\/se\/wp-json\/wp\/v2\/posts\/149777"}],"collection":[{"href":"https:\/\/senoticias.com.br\/se\/wp-json\/wp\/v2\/posts"}],"about":[{"href":"https:\/\/senoticias.com.br\/se\/wp-json\/wp\/v2\/types\/post"}],"author":[{"embeddable":true,"href":"https:\/\/senoticias.com.br\/se\/wp-json\/wp\/v2\/users\/6557"}],"replies":[{"embeddable":true,"href":"https:\/\/senoticias.com.br\/se\/wp-json\/wp\/v2\/comments?post=149777"}],"version-history":[{"count":0,"href":"https:\/\/senoticias.com.br\/se\/wp-json\/wp\/v2\/posts\/149777\/revisions"}],"wp:attachment":[{"href":"https:\/\/senoticias.com.br\/se\/wp-json\/wp\/v2\/media?parent=149777"}],"wp:term":[{"taxonomy":"category","embeddable":true,"href":"https:\/\/senoticias.com.br\/se\/wp-json\/wp\/v2\/categories?post=149777"},{"taxonomy":"post_tag","embeddable":true,"href":"https:\/\/senoticias.com.br\/se\/wp-json\/wp\/v2\/tags?post=149777"}],"curies":[{"name":"wp","href":"https:\/\/api.w.org\/{rel}","templated":true}]}}