{"id":149714,"date":"2025-10-12T18:26:17","date_gmt":"2025-10-12T21:26:17","guid":{"rendered":"https:\/\/senoticias.com.br\/se\/?p=149714"},"modified":"2025-10-12T18:28:41","modified_gmt":"2025-10-12T21:28:41","slug":"milhares-de-fieis-participam-da-romaria-em-nossa-senhora-aparecida","status":"publish","type":"post","link":"https:\/\/senoticias.com.br\/se\/milhares-de-fieis-participam-da-romaria-em-nossa-senhora-aparecida\/","title":{"rendered":"Romaria de Nossa Senhora Aparecida re\u00fane milhares de fi\u00e9is em Sergipe"},"content":{"rendered":"<p>Milhares de fi\u00e9is participaram neste domingo (12) da tradicional Romaria e Solenidade de Nossa Senhora da Concei\u00e7\u00e3o Aparecida, no munic\u00edpio de Nossa Senhora Aparecida, distante 90 km de Aracaju.<\/p>\n<p>Devotos vindos de v\u00e1rias cidades do estado \u2014 e at\u00e9 de outros estados \u2014 chegaram a p\u00e9, de carro, \u00f4nibus e bicicleta, em uma grande demonstra\u00e7\u00e3o de f\u00e9, gratid\u00e3o e devo\u00e7\u00e3o \u00e0 padroeira.<\/p>\n<p>A programa\u00e7\u00e3o come\u00e7ou ainda na madrugada, com missas a partir da meia-noite, e seguiu durante todo o dia. \u00c0s 6h, foi celebrada a Missa de Envio dos Romeiros na Capela Nossa Senhora da Esperan\u00e7a, no povoado Queimadas, em Ribeir\u00f3polis, marcando o in\u00edcio da 22\u00aa Romaria.<\/p>\n<p>O ponto alto ocorreu \u00e0s 10h, com a Missa Solene na Pra\u00e7a da Matriz, celebrada por Dom Josaf\u00e1 Menezes da Silva, arcebispo de Aracaju. \u00c0 tarde, os fi\u00e9is acompanharam a Prociss\u00e3o Solene, seguida da Missa de Encerramento dos Festejos de 2025, presidida pelo Padre Jo\u00e3o Paulo Santos de Souza, C.Ss.R., superior da Prov\u00edncia Redentorista de Bras\u00edlia.<\/p>\n<div id=\"attachment_149715\" style=\"width: 554px\" class=\"wp-caption aligncenter\"><a href=\"https:\/\/senoticias.com.br\/se\/wp-content\/uploads\/2025\/10\/ROMARIA-se-noticias.jpg\"><img loading=\"lazy\" decoding=\"async\" aria-describedby=\"caption-attachment-149715\" class=\"size-full wp-image-149715\" src=\"https:\/\/senoticias.com.br\/se\/wp-content\/uploads\/2025\/10\/ROMARIA-se-noticias.jpg\" alt=\"\" width=\"544\" height=\"341\" srcset=\"https:\/\/senoticias.com.br\/se\/wp-content\/uploads\/2025\/10\/ROMARIA-se-noticias.jpg 544w, https:\/\/senoticias.com.br\/se\/wp-content\/uploads\/2025\/10\/ROMARIA-se-noticias-300x188.jpg 300w, https:\/\/senoticias.com.br\/se\/wp-content\/uploads\/2025\/10\/ROMARIA-se-noticias-120x76.jpg 120w, https:\/\/senoticias.com.br\/se\/wp-content\/uploads\/2025\/10\/ROMARIA-se-noticias-274x173.jpg 274w, https:\/\/senoticias.com.br\/se\/wp-content\/uploads\/2025\/10\/ROMARIA-se-noticias-308x192.jpg 308w\" sizes=\"(max-width: 544px) 100vw, 544px\" \/><\/a><p id=\"caption-attachment-149715\" class=\"wp-caption-text\">O evento religioso foi marcado por muita f\u00e9 &#8211; Foto: Admarcos Santana\/arquivo<\/p><\/div>\n<p>A Pol\u00edcia Militar do Estado de Sergipe (PMSE) realizou, a Opera\u00e7\u00e3o Romaria, com o objetivo de garantir a seguran\u00e7a dos peregrinos e o ordenamento do tr\u00e2nsito durante todo o evento religioso.<\/p>\n<p>Cerca de 120 militares do 3\u00ba Batalh\u00e3o de Pol\u00edcia Militar (3\u00aa Companhia e GETAM), do Batalh\u00e3o de Pol\u00edcia Rodovi\u00e1ria Estadual (BPRv) e do Batalh\u00e3o de Pol\u00edcia de Caatinga (BPCaatinga) atuaram de forma integrada, assegurando que a interdi\u00e7\u00e3o da rodovia SE-175 ocorresse de maneira segura e organizada.<\/p>\n<p>As equipes da PMSE tamb\u00e9m realizaram patrulhamento nas rodovias SE-175, SE-240 e SE-331, abrangendo os munic\u00edpios de Ribeir\u00f3polis, Moita Bonita, Nossa Senhora da Gl\u00f3ria e S\u00e3o Miguel do Aleixo.<\/p>\n<p>Com a\u00e7\u00f5es preventivas, orienta\u00e7\u00f5es aos condutores e presen\u00e7a constante nas estradas, a corpora\u00e7\u00e3o reafirmou sua miss\u00e3o de proteger vidas e garantir que os fi\u00e9is vivam plenamente esse importante momento de f\u00e9 e espiritualidade.<\/p>\n<p><strong><em>Acompanhe tamb\u00e9m o SE Not\u00edcias no\u00a0<a href=\"https:\/\/twitter.com\/Senoticias\" target=\"_blank\" rel=\"noreferrer noopener\">Twitter<\/a>,\u00a0<a href=\"https:\/\/www.facebook.com\/senoticias1\" target=\"_blank\" rel=\"noreferrer noopener\">Facebook<\/a>\u00a0e no\u00a0<a href=\"https:\/\/www.instagram.com\/senoticias\/\" target=\"_blank\" rel=\"noreferrer noopener\">Instagram<\/a><\/em><\/strong><\/p>\n<p>Fonte: Itnet e PM\/SE<\/p>\n","protected":false},"excerpt":{"rendered":"<p>Milhares de fi\u00e9is participaram neste domingo (12) da tradicional Romaria e Solenidade de Nossa Senhora da Concei\u00e7\u00e3o Aparecida, no munic\u00edpio de Nossa Senhora Aparecida, distante 90 km de Aracaju. Devotos vindos de v\u00e1rias cidades do estado \u2014 e at\u00e9 de outros estados \u2014 chegaram a p\u00e9, de carro, \u00f4nibus e bicicleta, em uma grande demonstra\u00e7\u00e3o [&hellip;]<\/p>\n","protected":false},"author":6557,"featured_media":149715,"comment_status":"closed","ping_status":"closed","sticky":false,"template":"","format":"standard","meta":{"footnotes":""},"categories":[15,46],"tags":[6368,13174],"class_list":{"0":"post-149714","1":"post","2":"type-post","3":"status-publish","4":"format-standard","5":"has-post-thumbnail","7":"category-destaques","8":"category-religiao","9":"tag-romaria","10":"tag-romaria-de-nossa-senhora-aparecida"},"_links":{"self":[{"href":"https:\/\/senoticias.com.br\/se\/wp-json\/wp\/v2\/posts\/149714"}],"collection":[{"href":"https:\/\/senoticias.com.br\/se\/wp-json\/wp\/v2\/posts"}],"about":[{"href":"https:\/\/senoticias.com.br\/se\/wp-json\/wp\/v2\/types\/post"}],"author":[{"embeddable":true,"href":"https:\/\/senoticias.com.br\/se\/wp-json\/wp\/v2\/users\/6557"}],"replies":[{"embeddable":true,"href":"https:\/\/senoticias.com.br\/se\/wp-json\/wp\/v2\/comments?post=149714"}],"version-history":[{"count":0,"href":"https:\/\/senoticias.com.br\/se\/wp-json\/wp\/v2\/posts\/149714\/revisions"}],"wp:featuredmedia":[{"embeddable":true,"href":"https:\/\/senoticias.com.br\/se\/wp-json\/wp\/v2\/media\/149715"}],"wp:attachment":[{"href":"https:\/\/senoticias.com.br\/se\/wp-json\/wp\/v2\/media?parent=149714"}],"wp:term":[{"taxonomy":"category","embeddable":true,"href":"https:\/\/senoticias.com.br\/se\/wp-json\/wp\/v2\/categories?post=149714"},{"taxonomy":"post_tag","embeddable":true,"href":"https:\/\/senoticias.com.br\/se\/wp-json\/wp\/v2\/tags?post=149714"}],"curies":[{"name":"wp","href":"https:\/\/api.w.org\/{rel}","templated":true}]}}