{"id":149284,"date":"2025-09-11T05:22:36","date_gmt":"2025-09-11T08:22:36","guid":{"rendered":"https:\/\/senoticias.com.br\/se\/?p=149284"},"modified":"2025-09-11T05:22:36","modified_gmt":"2025-09-11T08:22:36","slug":"descubra-aracaju-divulga-programacao-do-final-de-semana","status":"publish","type":"post","link":"https:\/\/senoticias.com.br\/se\/descubra-aracaju-divulga-programacao-do-final-de-semana\/","title":{"rendered":"\u201cDescubra Aracaju\u201d divulga programa\u00e7\u00e3o do final de semana"},"content":{"rendered":"<p>Neste final de semana, o projeto permanente \u201cDescubra Aracaju\u201d ter\u00e1 duas edi\u00e7\u00f5es: Mirando as Artes e Pra\u00e7a Tobias Barreto. A iniciativa torna-se poss\u00edvel gra\u00e7as a um termo de fomento firmado entre a Prefeitura de Aracaju, por meio da Secretaria Municipal do Turismo (Setur), e a Federa\u00e7\u00e3o do Com\u00e9rcio de Bens, Servi\u00e7os e Turismo do Estado de Sergipe (Fecom\u00e9rcio-SE).<\/p>\n<div id=\"attachment_149285\" style=\"width: 586px\" class=\"wp-caption aligncenter\"><a href=\"https:\/\/senoticias.com.br\/se\/wp-content\/uploads\/2025\/09\/descubra-aracaju-se-noticias.jpg\"><img loading=\"lazy\" decoding=\"async\" aria-describedby=\"caption-attachment-149285\" class=\"size-full wp-image-149285\" src=\"https:\/\/senoticias.com.br\/se\/wp-content\/uploads\/2025\/09\/descubra-aracaju-se-noticias.jpg\" alt=\"\" width=\"576\" height=\"346\" srcset=\"https:\/\/senoticias.com.br\/se\/wp-content\/uploads\/2025\/09\/descubra-aracaju-se-noticias.jpg 576w, https:\/\/senoticias.com.br\/se\/wp-content\/uploads\/2025\/09\/descubra-aracaju-se-noticias-300x180.jpg 300w\" sizes=\"(max-width: 576px) 100vw, 576px\" \/><\/a><p id=\"caption-attachment-149285\" class=\"wp-caption-text\">O projeto acontece no Mirante da 13 de Julho e na Pra\u00e7a Tobias Barreto &#8211; Foto: ascom\/divulga\u00e7\u00e3o<\/p><\/div>\n<p><strong>Confira a programa\u00e7\u00e3o completa:<\/strong><\/p>\n<p>Descubra Aracaju \u2013 Edi\u00e7\u00e3o Mirando as Artes<br \/>\nSexta-feira, 12\/09 \u2013 Mirante da 13 de Julho<br \/>\n18h \u2013 Oliver Duo<br \/>\n20h \u2013 Petrel<br \/>\n*Exposi\u00e7\u00e3o Mem\u00f3rias Bordadas<br \/>\n*Feira de Empreendedorismo da NG Eventos, a partir das 16h.<\/p>\n<p>Descubra Aracaju \u2013 Edi\u00e7\u00e3o Pra\u00e7a Tobias Barreto<br \/>\nDomingo, 14\/09 \u2013 Pra\u00e7a Tobias Barreto<br \/>\n16h30 \u2013 Karaok\u00ea<br \/>\n18h \u2013 Nasio<br \/>\n20h \u2013 Z\u00e9 &amp; Banda<\/p>\n<p><strong>Mem\u00f3rias Bordadas<\/strong><\/p>\n<p>At\u00e9 o final do m\u00eas de setembro, de segunda a s\u00e1bado, das 8h \u00e0s 12h e das 13h \u00e0s 17h, o Mirante da 13 de Julho recebe a exposi\u00e7\u00e3o \u201cMem\u00f3rias Bordadas\u201d, de Maria G\u00f3es, artista sergipana que transforma lembran\u00e7as de sua inf\u00e2ncia no sert\u00e3o em delicados bordados. Cada ponto de linha resgata cenas simples e afetivas desse per\u00edodo, revelando a for\u00e7a po\u00e9tica da mem\u00f3ria e convidando o p\u00fablico a costurar suas pr\u00f3prias recorda\u00e7\u00f5es a partir das imagens tecidas.<\/p>\n<p>Nascida em 1935, em Nossa Senhora da Gl\u00f3ria (SE), Maria construiu uma trajet\u00f3ria marcada pela busca de novos caminhos. J\u00e1 aposentada, reencontrou na arte um espa\u00e7o de express\u00e3o e identidade, consolidando-se como refer\u00eancia ao retratar, em tecidos e fios, a vida interiorana e a cultura nordestina. Hoje, segue celebrada por obras que unem delicadeza, mem\u00f3ria e pertencimento regional.<\/p>\n<p><strong><em>Acompanhe tamb\u00e9m o SE Not\u00edcias no\u00a0<a href=\"https:\/\/twitter.com\/Senoticias\" target=\"_blank\" rel=\"noreferrer noopener\">Twitter<\/a>,\u00a0<a href=\"https:\/\/www.facebook.com\/senoticias1\" target=\"_blank\" rel=\"noreferrer noopener\">Facebook<\/a>\u00a0e no\u00a0<a href=\"https:\/\/www.instagram.com\/senoticias\/\" target=\"_blank\" rel=\"noreferrer noopener\">Instagram<\/a><\/em><\/strong><\/p>\n<p>Fonte: Assessoria de Imprensa<\/p>\n","protected":false},"excerpt":{"rendered":"<p>Neste final de semana, o projeto permanente \u201cDescubra Aracaju\u201d ter\u00e1 duas edi\u00e7\u00f5es: Mirando as Artes e Pra\u00e7a Tobias Barreto. A iniciativa torna-se poss\u00edvel gra\u00e7as a um termo de fomento firmado entre a Prefeitura de Aracaju, por meio da Secretaria Municipal do Turismo (Setur), e a Federa\u00e7\u00e3o do Com\u00e9rcio de Bens, Servi\u00e7os e Turismo do Estado [&hellip;]<\/p>\n","protected":false},"author":6557,"featured_media":149285,"comment_status":"closed","ping_status":"closed","sticky":false,"template":"","format":"standard","meta":{"footnotes":""},"categories":[15,21],"tags":[43693,2467,44227],"class_list":{"0":"post-149284","1":"post","2":"type-post","3":"status-publish","4":"format-standard","5":"has-post-thumbnail","7":"category-destaques","8":"category-entretenimento","9":"tag-descubra-aracaju","10":"tag-mirante-da-13-de-julho","11":"tag-praca-tobias-barreto"},"_links":{"self":[{"href":"https:\/\/senoticias.com.br\/se\/wp-json\/wp\/v2\/posts\/149284"}],"collection":[{"href":"https:\/\/senoticias.com.br\/se\/wp-json\/wp\/v2\/posts"}],"about":[{"href":"https:\/\/senoticias.com.br\/se\/wp-json\/wp\/v2\/types\/post"}],"author":[{"embeddable":true,"href":"https:\/\/senoticias.com.br\/se\/wp-json\/wp\/v2\/users\/6557"}],"replies":[{"embeddable":true,"href":"https:\/\/senoticias.com.br\/se\/wp-json\/wp\/v2\/comments?post=149284"}],"version-history":[{"count":0,"href":"https:\/\/senoticias.com.br\/se\/wp-json\/wp\/v2\/posts\/149284\/revisions"}],"wp:featuredmedia":[{"embeddable":true,"href":"https:\/\/senoticias.com.br\/se\/wp-json\/wp\/v2\/media\/149285"}],"wp:attachment":[{"href":"https:\/\/senoticias.com.br\/se\/wp-json\/wp\/v2\/media?parent=149284"}],"wp:term":[{"taxonomy":"category","embeddable":true,"href":"https:\/\/senoticias.com.br\/se\/wp-json\/wp\/v2\/categories?post=149284"},{"taxonomy":"post_tag","embeddable":true,"href":"https:\/\/senoticias.com.br\/se\/wp-json\/wp\/v2\/tags?post=149284"}],"curies":[{"name":"wp","href":"https:\/\/api.w.org\/{rel}","templated":true}]}}