{"id":149281,"date":"2025-09-10T21:40:10","date_gmt":"2025-09-11T00:40:10","guid":{"rendered":"https:\/\/senoticias.com.br\/se\/?p=149281"},"modified":"2025-09-11T05:03:05","modified_gmt":"2025-09-11T08:03:05","slug":"policia-militar-prende-suspeito-por-tentativa-de-homicidio-contra-sindico-no-bairro-jardins","status":"publish","type":"post","link":"https:\/\/senoticias.com.br\/se\/policia-militar-prende-suspeito-por-tentativa-de-homicidio-contra-sindico-no-bairro-jardins\/","title":{"rendered":"Pol\u00edcia Militar prende suspeito por tentativa de homic\u00eddio contra s\u00edndico no Bairro Jardins"},"content":{"rendered":"<p>Policiais militares do Batalh\u00e3o de Policiamento Tur\u00edstico (BPTur prenderam em flagrante na manh\u00e3 desta ter\u00e7a-feira, 10, um homem suspeito de tentar contra a vida do s\u00edndico de um condom\u00ednio no Bairro Jardins, em Aracaju. A v\u00edtima foi agredida com uma arma branca e sofreu ferimentos. O suspeito foi detido no local e conduzido \u00e0 delegacia.<\/p>\n<p>A ocorr\u00eancia foi registrada por volta das 11h, quando a equipe do BPTur foi acionada via Centro Integrado de Opera\u00e7\u00f5es em Seguran\u00e7a P\u00fablica (Ciosp) para atender a um chamado de tentativa de homic\u00eddio. Chegando ao condom\u00ednio na Avenida Jorge Amado, os policiais encontraram o agressor j\u00e1 contido por um dos moradores.<\/p>\n<div id=\"attachment_149282\" style=\"width: 570px\" class=\"wp-caption aligncenter\"><a href=\"https:\/\/senoticias.com.br\/se\/wp-content\/uploads\/2025\/09\/PMSE-SE-Noticias.jpg\"><img loading=\"lazy\" decoding=\"async\" aria-describedby=\"caption-attachment-149282\" class=\"size-full wp-image-149282\" src=\"https:\/\/senoticias.com.br\/se\/wp-content\/uploads\/2025\/09\/PMSE-SE-Noticias.jpg\" alt=\"\" width=\"560\" height=\"374\" srcset=\"https:\/\/senoticias.com.br\/se\/wp-content\/uploads\/2025\/09\/PMSE-SE-Noticias.jpg 560w, https:\/\/senoticias.com.br\/se\/wp-content\/uploads\/2025\/09\/PMSE-SE-Noticias-300x200.jpg 300w, https:\/\/senoticias.com.br\/se\/wp-content\/uploads\/2025\/09\/PMSE-SE-Noticias-90x60.jpg 90w, https:\/\/senoticias.com.br\/se\/wp-content\/uploads\/2025\/09\/PMSE-SE-Noticias-180x120.jpg 180w, https:\/\/senoticias.com.br\/se\/wp-content\/uploads\/2025\/09\/PMSE-SE-Noticias-95x64.jpg 95w\" sizes=\"(max-width: 560px) 100vw, 560px\" \/><\/a><p id=\"caption-attachment-149282\" class=\"wp-caption-text\"><br \/>PMSE foi acionada pelo Ciosp &#8211; Foto: SSP\/SE<\/p><\/div>\n<p>Segundo o relato do s\u00edndico, o agressor estava prestando um servi\u00e7o no im\u00f3vel quando, sem motivo aparente, o atacou com uma arma branca. Devido ao seu estado de desorienta\u00e7\u00e3o e falas desconexas, o suspeito precisou ser algemado para garantir a seguran\u00e7a de todos no local.<\/p>\n<p>A equipe policial preservou o local do crime, prestou apoio \u00e0 v\u00edtima e encaminhou o agressor \u00e0 2\u00aa Delegacia para que as medidas legais cab\u00edveis fossem tomadas. A arma utilizada no delito tamb\u00e9m foi apreendida e entregue \u00e0s autoridades.<\/p>\n<p><strong><em>Acompanhe tamb\u00e9m o SE Not\u00edcias no\u00a0<a href=\"https:\/\/twitter.com\/Senoticias\" target=\"_blank\" rel=\"noreferrer noopener\">Twitter<\/a>,\u00a0<a href=\"https:\/\/www.facebook.com\/senoticias1\" target=\"_blank\" rel=\"noreferrer noopener\">Facebook<\/a>\u00a0e no\u00a0<a href=\"https:\/\/www.instagram.com\/senoticias\/\" target=\"_blank\" rel=\"noreferrer noopener\">Instagram<\/a><\/em><\/strong><\/p>\n<p>Fonte: Ascom PM\/SE<\/p>\n","protected":false},"excerpt":{"rendered":"<p>Policiais militares do Batalh\u00e3o de Policiamento Tur\u00edstico (BPTur prenderam em flagrante na manh\u00e3 desta ter\u00e7a-feira, 10, um homem suspeito de tentar contra a vida do s\u00edndico de um condom\u00ednio no Bairro Jardins, em Aracaju. A v\u00edtima foi agredida com uma arma branca e sofreu ferimentos. O suspeito foi detido no local e conduzido \u00e0 delegacia. [&hellip;]<\/p>\n","protected":false},"author":6557,"featured_media":149282,"comment_status":"closed","ping_status":"closed","sticky":false,"template":"","format":"standard","meta":{"footnotes":""},"categories":[15,7,1],"tags":[2182,86,44226,3291],"class_list":{"0":"post-149281","1":"post","2":"type-post","3":"status-publish","4":"format-standard","5":"has-post-thumbnail","7":"category-destaques","8":"category-policia","9":"category-sem-categoria","10":"tag-pmse","11":"tag-policia-militar","12":"tag-sindico","13":"tag-tentativa-de-homicidio"},"_links":{"self":[{"href":"https:\/\/senoticias.com.br\/se\/wp-json\/wp\/v2\/posts\/149281"}],"collection":[{"href":"https:\/\/senoticias.com.br\/se\/wp-json\/wp\/v2\/posts"}],"about":[{"href":"https:\/\/senoticias.com.br\/se\/wp-json\/wp\/v2\/types\/post"}],"author":[{"embeddable":true,"href":"https:\/\/senoticias.com.br\/se\/wp-json\/wp\/v2\/users\/6557"}],"replies":[{"embeddable":true,"href":"https:\/\/senoticias.com.br\/se\/wp-json\/wp\/v2\/comments?post=149281"}],"version-history":[{"count":0,"href":"https:\/\/senoticias.com.br\/se\/wp-json\/wp\/v2\/posts\/149281\/revisions"}],"wp:featuredmedia":[{"embeddable":true,"href":"https:\/\/senoticias.com.br\/se\/wp-json\/wp\/v2\/media\/149282"}],"wp:attachment":[{"href":"https:\/\/senoticias.com.br\/se\/wp-json\/wp\/v2\/media?parent=149281"}],"wp:term":[{"taxonomy":"category","embeddable":true,"href":"https:\/\/senoticias.com.br\/se\/wp-json\/wp\/v2\/categories?post=149281"},{"taxonomy":"post_tag","embeddable":true,"href":"https:\/\/senoticias.com.br\/se\/wp-json\/wp\/v2\/tags?post=149281"}],"curies":[{"name":"wp","href":"https:\/\/api.w.org\/{rel}","templated":true}]}}