{"id":149267,"date":"2025-09-10T12:54:48","date_gmt":"2025-09-10T15:54:48","guid":{"rendered":"https:\/\/senoticias.com.br\/se\/?p=149267"},"modified":"2025-09-10T16:02:40","modified_gmt":"2025-09-10T19:02:40","slug":"artesas-e-artesaos-sergipanos-participam-da-feira-nacional-de-artesanato-e-cultura-do-ceara-com-apoio-do-governo","status":"publish","type":"post","link":"https:\/\/senoticias.com.br\/se\/artesas-e-artesaos-sergipanos-participam-da-feira-nacional-de-artesanato-e-cultura-do-ceara-com-apoio-do-governo\/","title":{"rendered":"Artes\u00e3s e artes\u00e3os sergipanos participam da Feira Nacional de Artesanato e Cultura do Cear\u00e1 com apoio do Governo"},"content":{"rendered":"<p>Dez artes\u00e3s e artes\u00e3os sergipanos viajaram a Fortaleza para levar o melhor do talento manual local \u00e0 7\u00aa edi\u00e7\u00e3o da Feira Nacional de Artesanato e Cultura do Cear\u00e1 (Fenacce), que acontece at\u00e9 o dia 14 de setembro, no Centro de Eventos do Cear\u00e1, em Fortaleza\/CE. Com o apoio do Governo de Sergipe, por meio da Secretaria de Estado do Trabalho, Emprego e Empreendedorismo (Seteem), a cultura e a tradi\u00e7\u00e3o sergipanas est\u00e3o representadas em uma das maiores feiras de artesanato do Brasil.<\/p>\n<div id=\"attachment_149268\" style=\"width: 609px\" class=\"wp-caption aligncenter\"><a href=\"https:\/\/senoticias.com.br\/se\/wp-content\/uploads\/2025\/09\/IMG_2388-e1757519631338.jpeg\"><img loading=\"lazy\" decoding=\"async\" aria-describedby=\"caption-attachment-149268\" class=\"size-full wp-image-149268\" src=\"https:\/\/senoticias.com.br\/se\/wp-content\/uploads\/2025\/09\/IMG_2388-e1757519631338.jpeg\" alt=\"\" width=\"599\" height=\"332\" \/><\/a><p id=\"caption-attachment-149268\" class=\"wp-caption-text\">Com o tema \u201cArte que d\u00e1 o tom\u201d, a Fenacce segue at\u00e9 domingo, 14, com mais de 400 vitrines &#8211;<br \/>Foto: Morgana Caroline<\/p><\/div>\n<p>Renda irlandesa, madeira, bordado fil\u00e9, cer\u00e2mica, palha de ouricuri, macram\u00ea, palha de taboa, esqueletiza\u00e7\u00e3o de folha, bordado ponto de cruz, fuxico e pintura em vitral s\u00e3o as tipologias que est\u00e3o representando a diversidade do artesanato sergipano na Fenacce.<\/p>\n<p>Para a artes\u00e3 Camila Vit\u00f3ria, do munic\u00edpio de Pacatuba, que trabalha com palha de taboa, a Fenacce \u00e9 uma grande oportunidade para mostrar seu artesanato e expandir as vendas. \u00c9 a primeira vez que ela participa de uma feira nacional. \u201cEstou muito feliz de representar Sergipe e, tamb\u00e9m, muito orgulhosa de trazer o artesanato do meu estado para c\u00e1. Vendi seis bolsas, at\u00e9 o momento, e estou muito feliz. Foi a primeira de muitas vendas, a expectativa est\u00e1 a mil\u201d, ressaltou.<\/p>\n<p>O artes\u00e3o ceramista de Santana do S\u00e3o Francisco, Luis dos Santos, come\u00e7ou a feira festejando muitas vendas j\u00e1 no primeiro dia. \u201cPerdi as contas de quantas pe\u00e7as eu j\u00e1 vendi, e, hoje, \u00e9 o primeiro dia, apenas. Espero que nos outros dias as prateleiras fiquem vazias\u201d, comemorou.<\/p>\n<p>J\u00e1 a artes\u00e3 L\u00facia Helena, que trabalha com flor e fuxico, quer repetir e aumentar o sucesso de vendas na Fenacce do ano passado. \u201cA expectativa \u00e9 a melhor poss\u00edvel. Foi uma viagem muito cansativa, mas s\u00f3 de pensar no prazer de estar aqui, de mostrar nossa arte, de fazer sucesso como nas outras feiras, como na Fenacce do ano passado, esperamos um sucesso ainda maior, a expectativa \u00e9 grande\u201d, considerou.<\/p>\n<p>O artesanato sergipano chamou aten\u00e7\u00e3o da visitante J\u00e9ssica Fernandes Pacheco. \u201cAchei maravilhoso, incr\u00edvel. \u00c9 de uma riqueza de detalhes, que eu estava ali passando e tive que voltar para ver de perto como era maravilhoso, \u00e9 sensacional. Aqui, voc\u00ea vai passando e n\u00e3o encontra nada igual. Ent\u00e3o, a gente fica at\u00e9 sem palavras porque n\u00e3o tem como explicar tamanha beleza\u201d, enfatizou.<\/p>\n<p>N\u00e3o s\u00f3 visitantes, mas, tamb\u00e9m, lojistas de outros estados ficaram encantados com o estande de Sergipe. Foi o caso dos lojistas Thuany Santos e Lucas Negreiros. \u201cSomos do interior do Rio Grande do Norte e o que chamou aten\u00e7\u00e3o da gente foram todas essas artes de cer\u00e2mica, que \u00e9 uma coisa que a gente gosta muito. E um dos itens que estamos levando s\u00e3o esses cajus que achamos super realistas. Estamos levando v\u00e1rios para colocar na nossa decora\u00e7\u00e3o, a gente amou\u201d, destacou Thuany.<\/p>\n<p>Com o tema \u201cArte que d\u00e1 o tom\u201d, a Fenacce segue at\u00e9 domingo, 14, com mais de 400 vitrines, e a expectativa \u00e9 receber mais de 4.500 artes\u00e3os de todas as regi\u00f5es do Brasil. Ser\u00e1 uma oportunidade singular para a divulga\u00e7\u00e3o do artesanato e cultura sergipanos, atraindo n\u00e3o apenas olhares, mas tamb\u00e9m novos neg\u00f3cios e investimentos para o estado.<\/p>\n<p><strong><em>Acompanhe tamb\u00e9m o SE Not\u00edcias no\u00a0<a href=\"https:\/\/twitter.com\/Senoticias\" target=\"_blank\" rel=\"noreferrer noopener\">Twitter<\/a>,\u00a0<a href=\"https:\/\/www.facebook.com\/senoticias1\" target=\"_blank\" rel=\"noreferrer noopener\">Facebook<\/a>\u00a0e no\u00a0<a href=\"https:\/\/www.instagram.com\/senoticias\/\" target=\"_blank\" rel=\"noreferrer noopener\">Instagram<\/a><\/em><\/strong><\/p>\n<p>Fonte: Ag\u00eancia Sergipe de Not\u00edcias<\/p>\n","protected":false},"excerpt":{"rendered":"<p>Dez artes\u00e3s e artes\u00e3os sergipanos viajaram a Fortaleza para levar o melhor do talento manual local \u00e0 7\u00aa edi\u00e7\u00e3o da Feira Nacional de Artesanato e Cultura do Cear\u00e1 (Fenacce), que acontece at\u00e9 o dia 14 de setembro, no Centro de Eventos do Cear\u00e1, em Fortaleza\/CE. Com o apoio do Governo de Sergipe, por meio da [&hellip;]<\/p>\n","protected":false},"author":6557,"featured_media":149268,"comment_status":"closed","ping_status":"closed","sticky":false,"template":"","format":"standard","meta":{"footnotes":""},"categories":[15,21,6],"tags":[42502,44224],"class_list":{"0":"post-149267","1":"post","2":"type-post","3":"status-publish","4":"format-standard","5":"has-post-thumbnail","7":"category-destaques","8":"category-entretenimento","9":"category-politica","10":"tag-artesaos","11":"tag-feira-nacional-do-artesanato-e-cultura-do-ceara"},"_links":{"self":[{"href":"https:\/\/senoticias.com.br\/se\/wp-json\/wp\/v2\/posts\/149267"}],"collection":[{"href":"https:\/\/senoticias.com.br\/se\/wp-json\/wp\/v2\/posts"}],"about":[{"href":"https:\/\/senoticias.com.br\/se\/wp-json\/wp\/v2\/types\/post"}],"author":[{"embeddable":true,"href":"https:\/\/senoticias.com.br\/se\/wp-json\/wp\/v2\/users\/6557"}],"replies":[{"embeddable":true,"href":"https:\/\/senoticias.com.br\/se\/wp-json\/wp\/v2\/comments?post=149267"}],"version-history":[{"count":0,"href":"https:\/\/senoticias.com.br\/se\/wp-json\/wp\/v2\/posts\/149267\/revisions"}],"wp:featuredmedia":[{"embeddable":true,"href":"https:\/\/senoticias.com.br\/se\/wp-json\/wp\/v2\/media\/149268"}],"wp:attachment":[{"href":"https:\/\/senoticias.com.br\/se\/wp-json\/wp\/v2\/media?parent=149267"}],"wp:term":[{"taxonomy":"category","embeddable":true,"href":"https:\/\/senoticias.com.br\/se\/wp-json\/wp\/v2\/categories?post=149267"},{"taxonomy":"post_tag","embeddable":true,"href":"https:\/\/senoticias.com.br\/se\/wp-json\/wp\/v2\/tags?post=149267"}],"curies":[{"name":"wp","href":"https:\/\/api.w.org\/{rel}","templated":true}]}}