{"id":149265,"date":"2025-09-10T11:40:24","date_gmt":"2025-09-10T14:40:24","guid":{"rendered":"https:\/\/senoticias.com.br\/se\/?p=149265"},"modified":"2025-09-10T11:40:24","modified_gmt":"2025-09-10T14:40:24","slug":"secretaria-de-estado-da-justica-apura-vazamento-de-fotos-da-medica-daniele-barreto-no-presidio-feminino","status":"publish","type":"post","link":"https:\/\/senoticias.com.br\/se\/secretaria-de-estado-da-justica-apura-vazamento-de-fotos-da-medica-daniele-barreto-no-presidio-feminino\/","title":{"rendered":"Secretaria de Estado da Justi\u00e7a apura vazamento de fotos da m\u00e9dica Daniele Barreto no Pres\u00eddio Feminino"},"content":{"rendered":"<div id=\"attachment_149266\" style=\"width: 301px\" class=\"wp-caption alignleft\"><a href=\"https:\/\/senoticias.com.br\/se\/wp-content\/uploads\/2025\/09\/Advogado-Fabio-Brito-SE-Noticias.jpeg\"><img loading=\"lazy\" decoding=\"async\" aria-describedby=\"caption-attachment-149266\" class=\"size-full wp-image-149266\" src=\"https:\/\/senoticias.com.br\/se\/wp-content\/uploads\/2025\/09\/Advogado-Fabio-Brito-SE-Noticias.jpeg\" alt=\"\" width=\"291\" height=\"273\" \/><\/a><p id=\"caption-attachment-149266\" class=\"wp-caption-text\">Advogado contesta protocolos adotados no pres\u00eddio para Daniele Barreto\/Foto: reprodu\u00e7\u00e3o<\/p><\/div>\n<p>A m\u00e9dica Daniele Barreto, de 47 anos, estava presa preventivamente, acusada de planejar o assassinato do esposo, o advogado Jos\u00e9 Lael Filho, em outubro de 2024, crime que gerou grande repercuss\u00e3o no estado. Na ter\u00e7a-feira, 9, ap\u00f3s audi\u00eancia de cust\u00f3dia que determinou sua sa\u00edda de uma cl\u00ednica de repouso, ela retornou ao Pres\u00eddio Feminino (Prefem), em Nossa Senhora do Socorro, onde deveria permanecer sob acompanhamento psiqui\u00e1trico.<\/p>\n<p>Horas depois de ser reconduzida \u00e0 cela, Daniele foi encontrada desacordada. O \u00f3bito foi confirmado por equipe do Servi\u00e7o de Atendimento M\u00f3vel de Urg\u00eancia (Samu). O Instituto M\u00e9dico Legal (IML) e o Instituto de Criminal\u00edstica (IC) realizaram a per\u00edcia no local.<\/p>\n<p><strong>Cr\u00edticas da defesa<br \/>\n<\/strong><br \/>\nO advogado de Daniele, F\u00e1bio Trindade, criticou a decis\u00e3o da Justi\u00e7a de reconduzi-la ao pres\u00eddio, alegando que sua cliente havia alertado sobre os riscos \u00e0 pr\u00f3pria vida.<br \/>\n\u201cEu nunca imaginei que fossem cumprir um mandado de pris\u00e3o em uma pessoa em tratamento, tratamento esse por tempo indeterminado. Ela foi retirada do tratamento e colocada para a morte\u201d, afirmou \u00e0 TV Atalaia.<\/p>\n<p>Segundo ele, Daniele apresentava sinais graves de sofrimento, como automutila\u00e7\u00e3o e pensamentos suicidas, e chegou a avisar na audi\u00eancia de cust\u00f3dia que n\u00e3o resistiria ao retorno. \u201cA \u00faltima palavra que Dani disse l\u00e1 na audi\u00eancia \u00e9 que se viesse pra c\u00e1, ela iria fazer isso. Disse pra mim, pro irm\u00e3o, pra cunhada, a todos que estavam presentes. Eu alertei de todas as formas, eu documentei, eu disse que ela n\u00e3o podia vir\u201d, refor\u00e7ou Trindade.<\/p>\n<p><strong>Vazamento de imagens<br \/>\n<\/strong><br \/>\nPoucas horas ap\u00f3s a confirma\u00e7\u00e3o da morte, fotos que mostravam a m\u00e9dica e a cela onde ela estava custodiada come\u00e7aram a circular nas redes sociais.<\/p>\n<p>A Secretaria de Estado da Justi\u00e7a e de Defesa do Consumidor de Sergipe (Sejuc) informou ter instaurado procedimentos internos e policiais para apurar o vazamento. Em entrevista nesta quarta-feira, 10, a secret\u00e1ria da Sejuc, Viviane Pessoa, disse que o epis\u00f3dio ser\u00e1 tratado com rigor: \u201cTemos um procedimento da corregedoria e outro da esfera policial para descobrir quem deu causa ao vazamento\u201d.<\/p>\n<p>Viviane ressaltou que, durante os quatro meses em que Daniele esteve sob cust\u00f3dia, nenhuma imagem havia sido divulgada, apesar da repercuss\u00e3o nacional do caso. \u201cA interna foi preservada durante todo o tempo. Ontem, com o acesso de diversas equipes, ocorreu esse vazamento. Quem repassou ou teve acesso tem responsabilidade\u201d, destacou.<\/p>\n<p>A secret\u00e1ria tamb\u00e9m fez um apelo \u00e0 popula\u00e7\u00e3o: \u201cN\u00e3o repassem. A responsabilidade \u00e9 de todos. Preservar a dignidade humana \u00e9 um compromisso do sistema prisional sergipano\u201d.<\/p>\n<p><strong><em>Acompanhe tamb\u00e9m o SE Not\u00edcias no\u00a0<a href=\"https:\/\/twitter.com\/Senoticias\" target=\"_blank\" rel=\"noreferrer noopener\">Twitter<\/a>,\u00a0<a href=\"https:\/\/www.facebook.com\/senoticias1\" target=\"_blank\" rel=\"noreferrer noopener\">Facebook<\/a>\u00a0e no\u00a0<a href=\"https:\/\/www.instagram.com\/senoticias\/\" target=\"_blank\" rel=\"noreferrer noopener\">Instagram<\/a><\/em><\/strong><\/p>\n<p>Reda\u00e7\u00e3o, com informa\u00e7\u00f5es da FANF1 e Infonet<\/p>\n","protected":false},"excerpt":{"rendered":"<p>A m\u00e9dica Daniele Barreto, de 47 anos, estava presa preventivamente, acusada de planejar o assassinato do esposo, o advogado Jos\u00e9 Lael Filho, em outubro de 2024, crime que gerou grande repercuss\u00e3o no estado. Na ter\u00e7a-feira, 9, ap\u00f3s audi\u00eancia de cust\u00f3dia que determinou sua sa\u00edda de uma cl\u00ednica de repouso, ela retornou ao Pres\u00eddio Feminino (Prefem), [&hellip;]<\/p>\n","protected":false},"author":6557,"featured_media":149266,"comment_status":"closed","ping_status":"closed","sticky":false,"template":"","format":"standard","meta":{"footnotes":""},"categories":[15,7],"tags":[44223,42677,43658,14555,11529,2327],"class_list":{"0":"post-149265","1":"post","2":"type-post","3":"status-publish","4":"format-standard","5":"has-post-thumbnail","7":"category-destaques","8":"category-policia","9":"tag-advogado-fabio-brito","10":"tag-daniele-barreto","11":"tag-medica-daniele-barreto","12":"tag-secretaria-de-estado-da-justica","13":"tag-secretaria-de-justica","14":"tag-sejuc"},"_links":{"self":[{"href":"https:\/\/senoticias.com.br\/se\/wp-json\/wp\/v2\/posts\/149265"}],"collection":[{"href":"https:\/\/senoticias.com.br\/se\/wp-json\/wp\/v2\/posts"}],"about":[{"href":"https:\/\/senoticias.com.br\/se\/wp-json\/wp\/v2\/types\/post"}],"author":[{"embeddable":true,"href":"https:\/\/senoticias.com.br\/se\/wp-json\/wp\/v2\/users\/6557"}],"replies":[{"embeddable":true,"href":"https:\/\/senoticias.com.br\/se\/wp-json\/wp\/v2\/comments?post=149265"}],"version-history":[{"count":0,"href":"https:\/\/senoticias.com.br\/se\/wp-json\/wp\/v2\/posts\/149265\/revisions"}],"wp:featuredmedia":[{"embeddable":true,"href":"https:\/\/senoticias.com.br\/se\/wp-json\/wp\/v2\/media\/149266"}],"wp:attachment":[{"href":"https:\/\/senoticias.com.br\/se\/wp-json\/wp\/v2\/media?parent=149265"}],"wp:term":[{"taxonomy":"category","embeddable":true,"href":"https:\/\/senoticias.com.br\/se\/wp-json\/wp\/v2\/categories?post=149265"},{"taxonomy":"post_tag","embeddable":true,"href":"https:\/\/senoticias.com.br\/se\/wp-json\/wp\/v2\/tags?post=149265"}],"curies":[{"name":"wp","href":"https:\/\/api.w.org\/{rel}","templated":true}]}}