{"id":149171,"date":"2025-09-02T20:00:02","date_gmt":"2025-09-02T23:00:02","guid":{"rendered":"https:\/\/senoticias.com.br\/se\/?p=149171"},"modified":"2025-09-02T20:00:48","modified_gmt":"2025-09-02T23:00:48","slug":"nao-aceitaremos-desinformacao-nem-intimidacao-afirma-prefeito-de-sao-cristovao-sobre-volta-de-parte-da-zona-de-expansao","status":"publish","type":"post","link":"https:\/\/senoticias.com.br\/se\/nao-aceitaremos-desinformacao-nem-intimidacao-afirma-prefeito-de-sao-cristovao-sobre-volta-de-parte-da-zona-de-expansao\/","title":{"rendered":"&#8220;N\u00e3o aceitaremos desinforma\u00e7\u00e3o nem intimida\u00e7\u00e3o\u201d, afirma prefeito de S\u00e3o Crist\u00f3v\u00e3o sobre volta de parte da Zona de Expans\u00e3o"},"content":{"rendered":"<p>O prefeito de S\u00e3o Crist\u00f3v\u00e3o, J\u00falio Nascimento, publicou um v\u00eddeo em defesa do munic\u00edpio ap\u00f3s a prefeita de Aracaju postar em suas redes sociais um v\u00eddeo afirmando que S\u00e3o Crist\u00f3v\u00e3o n\u00e3o teria condi\u00e7\u00f5es de administrar a \u00e1rea.<\/p>\n<p><strong>Confira a nota da PMSC:<\/strong><\/p>\n<p>S\u00e3o Crist\u00f3v\u00e3o, primeira capital, Cidade M\u00e3e de Sergipe, est\u00e1 retomando a posse do que sempre foi seu por direito: a Zona de Expans\u00e3o. Essa \u00e1rea pertence historicamente a S\u00e3o Crist\u00f3v\u00e3o e foi retirada de forma irregular, sem respeito aos tr\u00e2mites legais e aos marcos territoriais.<\/p>\n<div id=\"attachment_149172\" style=\"width: 587px\" class=\"wp-caption aligncenter\"><a href=\"https:\/\/senoticias.com.br\/se\/wp-content\/uploads\/2025\/09\/Prefeito-Julio-Nascimento-SE-Noticias.jpeg\"><img loading=\"lazy\" decoding=\"async\" aria-describedby=\"caption-attachment-149172\" class=\"size-full wp-image-149172\" src=\"https:\/\/senoticias.com.br\/se\/wp-content\/uploads\/2025\/09\/Prefeito-Julio-Nascimento-SE-Noticias.jpeg\" alt=\"\" width=\"577\" height=\"614\" srcset=\"https:\/\/senoticias.com.br\/se\/wp-content\/uploads\/2025\/09\/Prefeito-Julio-Nascimento-SE-Noticias.jpeg 577w, https:\/\/senoticias.com.br\/se\/wp-content\/uploads\/2025\/09\/Prefeito-Julio-Nascimento-SE-Noticias-282x300.jpeg 282w\" sizes=\"(max-width: 577px) 100vw, 577px\" \/><\/a><p id=\"caption-attachment-149172\" class=\"wp-caption-text\">N\u00e3o aceitaremos desinforma\u00e7\u00e3o nem intimida\u00e7\u00e3o\u201d, afirma prefeito de S\u00e3o Crist\u00f3v\u00e3o -Foto: Dani Santos\/ascom\/PMSC<\/p><\/div>\n<p>O Supremo Tribunal Federal j\u00e1 determinou a devolu\u00e7\u00e3o do territ\u00f3rio, o que deve ser cumprido com base na justi\u00e7a. Sobre a a\u00e7\u00e3o rescis\u00f3ria ajuizada pelo Munic\u00edpio de Aracaju, o Tribunal Regional Federal da 5\u00aa Regi\u00e3o, em an\u00e1lise preliminar, negou o pedido para suspender o cumprimento da senten\u00e7a que redefine os limites em favor de S\u00e3o Crist\u00f3v\u00e3o.<\/p>\n<p>N\u00e3o \u00e9 correto afirmar que a \u00e1rea \u201csempre foi de Aracaju\u201d. Quem fala em 70 anos admite que, antes disso, o territ\u00f3rio era de S\u00e3o Crist\u00f3v\u00e3o. Portanto, trata-se de retomada e restabelecimento de la\u00e7os hist\u00f3ricos, humanos e territoriais. Ignorar que fam\u00edlias vivem ali desde quando a regi\u00e3o era oficialmente sancristovense \u00e9 negar a pr\u00f3pria hist\u00f3ria.<\/p>\n<p>Temos plena capacidade administrativa e t\u00e9cnica para reassumir e cuidar da regi\u00e3o, com responsabilidade, respeito \u00e0 popula\u00e7\u00e3o e amparo legal. N\u00e3o aceitaremos desinforma\u00e7\u00e3o nem intimida\u00e7\u00e3o.<\/p>\n<p>Seguimos firmes. Por S\u00e3o Crist\u00f3v\u00e3o. Pela nossa hist\u00f3ria. Pela justi\u00e7a.<\/p>\n<p>J\u00falio Nascimento<br \/>\nPrefeito de S\u00e3o Crist\u00f3v\u00e3o<\/p>\n<p><strong><em>Acompanhe tamb\u00e9m o SE Not\u00edcias no\u00a0<a href=\"https:\/\/twitter.com\/Senoticias\" target=\"_blank\" rel=\"noreferrer noopener\">Twitter<\/a>,\u00a0<a href=\"https:\/\/www.facebook.com\/senoticias1\" target=\"_blank\" rel=\"noreferrer noopener\">Facebook<\/a>\u00a0e no\u00a0<a href=\"https:\/\/www.instagram.com\/senoticias\/\" target=\"_blank\" rel=\"noreferrer noopener\">Instagram<\/a><\/em><\/strong><\/p>\n","protected":false},"excerpt":{"rendered":"<p>O prefeito de S\u00e3o Crist\u00f3v\u00e3o, J\u00falio Nascimento, publicou um v\u00eddeo em defesa do munic\u00edpio ap\u00f3s a prefeita de Aracaju postar em suas redes sociais um v\u00eddeo afirmando que S\u00e3o Crist\u00f3v\u00e3o n\u00e3o teria condi\u00e7\u00f5es de administrar a \u00e1rea. Confira a nota da PMSC: S\u00e3o Crist\u00f3v\u00e3o, primeira capital, Cidade M\u00e3e de Sergipe, est\u00e1 retomando a posse do [&hellip;]<\/p>\n","protected":false},"author":6557,"featured_media":149172,"comment_status":"closed","ping_status":"closed","sticky":false,"template":"","format":"standard","meta":{"footnotes":""},"categories":[15,38],"tags":[9569,675,43299,3283],"class_list":{"0":"post-149171","1":"post","2":"type-post","3":"status-publish","4":"format-standard","5":"has-post-thumbnail","7":"category-destaques","8":"category-municipios","9":"tag-cidade-mae-de-sergipe","10":"tag-prefeito-de-sao-cristovao","11":"tag-prefeito-julio-nascimento","12":"tag-zona-de-expansao"},"_links":{"self":[{"href":"https:\/\/senoticias.com.br\/se\/wp-json\/wp\/v2\/posts\/149171"}],"collection":[{"href":"https:\/\/senoticias.com.br\/se\/wp-json\/wp\/v2\/posts"}],"about":[{"href":"https:\/\/senoticias.com.br\/se\/wp-json\/wp\/v2\/types\/post"}],"author":[{"embeddable":true,"href":"https:\/\/senoticias.com.br\/se\/wp-json\/wp\/v2\/users\/6557"}],"replies":[{"embeddable":true,"href":"https:\/\/senoticias.com.br\/se\/wp-json\/wp\/v2\/comments?post=149171"}],"version-history":[{"count":0,"href":"https:\/\/senoticias.com.br\/se\/wp-json\/wp\/v2\/posts\/149171\/revisions"}],"wp:featuredmedia":[{"embeddable":true,"href":"https:\/\/senoticias.com.br\/se\/wp-json\/wp\/v2\/media\/149172"}],"wp:attachment":[{"href":"https:\/\/senoticias.com.br\/se\/wp-json\/wp\/v2\/media?parent=149171"}],"wp:term":[{"taxonomy":"category","embeddable":true,"href":"https:\/\/senoticias.com.br\/se\/wp-json\/wp\/v2\/categories?post=149171"},{"taxonomy":"post_tag","embeddable":true,"href":"https:\/\/senoticias.com.br\/se\/wp-json\/wp\/v2\/tags?post=149171"}],"curies":[{"name":"wp","href":"https:\/\/api.w.org\/{rel}","templated":true}]}}