{"id":149168,"date":"2025-09-02T19:15:14","date_gmt":"2025-09-02T22:15:14","guid":{"rendered":"https:\/\/senoticias.com.br\/se\/?p=149168"},"modified":"2025-09-02T19:22:19","modified_gmt":"2025-09-02T22:22:19","slug":"alessandro-vieira-vota-contra-projeto-que-enfraquece-a-lei-da-ficha-limpa","status":"publish","type":"post","link":"https:\/\/senoticias.com.br\/se\/alessandro-vieira-vota-contra-projeto-que-enfraquece-a-lei-da-ficha-limpa\/","title":{"rendered":"Senador Alessandro Vieira vota contra projeto que enfraquece a Lei da Ficha Limpa"},"content":{"rendered":"<p>O Senado Federal aprovou nesta ter\u00e7a-feira (02) o Projeto de Lei Complementar 192\/2023, que altera a contagem do prazo de inelegibilidade e, na pr\u00e1tica, afrouxa a Lei da Ficha Limpa. A proposta limita em 8 anos o per\u00edodo de inelegibilidade e agora segue para san\u00e7\u00e3o presidencial.<\/p>\n<p>O senador Alessandro Vieira (MDB\/SE) se posicionou firmemente contra o projeto, reafirmando sua defesa da Ficha Limpa como conquista hist\u00f3rica da sociedade brasileira.<\/p>\n<p>\u201cA Ficha Limpa \u00e9 um patrim\u00f4nio do Brasil, fruto da luta da popula\u00e7\u00e3o por \u00e9tica na pol\u00edtica. Votei contra qualquer tentativa de enfraquecer esse instrumento, que \u00e9 essencial para proteger a democracia e impedir que condenados voltem rapidamente \u00e0 vida p\u00fablica\u201d, afirmou Alessandro Vieira.<\/p>\n<div id=\"attachment_149169\" style=\"width: 605px\" class=\"wp-caption aligncenter\"><a href=\"https:\/\/senoticias.com.br\/se\/wp-content\/uploads\/2025\/09\/Senador-Alessandro-Vieira-Se-Noticias.jpg\"><img loading=\"lazy\" decoding=\"async\" aria-describedby=\"caption-attachment-149169\" class=\"size-full wp-image-149169\" src=\"https:\/\/senoticias.com.br\/se\/wp-content\/uploads\/2025\/09\/Senador-Alessandro-Vieira-Se-Noticias.jpg\" alt=\"\" width=\"595\" height=\"402\" srcset=\"https:\/\/senoticias.com.br\/se\/wp-content\/uploads\/2025\/09\/Senador-Alessandro-Vieira-Se-Noticias.jpg 595w, https:\/\/senoticias.com.br\/se\/wp-content\/uploads\/2025\/09\/Senador-Alessandro-Vieira-Se-Noticias-300x203.jpg 300w, https:\/\/senoticias.com.br\/se\/wp-content\/uploads\/2025\/09\/Senador-Alessandro-Vieira-Se-Noticias-90x60.jpg 90w, https:\/\/senoticias.com.br\/se\/wp-content\/uploads\/2025\/09\/Senador-Alessandro-Vieira-Se-Noticias-95x64.jpg 95w\" sizes=\"(max-width: 595px) 100vw, 595px\" \/><\/a><p id=\"caption-attachment-149169\" class=\"wp-caption-text\">Alessandro Vieira vota contra projeto que enfraquece a Lei da Ficha Limpa &#8211; Foto: Pedro Fran\u00e7a\/Ag\u00eancia Senado<\/p><\/div>\n<p>Os outros dois senadores sergipanos, Rog\u00e9rio Carvalho (PT) e La\u00e9rcio Oliveira (PP), votaram a favor do projeto que flexibiliza a Ficha Limpa.<\/p>\n<p>Com esse posicionamento, Alessandro Vieira reafirma seu compromisso com o combate \u00e0 corrup\u00e7\u00e3o e com o fortalecimento da confian\u00e7a dos cidad\u00e3os nas institui\u00e7\u00f5es democr\u00e1ticas.<\/p>\n<p>\u201cO Brasil precisa avan\u00e7ar no combate \u00e0 corrup\u00e7\u00e3o, n\u00e3o retroceder. Meu compromisso \u00e9 sempre com o cidad\u00e3o de bem, que exige pol\u00edticos respons\u00e1veis, com ficha limpa e respeito \u00e0s regras. \u00c9 assim que vamos fortalecer a democracia e honrar a confian\u00e7a da popula\u00e7\u00e3o\u201d, concluiu o senador.<\/p>\n<p><strong><em>Acompanhe tamb\u00e9m o SE Not\u00edcias no\u00a0<a href=\"https:\/\/twitter.com\/Senoticias\" target=\"_blank\" rel=\"noreferrer noopener\">Twitter<\/a>,\u00a0<a href=\"https:\/\/www.facebook.com\/senoticias1\" target=\"_blank\" rel=\"noreferrer noopener\">Facebook<\/a>\u00a0e no\u00a0<a href=\"https:\/\/www.instagram.com\/senoticias\/\" target=\"_blank\" rel=\"noreferrer noopener\">Instagram<\/a><\/em><\/strong><\/p>\n<p>Da Assessoria de Imprensa<\/p>\n","protected":false},"excerpt":{"rendered":"<p>O Senado Federal aprovou nesta ter\u00e7a-feira (02) o Projeto de Lei Complementar 192\/2023, que altera a contagem do prazo de inelegibilidade e, na pr\u00e1tica, afrouxa a Lei da Ficha Limpa. A proposta limita em 8 anos o per\u00edodo de inelegibilidade e agora segue para san\u00e7\u00e3o presidencial. O senador Alessandro Vieira (MDB\/SE) se posicionou firmemente contra [&hellip;]<\/p>\n","protected":false},"author":6557,"featured_media":149169,"comment_status":"closed","ping_status":"closed","sticky":false,"template":"","format":"standard","meta":{"footnotes":""},"categories":[15,6,1],"tags":[2946,6260,11299],"class_list":{"0":"post-149168","1":"post","2":"type-post","3":"status-publish","4":"format-standard","5":"has-post-thumbnail","7":"category-destaques","8":"category-politica","9":"category-sem-categoria","10":"tag-alessandro-vieira","11":"tag-lei-da-ficha-limpa","12":"tag-senador-alessandro-vieira"},"_links":{"self":[{"href":"https:\/\/senoticias.com.br\/se\/wp-json\/wp\/v2\/posts\/149168"}],"collection":[{"href":"https:\/\/senoticias.com.br\/se\/wp-json\/wp\/v2\/posts"}],"about":[{"href":"https:\/\/senoticias.com.br\/se\/wp-json\/wp\/v2\/types\/post"}],"author":[{"embeddable":true,"href":"https:\/\/senoticias.com.br\/se\/wp-json\/wp\/v2\/users\/6557"}],"replies":[{"embeddable":true,"href":"https:\/\/senoticias.com.br\/se\/wp-json\/wp\/v2\/comments?post=149168"}],"version-history":[{"count":0,"href":"https:\/\/senoticias.com.br\/se\/wp-json\/wp\/v2\/posts\/149168\/revisions"}],"wp:featuredmedia":[{"embeddable":true,"href":"https:\/\/senoticias.com.br\/se\/wp-json\/wp\/v2\/media\/149169"}],"wp:attachment":[{"href":"https:\/\/senoticias.com.br\/se\/wp-json\/wp\/v2\/media?parent=149168"}],"wp:term":[{"taxonomy":"category","embeddable":true,"href":"https:\/\/senoticias.com.br\/se\/wp-json\/wp\/v2\/categories?post=149168"},{"taxonomy":"post_tag","embeddable":true,"href":"https:\/\/senoticias.com.br\/se\/wp-json\/wp\/v2\/tags?post=149168"}],"curies":[{"name":"wp","href":"https:\/\/api.w.org\/{rel}","templated":true}]}}