{"id":149167,"date":"2025-09-03T09:40:24","date_gmt":"2025-09-03T12:40:24","guid":{"rendered":"https:\/\/senoticias.com.br\/se\/?p=149167"},"modified":"2025-09-03T09:44:45","modified_gmt":"2025-09-03T12:44:45","slug":"149167-2","status":"publish","type":"post","link":"https:\/\/senoticias.com.br\/se\/149167-2\/","title":{"rendered":"Investigado \u00e9 preso pela Pol\u00edcia Federal em flagrante durante opera\u00e7\u00e3o contra crimes de abuso sexual infantojuvenil"},"content":{"rendered":"<p>A Pol\u00edcia Federal em Sergipe deflagrou, na manh\u00e3 desta quarta-feira (3\/9), a <strong>Opera\u00e7\u00e3o Panoptes IV<\/strong>, com o objetivo de combater o compartilhamento de arquivos de abuso sexual infantil na internet.<\/p>\n<p>Durante a a\u00e7\u00e3o, foram cumpridos dois mandados de busca e apreens\u00e3o em resid\u00eancias dos investigados localizadas em Aracaju\/SE. Um dos investigados foi preso em flagrante durante o cumprimento das dilig\u00eancias, em raz\u00e3o da posse de material il\u00edcito relacionado aos crimes investigados.<\/p>\n<div id=\"attachment_149173\" style=\"width: 608px\" class=\"wp-caption aligncenter\"><a href=\"https:\/\/senoticias.com.br\/se\/wp-content\/uploads\/2025\/09\/Operacao-PFSE-SE-Noticias.jpeg\"><img loading=\"lazy\" decoding=\"async\" aria-describedby=\"caption-attachment-149173\" class=\"size-full wp-image-149173\" src=\"https:\/\/senoticias.com.br\/se\/wp-content\/uploads\/2025\/09\/Operacao-PFSE-SE-Noticias.jpeg\" alt=\"\" width=\"598\" height=\"454\" srcset=\"https:\/\/senoticias.com.br\/se\/wp-content\/uploads\/2025\/09\/Operacao-PFSE-SE-Noticias.jpeg 598w, https:\/\/senoticias.com.br\/se\/wp-content\/uploads\/2025\/09\/Operacao-PFSE-SE-Noticias-300x228.jpeg 300w, https:\/\/senoticias.com.br\/se\/wp-content\/uploads\/2025\/09\/Operacao-PFSE-SE-Noticias-45x35.jpeg 45w\" sizes=\"(max-width: 598px) 100vw, 598px\" \/><\/a><p id=\"caption-attachment-149173\" class=\"wp-caption-text\">Um dos investigados foi preso em flagrante &#8211; Foto: ascom\/PF\/SE<\/p><\/div>\n<p>A opera\u00e7\u00e3o \u00e9 um desdobramento da Prote\u00e7\u00e3o Integral II, realizada em maio deste ano. Naquela ocasi\u00e3o, as investiga\u00e7\u00f5es identificaram a dissemina\u00e7\u00e3o e comercializa\u00e7\u00e3o de material de abuso sexual infantil por meio de redes sociais. Um mandado de busca e apreens\u00e3o foi cumprido em <strong>Nossa Senhora do Socorro\/SE<\/strong> e, com o avan\u00e7o das apura\u00e7\u00f5es, foi poss\u00edvel comprovar a liga\u00e7\u00e3o do investigado com outras duas pessoas envolvidas na mesma atividade criminosa, alvos da opera\u00e7\u00e3o de hoje.<\/p>\n<p>Os investigados poder\u00e3o responder pelos crimes de associa\u00e7\u00e3o criminosa, armazenamento, compartilhamento e comercializa\u00e7\u00e3o de material de abuso sexual infantil.<\/p>\n<p><strong><em>Acompanhe tamb\u00e9m o SE Not\u00edcias no\u00a0<a href=\"https:\/\/twitter.com\/Senoticias\" target=\"_blank\" rel=\"noreferrer noopener\">Twitter<\/a>,\u00a0<a href=\"https:\/\/www.facebook.com\/senoticias1\" target=\"_blank\" rel=\"noreferrer noopener\">Facebook<\/a>\u00a0e no\u00a0<a href=\"https:\/\/www.instagram.com\/senoticias\/\" target=\"_blank\" rel=\"noreferrer noopener\">Instagram<\/a><\/em><\/strong><\/p>\n<p><em>Da Comunica\u00e7\u00e3o Social da Pol\u00edcia Federal em Sergipe<\/em><\/p>\n","protected":false},"excerpt":{"rendered":"<p>A Pol\u00edcia Federal em Sergipe deflagrou, na manh\u00e3 desta quarta-feira (3\/9), a Opera\u00e7\u00e3o Panoptes IV, com o objetivo de combater o compartilhamento de arquivos de abuso sexual infantil na internet. Durante a a\u00e7\u00e3o, foram cumpridos dois mandados de busca e apreens\u00e3o em resid\u00eancias dos investigados localizadas em Aracaju\/SE. Um dos investigados foi preso em flagrante [&hellip;]<\/p>\n","protected":false},"author":6557,"featured_media":149173,"comment_status":"closed","ping_status":"closed","sticky":false,"template":"","format":"standard","meta":{"footnotes":""},"categories":[15,7,1],"tags":[2650,44195,1947,44196],"class_list":{"0":"post-149167","1":"post","2":"type-post","3":"status-publish","4":"format-standard","5":"has-post-thumbnail","7":"category-destaques","8":"category-policia","9":"category-sem-categoria","10":"tag-nossa-senhora-do-socorro","11":"tag-operacao-panoptes-iv","12":"tag-policia-federal","13":"tag-protecao-integral-ii"},"_links":{"self":[{"href":"https:\/\/senoticias.com.br\/se\/wp-json\/wp\/v2\/posts\/149167"}],"collection":[{"href":"https:\/\/senoticias.com.br\/se\/wp-json\/wp\/v2\/posts"}],"about":[{"href":"https:\/\/senoticias.com.br\/se\/wp-json\/wp\/v2\/types\/post"}],"author":[{"embeddable":true,"href":"https:\/\/senoticias.com.br\/se\/wp-json\/wp\/v2\/users\/6557"}],"replies":[{"embeddable":true,"href":"https:\/\/senoticias.com.br\/se\/wp-json\/wp\/v2\/comments?post=149167"}],"version-history":[{"count":0,"href":"https:\/\/senoticias.com.br\/se\/wp-json\/wp\/v2\/posts\/149167\/revisions"}],"wp:featuredmedia":[{"embeddable":true,"href":"https:\/\/senoticias.com.br\/se\/wp-json\/wp\/v2\/media\/149173"}],"wp:attachment":[{"href":"https:\/\/senoticias.com.br\/se\/wp-json\/wp\/v2\/media?parent=149167"}],"wp:term":[{"taxonomy":"category","embeddable":true,"href":"https:\/\/senoticias.com.br\/se\/wp-json\/wp\/v2\/categories?post=149167"},{"taxonomy":"post_tag","embeddable":true,"href":"https:\/\/senoticias.com.br\/se\/wp-json\/wp\/v2\/tags?post=149167"}],"curies":[{"name":"wp","href":"https:\/\/api.w.org\/{rel}","templated":true}]}}