{"id":149164,"date":"2025-09-02T13:07:59","date_gmt":"2025-09-02T16:07:59","guid":{"rendered":"https:\/\/senoticias.com.br\/se\/?p=149164"},"modified":"2025-09-02T13:07:59","modified_gmt":"2025-09-02T16:07:59","slug":"parque-esportes-turma-da-monica-chega-a-aracaju","status":"publish","type":"post","link":"https:\/\/senoticias.com.br\/se\/parque-esportes-turma-da-monica-chega-a-aracaju\/","title":{"rendered":"Parque \u201cEsportes Turma da M\u00f4nica\u201d chega a Aracaju"},"content":{"rendered":"<p>O Shopping Jardins d\u00e1 largada \u00e0s celebra\u00e7\u00f5es do Dia das Crian\u00e7as e recebe o Parque \u201cEsportes Turma da M\u00f4nica\u201d. A atra\u00e7\u00e3o chega a Aracaju nesta quinta-feira, 4 de setembro, funcionando de segunda a s\u00e1bado, das 10h \u00e0s 22h, e aos domingos e feriados, das 12h \u00e0s 21h, na Pra\u00e7a de Eventos Ip\u00ea, em frente \u00e0 loja Riachuelo.<\/p>\n<div id=\"attachment_149166\" style=\"width: 610px\" class=\"wp-caption aligncenter\"><a href=\"https:\/\/senoticias.com.br\/se\/wp-content\/uploads\/2025\/09\/1ab24de8-fc32-40ae-8f4c-56d01fd9d9dd.jpeg\"><img loading=\"lazy\" decoding=\"async\" aria-describedby=\"caption-attachment-149166\" class=\"size-full wp-image-149166\" src=\"https:\/\/senoticias.com.br\/se\/wp-content\/uploads\/2025\/09\/1ab24de8-fc32-40ae-8f4c-56d01fd9d9dd.jpeg\" alt=\"\" width=\"600\" height=\"450\" srcset=\"https:\/\/senoticias.com.br\/se\/wp-content\/uploads\/2025\/09\/1ab24de8-fc32-40ae-8f4c-56d01fd9d9dd.jpeg 600w, https:\/\/senoticias.com.br\/se\/wp-content\/uploads\/2025\/09\/1ab24de8-fc32-40ae-8f4c-56d01fd9d9dd-300x225.jpeg 300w, https:\/\/senoticias.com.br\/se\/wp-content\/uploads\/2025\/09\/1ab24de8-fc32-40ae-8f4c-56d01fd9d9dd-45x35.jpeg 45w\" sizes=\"(max-width: 600px) 100vw, 600px\" \/><\/a><p id=\"caption-attachment-149166\" class=\"wp-caption-text\">Atra\u00e7\u00e3o abre a programa\u00e7\u00e3o em homenagem \u00e0 crian\u00e7ada no Shopping Jardins &#8211; Foto: ascom\/divulga\u00e7\u00e3o<\/p><\/div>\n<p>Com uma cenografia encantadora e atividades l\u00fadicas, o espa\u00e7o promete envolver a garotada em um universo de brincadeiras e esportes inspirados nos personagens mais queridos do Brasil. Voltado para crian\u00e7as de 2 a 13 anos, o parque re\u00fane atra\u00e7\u00f5es como tobog\u00e3, piscina de bolinhas, gira-gira e pula-pula, garantindo momentos de alegria e movimento para a crian\u00e7ada.<\/p>\n<p>Os ingressos ter\u00e3o valores a partir de R$ 60 com direito a 40 minutos de divers\u00e3o. Crian\u00e7as menores de 5 anos devem estar acompanhadas por um adulto respons\u00e1vel.<\/p>\n<p>A programa\u00e7\u00e3o em homenagem \u00e0s crian\u00e7as no Shopping Jardins seguir\u00e1 at\u00e9 19 de outubro, com brincadeiras, esportes e muita divers\u00e3o.<\/p>\n<p>Nos dias 13 e 14 de setembro, a garotada ter\u00e1 a oportunidade de participar do desafio \u201cEm Busca do Sans\u00e3o\u201d. O acesso ser\u00e1 gratuito, mediante reserva feita previamente no Shopping Jardins App.<\/p>\n<p>At\u00e9 o final de setembro, a Arena Jardins localizada pr\u00f3ximo \u00e0 loja Kalunga recebe alunos de diferentes escolas para a pr\u00e1tica de atividades esportivas. J\u00e1 no dia 12 de outubro, o Desafio Kids promete movimentar o mall com corrida infantil e muita anima\u00e7\u00e3o. As inscri\u00e7\u00f5es est\u00e3o abertas no site https:\/\/centraldacorrida.com.br\/evento\/desafiokids25.<\/p>\n<p>A agenda repleta de desafios, atividades esportivas e experi\u00eancias divertidas promete agitar o p\u00fablico infantil.<\/p>\n<p>Esportes Turma da M\u00f4nica<\/p>\n<p>O qu\u00ea? Parque infantil inspirado em atividades esportivas com tobog\u00e3, piscina de bolinhas, gira-gira e pula-pula.<br \/>\nQuando? A partir de 4 de setembro de 2025. Segunda a s\u00e1bado, das 10h \u00e0s 22h. Domingos e feriados, das 12h \u00e0s 21h.<br \/>\nOnde? Pra\u00e7a de Eventos Ip\u00ea do Shopping Jardins \u2013 Av. Ministro Geraldo Barreto Sobral, 215 \u2013 Jardins, Aracaju | SE.<br \/>\nQuanto? Ingressos a partir de R$60 para 40 minutos de divers\u00e3o.<\/p>\n<p><strong><em>Acompanhe tamb\u00e9m o SE Not\u00edcias no\u00a0<a href=\"https:\/\/twitter.com\/Senoticias\" target=\"_blank\" rel=\"noreferrer noopener\">Twitter<\/a>,\u00a0<a href=\"https:\/\/www.facebook.com\/senoticias1\" target=\"_blank\" rel=\"noreferrer noopener\">Facebook<\/a>\u00a0e no\u00a0<a href=\"https:\/\/www.instagram.com\/senoticias\/\" target=\"_blank\" rel=\"noreferrer noopener\">Instagram<\/a><\/em><\/strong><br \/>\nDa Assessoria de Imprensa<\/p>\n","protected":false},"excerpt":{"rendered":"<p>O Shopping Jardins d\u00e1 largada \u00e0s celebra\u00e7\u00f5es do Dia das Crian\u00e7as e recebe o Parque \u201cEsportes Turma da M\u00f4nica\u201d. A atra\u00e7\u00e3o chega a Aracaju nesta quinta-feira, 4 de setembro, funcionando de segunda a s\u00e1bado, das 10h \u00e0s 22h, e aos domingos e feriados, das 12h \u00e0s 21h, na Pra\u00e7a de Eventos Ip\u00ea, em frente \u00e0 [&hellip;]<\/p>\n","protected":false},"author":6557,"featured_media":0,"comment_status":"closed","ping_status":"closed","sticky":false,"template":"","format":"standard","meta":{"footnotes":""},"categories":[15,21],"tags":[4120,9879,40730],"class_list":{"0":"post-149164","1":"post","2":"type-post","3":"status-publish","4":"format-standard","6":"category-destaques","7":"category-entretenimento","8":"tag-infantil","9":"tag-parque","10":"tag-turma-da-monica"},"_links":{"self":[{"href":"https:\/\/senoticias.com.br\/se\/wp-json\/wp\/v2\/posts\/149164"}],"collection":[{"href":"https:\/\/senoticias.com.br\/se\/wp-json\/wp\/v2\/posts"}],"about":[{"href":"https:\/\/senoticias.com.br\/se\/wp-json\/wp\/v2\/types\/post"}],"author":[{"embeddable":true,"href":"https:\/\/senoticias.com.br\/se\/wp-json\/wp\/v2\/users\/6557"}],"replies":[{"embeddable":true,"href":"https:\/\/senoticias.com.br\/se\/wp-json\/wp\/v2\/comments?post=149164"}],"version-history":[{"count":0,"href":"https:\/\/senoticias.com.br\/se\/wp-json\/wp\/v2\/posts\/149164\/revisions"}],"wp:attachment":[{"href":"https:\/\/senoticias.com.br\/se\/wp-json\/wp\/v2\/media?parent=149164"}],"wp:term":[{"taxonomy":"category","embeddable":true,"href":"https:\/\/senoticias.com.br\/se\/wp-json\/wp\/v2\/categories?post=149164"},{"taxonomy":"post_tag","embeddable":true,"href":"https:\/\/senoticias.com.br\/se\/wp-json\/wp\/v2\/tags?post=149164"}],"curies":[{"name":"wp","href":"https:\/\/api.w.org\/{rel}","templated":true}]}}