{"id":148693,"date":"2025-07-28T17:25:54","date_gmt":"2025-07-28T20:25:54","guid":{"rendered":"https:\/\/senoticias.com.br\/se\/?p=148693"},"modified":"2025-07-28T17:25:54","modified_gmt":"2025-07-28T20:25:54","slug":"policia-federal-prende-homem-em-flagrante-por-moeda-falsa-em-aracaju-se","status":"publish","type":"post","link":"https:\/\/senoticias.com.br\/se\/policia-federal-prende-homem-em-flagrante-por-moeda-falsa-em-aracaju-se\/","title":{"rendered":"Pol\u00edcia Federal prende homem em flagrante por moeda falsa em Aracaju\/SE"},"content":{"rendered":"<p>A Pol\u00edcia Federal prendeu em flagrante, na manh\u00e3 desta segunda-feira (28\/7), um homem pelo crime de moeda falsa, no bairro Santa Maria, na capital sergipana.<\/p>\n<span class=\"dropcap _dc\" style=\"\"><img loading=\"lazy\" decoding=\"async\" class=\"size-full wp-image-148694 aligncenter\" src=\"https:\/\/senoticias.com.br\/se\/wp-content\/uploads\/2025\/07\/IMG_0593-e1753734324442.jpeg\" alt=\"\" width=\"599\" height=\"451\" \/><\/span>\n<p>O suspeito foi abordado logo ap\u00f3s receber uma encomenda postal contendo R$ 1.000,00 em c\u00e9dulas falsificadas.<\/p>\n<p>O preso foi conduzido \u00e0 sede da Pol\u00edcia Federal em Aracaju, onde foram realizados os procedimentos legais, e, em seguida, encaminhado ao sistema prisional, \u00e0 disposi\u00e7\u00e3o da Justi\u00e7a Federal.<\/p>\n<p>As investiga\u00e7\u00f5es prosseguem com o objetivo de identificar os respons\u00e1veis pela produ\u00e7\u00e3o e envio do material falsificado.<\/p>\n","protected":false},"excerpt":{"rendered":"<p>A Pol\u00edcia Federal prendeu em flagrante, na manh\u00e3 desta segunda-feira (28\/7), um homem pelo crime de moeda falsa, no bairro Santa Maria, na capital sergipana. O suspeito foi abordado logo ap\u00f3s receber uma encomenda postal contendo R$ 1.000,00 em c\u00e9dulas falsificadas. O preso foi conduzido \u00e0 sede da Pol\u00edcia Federal em Aracaju, onde foram realizados [&hellip;]<\/p>\n","protected":false},"author":6557,"featured_media":0,"comment_status":"closed","ping_status":"closed","sticky":false,"template":"","format":"standard","meta":{"footnotes":""},"categories":[15,2961],"tags":[13067,1947],"class_list":{"0":"post-148693","1":"post","2":"type-post","3":"status-publish","4":"format-standard","6":"category-destaques","7":"category-nacional","8":"tag-dinheiro-falso","9":"tag-policia-federal"},"_links":{"self":[{"href":"https:\/\/senoticias.com.br\/se\/wp-json\/wp\/v2\/posts\/148693"}],"collection":[{"href":"https:\/\/senoticias.com.br\/se\/wp-json\/wp\/v2\/posts"}],"about":[{"href":"https:\/\/senoticias.com.br\/se\/wp-json\/wp\/v2\/types\/post"}],"author":[{"embeddable":true,"href":"https:\/\/senoticias.com.br\/se\/wp-json\/wp\/v2\/users\/6557"}],"replies":[{"embeddable":true,"href":"https:\/\/senoticias.com.br\/se\/wp-json\/wp\/v2\/comments?post=148693"}],"version-history":[{"count":0,"href":"https:\/\/senoticias.com.br\/se\/wp-json\/wp\/v2\/posts\/148693\/revisions"}],"wp:attachment":[{"href":"https:\/\/senoticias.com.br\/se\/wp-json\/wp\/v2\/media?parent=148693"}],"wp:term":[{"taxonomy":"category","embeddable":true,"href":"https:\/\/senoticias.com.br\/se\/wp-json\/wp\/v2\/categories?post=148693"},{"taxonomy":"post_tag","embeddable":true,"href":"https:\/\/senoticias.com.br\/se\/wp-json\/wp\/v2\/tags?post=148693"}],"curies":[{"name":"wp","href":"https:\/\/api.w.org\/{rel}","templated":true}]}}