{"id":148690,"date":"2025-07-28T13:52:54","date_gmt":"2025-07-28T16:52:54","guid":{"rendered":"https:\/\/senoticias.com.br\/se\/?p=148690"},"modified":"2025-07-28T13:54:38","modified_gmt":"2025-07-28T16:54:38","slug":"policia-civil-instaura-inquerito-para-investigar-sinistro-de-transito-com-atropelamento-de-condutor-de-motocicleta-e-passageira-na-zona-sul-de-aracaju","status":"publish","type":"post","link":"https:\/\/senoticias.com.br\/se\/policia-civil-instaura-inquerito-para-investigar-sinistro-de-transito-com-atropelamento-de-condutor-de-motocicleta-e-passageira-na-zona-sul-de-aracaju\/","title":{"rendered":"Pol\u00edcia Civil instaura inqu\u00e9rito para investigar sinistro de tr\u00e2nsito com atropelamento de condutor de motocicleta e passageira na Zona Sul de Aracaju"},"content":{"rendered":"<p>&nbsp;<\/p>\n<p>A Pol\u00edcia Civil de Sergipe, por meio da Delegacia Especializada em Delitos de Tr\u00e2nsito (DEDT), instaurou inqu\u00e9rito policial para investigar um grave acidente ocorrido por volta das 21h40 do \u00faltimo s\u00e1bado (19), no cruzamento das ruas Cl\u00f3vis Rollemberg com Ar\u00edcio Guimar\u00e3es, no bairro Atalaia, zona sul de Aracaju. No acidente, o condutor do ve\u00edculo atropelou as v\u00edtimas que estavam no ciclomotor. A ocorr\u00eancia ganhou repercuss\u00e3o nas redes sociais e na imprensa local.<\/p>\n<p>De acordo com a delegada Georlize Teles, o caso envolve um condutor que, ao n\u00e3o respeitar a sinaliza\u00e7\u00e3o de parada obrigat\u00f3ria, colidiu com uma motocicleta que transportava uma passageira. Trata-se de uma ocorr\u00eancia extremamente grave, com relato de atropelamento duplo. \u201cMesmo ap\u00f3s os apelos de testemunhas no local, o motorista n\u00e3o prestou socorro e fugiu pela via \u2013 que, por ser sem sa\u00edda, for\u00e7ou seu retorno. Na volta, segundo testemunhas, ele passou novamente pelas v\u00edtimas, que j\u00e1 estavam ca\u00eddas no ch\u00e3o, atingindo-as de forma ainda mais violenta\u201d, detalhou.<\/p>\n<div id=\"attachment_148691\" style=\"width: 594px\" class=\"wp-caption aligncenter\"><a href=\"https:\/\/senoticias.com.br\/se\/wp-content\/uploads\/2025\/07\/Acidente-SE-Noticias.jpg\"><img loading=\"lazy\" decoding=\"async\" aria-describedby=\"caption-attachment-148691\" class=\"size-full wp-image-148691\" src=\"https:\/\/senoticias.com.br\/se\/wp-content\/uploads\/2025\/07\/Acidente-SE-Noticias.jpg\" alt=\"\" width=\"584\" height=\"349\" srcset=\"https:\/\/senoticias.com.br\/se\/wp-content\/uploads\/2025\/07\/Acidente-SE-Noticias.jpg 584w, https:\/\/senoticias.com.br\/se\/wp-content\/uploads\/2025\/07\/Acidente-SE-Noticias-300x179.jpg 300w\" sizes=\"(max-width: 584px) 100vw, 584px\" \/><\/a><p id=\"caption-attachment-148691\" class=\"wp-caption-text\">A Delegacia de Delitos de Tr\u00e2nsito est\u00e1 \u00e0 frente do caso e j\u00e1 iniciou os procedimentos para identificar o autor do atropelamento &#8211; Foto: BPTran<\/p><\/div>\n<p>O acidente foi registrado em v\u00eddeo e amplamente compartilhado nas redes sociais. \u201cAs c\u00e2meras de monitoramento foram fundamentais para a identifica\u00e7\u00e3o da placa do ve\u00edculo e, por consequ\u00eancia, do seu condutor. O uso desse recurso tem sido essencial para as for\u00e7as de seguran\u00e7a p\u00fablica. A DEDT j\u00e1 adotou as provid\u00eancias cab\u00edveis desde o plant\u00e3o, com apoio do delegado de plantonista, inclusive requisitando per\u00edcia no local e apreens\u00e3o imediata do ve\u00edculo envolvido, que j\u00e1 se encontra sob cust\u00f3dia\u201d, afirmou a delegada Georlize Teles.<\/p>\n<p>Na investiga\u00e7\u00e3o, a DEDT j\u00e1 iniciou a oitiva de testemunhas e familiares das v\u00edtimas. As v\u00edtimas encontram-se sob cuidados m\u00e9dicos. \u201cA passageira da motocicleta tem um estado de sa\u00fade mais delicado e est\u00e1 internada em um hospital particular. Ela foi submetida a uma cirurgia longa, mas exitosa. J\u00e1 o condutor da moto est\u00e1 no Huse e tamb\u00e9m foi submetido a cirurgia. N\u00f3s iremos continuar acompanhando o estado de sa\u00fade de ambas as v\u00edtimas\u201d, especificou a delegada \u00e0 frente da DEDT.<\/p>\n<p>Georlize Teles ressaltou que a DEDT est\u00e1 comprometida com a celeridade da investiga\u00e7\u00e3o sobre o caso. \u201cA Pol\u00edcia Civil est\u00e1 empenhada em apurar os fatos com rigor e responsabilidade. Queremos oferecer \u00e0 sociedade uma resposta r\u00e1pida e firme, especialmente em casos como este, que atentam contra a vida e a seguran\u00e7a das pessoas no tr\u00e2nsito\u201d, declarou a delegada, ressaltando a import\u00e2ncia do trabalho integrado entre a SSP, a Pol\u00edcia Civil, a Guarda Municipal de Aracaju e SMTT.<\/p>\n<p>A popula\u00e7\u00e3o pode colaborar com as investiga\u00e7\u00f5es por meio do Disque-Den\u00fancia (181). O sigilo \u00e9 garantido.<\/p>\n<p><strong><em>Acompanhe tamb\u00e9m o SE Not\u00edcias no\u00a0<a href=\"https:\/\/twitter.com\/Senoticias\" target=\"_blank\" rel=\"noreferrer noopener\">Twitter<\/a>,\u00a0<a href=\"https:\/\/www.facebook.com\/senoticias1\" target=\"_blank\" rel=\"noreferrer noopener\">Facebook<\/a>\u00a0e no\u00a0<a href=\"https:\/\/www.instagram.com\/senoticias\/\" target=\"_blank\" rel=\"noreferrer noopener\">Instagram<\/a><\/em><\/strong><\/p>\n<p>Fonte: SSP\/SE<\/p>\n","protected":false},"excerpt":{"rendered":"<p>&nbsp; A Pol\u00edcia Civil de Sergipe, por meio da Delegacia Especializada em Delitos de Tr\u00e2nsito (DEDT), instaurou inqu\u00e9rito policial para investigar um grave acidente ocorrido por volta das 21h40 do \u00faltimo s\u00e1bado (19), no cruzamento das ruas Cl\u00f3vis Rollemberg com Ar\u00edcio Guimar\u00e3es, no bairro Atalaia, zona sul de Aracaju. No acidente, o condutor do ve\u00edculo [&hellip;]<\/p>\n","protected":false},"author":6557,"featured_media":148691,"comment_status":"closed","ping_status":"closed","sticky":false,"template":"","format":"standard","meta":{"footnotes":""},"categories":[15,7],"tags":[4203,44012],"class_list":{"0":"post-148690","1":"post","2":"type-post","3":"status-publish","4":"format-standard","5":"has-post-thumbnail","7":"category-destaques","8":"category-policia","9":"tag-acidente-de-transito","10":"tag-atropelamento-de-condutor"},"_links":{"self":[{"href":"https:\/\/senoticias.com.br\/se\/wp-json\/wp\/v2\/posts\/148690"}],"collection":[{"href":"https:\/\/senoticias.com.br\/se\/wp-json\/wp\/v2\/posts"}],"about":[{"href":"https:\/\/senoticias.com.br\/se\/wp-json\/wp\/v2\/types\/post"}],"author":[{"embeddable":true,"href":"https:\/\/senoticias.com.br\/se\/wp-json\/wp\/v2\/users\/6557"}],"replies":[{"embeddable":true,"href":"https:\/\/senoticias.com.br\/se\/wp-json\/wp\/v2\/comments?post=148690"}],"version-history":[{"count":0,"href":"https:\/\/senoticias.com.br\/se\/wp-json\/wp\/v2\/posts\/148690\/revisions"}],"wp:featuredmedia":[{"embeddable":true,"href":"https:\/\/senoticias.com.br\/se\/wp-json\/wp\/v2\/media\/148691"}],"wp:attachment":[{"href":"https:\/\/senoticias.com.br\/se\/wp-json\/wp\/v2\/media?parent=148690"}],"wp:term":[{"taxonomy":"category","embeddable":true,"href":"https:\/\/senoticias.com.br\/se\/wp-json\/wp\/v2\/categories?post=148690"},{"taxonomy":"post_tag","embeddable":true,"href":"https:\/\/senoticias.com.br\/se\/wp-json\/wp\/v2\/tags?post=148690"}],"curies":[{"name":"wp","href":"https:\/\/api.w.org\/{rel}","templated":true}]}}