{"id":148674,"date":"2025-07-26T19:13:19","date_gmt":"2025-07-26T22:13:19","guid":{"rendered":"https:\/\/senoticias.com.br\/se\/?p=148674"},"modified":"2025-07-26T19:18:24","modified_gmt":"2025-07-26T22:18:24","slug":"condutor-de-ciclomotor-avanca-semaforo-colide-com-veiculo-e-carona-morre","status":"publish","type":"post","link":"https:\/\/senoticias.com.br\/se\/condutor-de-ciclomotor-avanca-semaforo-colide-com-veiculo-e-carona-morre\/","title":{"rendered":"Condutor de ciclomotor desrespeita sinaliza\u00e7\u00e3o, colide com ve\u00edculo e carona morre"},"content":{"rendered":"<p>Um grave acidente de tr\u00e2nsito, com v\u00edtima fatal, foi registrado no final da tarde deste s\u00e1bado (25), no cruzamento da Avenida Conselheiro Jo\u00e3o Moreira Filho com a Rua C\u00f4nego Jos\u00e9 F\u00e9lix de Oliveira, no bairro Coroa do Meio, em Aracaju. A colis\u00e3o envolveu um autom\u00f3vel e uma motoneta.<\/p>\n<p>Segundo informa\u00e7\u00f5es apuradas pelo Portal SE Not\u00edcias, a condutora de um Ford Ecosport, de cor preta, trafegava pela via preferencial quando foi surpreendida por uma motoneta Shineray, de cor vermelha, que avan\u00e7ou a sinaliza\u00e7\u00e3o de parada obrigat\u00f3ria (placa de \u201cPARE\u201d), ocasionando a colis\u00e3o.<\/p>\n<div id=\"attachment_148675\" style=\"width: 594px\" class=\"wp-caption aligncenter\"><a href=\"https:\/\/senoticias.com.br\/se\/wp-content\/uploads\/2025\/07\/Acidente-com-motoneta-SE-Noticias.jpeg\"><img loading=\"lazy\" decoding=\"async\" aria-describedby=\"caption-attachment-148675\" class=\"size-full wp-image-148675\" src=\"https:\/\/senoticias.com.br\/se\/wp-content\/uploads\/2025\/07\/Acidente-com-motoneta-SE-Noticias.jpeg\" alt=\"\" width=\"584\" height=\"584\" srcset=\"https:\/\/senoticias.com.br\/se\/wp-content\/uploads\/2025\/07\/Acidente-com-motoneta-SE-Noticias.jpeg 584w, https:\/\/senoticias.com.br\/se\/wp-content\/uploads\/2025\/07\/Acidente-com-motoneta-SE-Noticias-300x300.jpeg 300w, https:\/\/senoticias.com.br\/se\/wp-content\/uploads\/2025\/07\/Acidente-com-motoneta-SE-Noticias-150x150.jpeg 150w\" sizes=\"(max-width: 584px) 100vw, 584px\" \/><\/a><p id=\"caption-attachment-148675\" class=\"wp-caption-text\">Condutor de motoneta avan\u00e7a sinal de parada, colide com ve\u00edculo e carona morre &#8211; Foto: Gartsmttaju<\/p><\/div>\n<p>De acordo com a Superintend\u00eancia Municipal de Transportes e Tr\u00e2nsito (SMTT), o passageiro da motoneta foi arremessado ao solo e teve o \u00f3bito constatado ainda no local por equipes do Servi\u00e7o de Atendimento M\u00f3vel de Urg\u00eancia (SAMU).<\/p>\n<p>O condutor da motoneta, no entanto, n\u00e3o foi localizado na cena do acidente e, at\u00e9 o momento, sua identidade segue desconhecida.<\/p>\n<p>A motorista do Ecosport permaneceu no local, prestando os devidos esclarecimentos \u00e0s autoridades de tr\u00e2nsito e acompanhando os procedimentos da equipe de criminal\u00edstica.<\/p>\n<p><strong><em>Acompanhe tamb\u00e9m o SE Not\u00edcias no\u00a0<a href=\"https:\/\/twitter.com\/Senoticias\" target=\"_blank\" rel=\"noreferrer noopener\">Twitter<\/a>,\u00a0<a href=\"https:\/\/www.facebook.com\/senoticias1\" target=\"_blank\" rel=\"noreferrer noopener\">Facebook<\/a>\u00a0e no\u00a0<a href=\"https:\/\/www.instagram.com\/senoticias\/\" target=\"_blank\" rel=\"noreferrer noopener\">Instagram<\/a><\/em><\/strong><\/p>\n<p>Reda\u00e7\u00e3o SE Not\u00edcias, com informa\u00e7\u00f5es da SMTT<\/p>\n","protected":false},"excerpt":{"rendered":"<p>Um grave acidente de tr\u00e2nsito, com v\u00edtima fatal, foi registrado no final da tarde deste s\u00e1bado (25), no cruzamento da Avenida Conselheiro Jo\u00e3o Moreira Filho com a Rua C\u00f4nego Jos\u00e9 F\u00e9lix de Oliveira, no bairro Coroa do Meio, em Aracaju. A colis\u00e3o envolveu um autom\u00f3vel e uma motoneta. Segundo informa\u00e7\u00f5es apuradas pelo Portal SE Not\u00edcias, [&hellip;]<\/p>\n","protected":false},"author":6557,"featured_media":148675,"comment_status":"closed","ping_status":"closed","sticky":false,"template":"","format":"standard","meta":{"footnotes":""},"categories":[15,7],"tags":[44006,44005,16279,9498],"class_list":{"0":"post-148674","1":"post","2":"type-post","3":"status-publish","4":"format-standard","5":"has-post-thumbnail","7":"category-destaques","8":"category-policia","9":"tag-carona-da-motoneta","10":"tag-motoneta","11":"tag-transito-2","12":"tag-vitima"},"_links":{"self":[{"href":"https:\/\/senoticias.com.br\/se\/wp-json\/wp\/v2\/posts\/148674"}],"collection":[{"href":"https:\/\/senoticias.com.br\/se\/wp-json\/wp\/v2\/posts"}],"about":[{"href":"https:\/\/senoticias.com.br\/se\/wp-json\/wp\/v2\/types\/post"}],"author":[{"embeddable":true,"href":"https:\/\/senoticias.com.br\/se\/wp-json\/wp\/v2\/users\/6557"}],"replies":[{"embeddable":true,"href":"https:\/\/senoticias.com.br\/se\/wp-json\/wp\/v2\/comments?post=148674"}],"version-history":[{"count":0,"href":"https:\/\/senoticias.com.br\/se\/wp-json\/wp\/v2\/posts\/148674\/revisions"}],"wp:featuredmedia":[{"embeddable":true,"href":"https:\/\/senoticias.com.br\/se\/wp-json\/wp\/v2\/media\/148675"}],"wp:attachment":[{"href":"https:\/\/senoticias.com.br\/se\/wp-json\/wp\/v2\/media?parent=148674"}],"wp:term":[{"taxonomy":"category","embeddable":true,"href":"https:\/\/senoticias.com.br\/se\/wp-json\/wp\/v2\/categories?post=148674"},{"taxonomy":"post_tag","embeddable":true,"href":"https:\/\/senoticias.com.br\/se\/wp-json\/wp\/v2\/tags?post=148674"}],"curies":[{"name":"wp","href":"https:\/\/api.w.org\/{rel}","templated":true}]}}