{"id":148665,"date":"2025-07-25T14:26:08","date_gmt":"2025-07-25T17:26:08","guid":{"rendered":"https:\/\/senoticias.com.br\/se\/?p=148665"},"modified":"2025-07-25T14:26:08","modified_gmt":"2025-07-25T17:26:08","slug":"operacao-circuito-fechado-policia-civil-desarticula-serie-de-furtos-a-baterias-veiculares-em-todo-o-estado","status":"publish","type":"post","link":"https:\/\/senoticias.com.br\/se\/operacao-circuito-fechado-policia-civil-desarticula-serie-de-furtos-a-baterias-veiculares-em-todo-o-estado\/","title":{"rendered":"Opera\u00e7\u00e3o Circuito Fechado: Pol\u00edcia Civil desarticula s\u00e9rie de furtos a baterias veiculares em todo o estado"},"content":{"rendered":"<p data-end=\"861\" data-start=\"527\">A Pol\u00edcia Civil de Sergipe localizou, na noite dessa quinta-feira, 24, o principal suspeito de envolvimento em uma s\u00e9rie de furtos de baterias de ve\u00edculos em diversas regi\u00f5es do estado. A opera\u00e7\u00e3o, batizada de Circuito Fechado, foi coordenada pela 2\u00aa Delegacia Metropolitana (DM), com apoio do\u00a0Departamento de Intelig\u00eancia e Planejamento Policial.<\/p>\n<p data-end=\"861\" data-start=\"527\"><!--more--><a href=\"https:\/\/senoticias.com.br\/se\/wp-content\/uploads\/2025\/07\/IMG_0430-e1753464333921.jpeg\"><img loading=\"lazy\" decoding=\"async\" class=\"size-full wp-image-148666 aligncenter\" src=\"https:\/\/senoticias.com.br\/se\/wp-content\/uploads\/2025\/07\/IMG_0430-e1753464333921.jpeg\" alt=\"\" width=\"599\" height=\"398\" \/><\/a><\/p>\n<p data-end=\"1179\" data-start=\"863\">Ap\u00f3s cerca de oito meses de investiga\u00e7\u00e3o, foi poss\u00edvel identificar Domingos dos Santos Neto como respons\u00e1vel por uma atua\u00e7\u00e3o criminosa sistem\u00e1tica, com registros confirmados em ao menos sete munic\u00edpios, entre eles Aracaju, Nossa Senhora do Socorro, Ribeir\u00f3polis, Ros\u00e1rio do Catete, Capela, S\u00e3o Crist\u00f3v\u00e3o e Itabaiana.<\/p>\n<p data-end=\"1544\" data-start=\"1181\">De acordo com as investiga\u00e7\u00f5es, o suspeito agia principalmente durante a madrugada. Ele utilizava diferentes ve\u00edculos para se deslocar at\u00e9 \u00e1reas com pouco movimento, onde arrombava compartimentos de seguran\u00e7a de caminh\u00f5es, \u00f4nibus e carretas, subtra\u00eda as baterias automotivas e fugia rapidamente, muitas vezes de r\u00e9 ou pela contram\u00e3o, para evitar ser identificado.<\/p>\n<p data-end=\"1872\" data-start=\"1546\">As imagens de c\u00e2meras de seguran\u00e7a de com\u00e9rcios e resid\u00eancias foram fundamentais para conectar as a\u00e7\u00f5es criminosas e comprovar a repeti\u00e7\u00e3o do mesmo padr\u00e3o de atua\u00e7\u00e3o em diversas localidades. Tamb\u00e9m foram identificados processos criminais em curso contra o investigado, cujos registros se estendem entre os anos de 2007 e 2021.<\/p>\n<p data-end=\"2043\" data-start=\"1874\">Considerando a gravidade dos fatos e o risco de novas ocorr\u00eancias, a Pol\u00edcia Civil representou pela pris\u00e3o preventiva do suspeito, medida concedida pelo Poder Judici\u00e1rio.<\/p>\n<p data-end=\"2358\" data-start=\"2045\">Durante o cumprimento do mandado judicial, na regi\u00e3o da ponte Construtor Jo\u00e3o Alves, que liga os munic\u00edpios de Aracaju e Barra dos Coqueiros, o suspeito resistiu \u00e0 abordagem e efetuou disparos contra a equipe policial, que reagiu \u00e0 agress\u00e3o. Ele foi socorrido, mas n\u00e3o resistiu aos ferimentos e morreu ap\u00f3s dar entrada no Hospital de Urg\u00eancia de Sergipe (Huse).<\/p>\n<p data-end=\"2515\" data-start=\"2360\">Na a\u00e7\u00e3o, foram apreendidos uma arma de fogo, ferramentas utilizadas nos arrombamentos, baterias de caminh\u00f5es e o ve\u00edculo utilizado nas pr\u00e1ticas criminosas.<\/p>\n<p data-end=\"2515\" data-start=\"2360\"><strong><em>Acompanhe tamb\u00e9m o SE Not\u00edcias no\u00a0<a href=\"https:\/\/twitter.com\/Senoticias\" target=\"_blank\" rel=\"noreferrer noopener\">Twitter<\/a>,\u00a0<a href=\"https:\/\/www.facebook.com\/senoticias1\" target=\"_blank\" rel=\"noreferrer noopener\">Facebook<\/a>\u00a0e no\u00a0<a href=\"https:\/\/www.instagram.com\/senoticias\/\" target=\"_blank\" rel=\"noreferrer noopener\">Instagram<\/a><\/em><\/strong><\/p>\n","protected":false},"excerpt":{"rendered":"<p>A Pol\u00edcia Civil de Sergipe localizou, na noite dessa quinta-feira, 24, o principal suspeito de envolvimento em uma s\u00e9rie de furtos de baterias de ve\u00edculos em diversas regi\u00f5es do estado. A opera\u00e7\u00e3o, batizada de Circuito Fechado, foi coordenada pela 2\u00aa Delegacia Metropolitana (DM), com apoio do\u00a0Departamento de Intelig\u00eancia e Planejamento Policial.<\/p>\n","protected":false},"author":6557,"featured_media":0,"comment_status":"closed","ping_status":"closed","sticky":false,"template":"","format":"standard","meta":{"footnotes":""},"categories":[15,7],"tags":[44002,78],"class_list":{"0":"post-148665","1":"post","2":"type-post","3":"status-publish","4":"format-standard","6":"category-destaques","7":"category-policia","8":"tag-operacao-circuito-fechado","9":"tag-policia-civil"},"_links":{"self":[{"href":"https:\/\/senoticias.com.br\/se\/wp-json\/wp\/v2\/posts\/148665"}],"collection":[{"href":"https:\/\/senoticias.com.br\/se\/wp-json\/wp\/v2\/posts"}],"about":[{"href":"https:\/\/senoticias.com.br\/se\/wp-json\/wp\/v2\/types\/post"}],"author":[{"embeddable":true,"href":"https:\/\/senoticias.com.br\/se\/wp-json\/wp\/v2\/users\/6557"}],"replies":[{"embeddable":true,"href":"https:\/\/senoticias.com.br\/se\/wp-json\/wp\/v2\/comments?post=148665"}],"version-history":[{"count":0,"href":"https:\/\/senoticias.com.br\/se\/wp-json\/wp\/v2\/posts\/148665\/revisions"}],"wp:attachment":[{"href":"https:\/\/senoticias.com.br\/se\/wp-json\/wp\/v2\/media?parent=148665"}],"wp:term":[{"taxonomy":"category","embeddable":true,"href":"https:\/\/senoticias.com.br\/se\/wp-json\/wp\/v2\/categories?post=148665"},{"taxonomy":"post_tag","embeddable":true,"href":"https:\/\/senoticias.com.br\/se\/wp-json\/wp\/v2\/tags?post=148665"}],"curies":[{"name":"wp","href":"https:\/\/api.w.org\/{rel}","templated":true}]}}