{"id":148623,"date":"2025-07-23T12:55:16","date_gmt":"2025-07-23T15:55:16","guid":{"rendered":"https:\/\/senoticias.com.br\/se\/?p=148623"},"modified":"2025-07-23T12:55:16","modified_gmt":"2025-07-23T15:55:16","slug":"ficco-se-apreende-110-kg-de-maconha-em-frei-paulo","status":"publish","type":"post","link":"https:\/\/senoticias.com.br\/se\/ficco-se-apreende-110-kg-de-maconha-em-frei-paulo\/","title":{"rendered":"FICCO\/SE apreende 110 kg de maconha em Frei Paulo"},"content":{"rendered":"<p>Na madrugada desta ter\u00e7a-feira (22), equipes da Pol\u00edcia de Militar de Sergipe, em opera\u00e7\u00e3o conjunta com a For\u00e7a Integrada de Combate ao Crime Organizado (FICCO\/SE), apreenderam 110 kg de maconha na BR-235, em Frei Paulo. Tr\u00eas suspeitos foram presos.<\/p>\n<p><a href=\"https:\/\/senoticias.com.br\/se\/wp-content\/uploads\/2025\/07\/IMG_0342-e1753286079515.jpeg\"><img loading=\"lazy\" decoding=\"async\" class=\"size-full wp-image-148624 aligncenter\" src=\"https:\/\/senoticias.com.br\/se\/wp-content\/uploads\/2025\/07\/IMG_0342-e1753286079515.jpeg\" alt=\"\" width=\"599\" height=\"399\" \/><\/a><\/p>\n<p>A opera\u00e7\u00e3o contou com a participa\u00e7\u00e3o da Pol\u00edcia Federal, do Batalh\u00e3o de Radiopatrulha (BPRp) e do Batalh\u00e3o de Pol\u00edcia de Caatinga (BPCaatinga). O objetivo era realizar um bloqueio policial na BR-235, visando interceptar comboio suspeito de transporte interestadual de drogas.\u00a0O grupo era composto por tr\u00eas ve\u00edculos: dois autom\u00f3veis de passeio e uma caminhonete.<\/p>\n<p>Durante a abordagem, foram encontrados cinco sacos pretos na ca\u00e7amba da caminhonete, contendo aproximadamente 110 kg de flor de maconha, fracionada em pacotes de 500g.<\/p>\n<p>Os tr\u00eas suspeitos foram detidos no local e conduzidos \u00e0 Superintend\u00eancia da Pol\u00edcia Federal, em Aracaju\u00a0para formaliza\u00e7\u00e3o do flagrante, juntamente com o material apreendido. Uma mulher foi ouvida e liberada.<\/p>\n<p>A FICCO\/SE \u00e9 composta por integrantes da Pol\u00edcia Federal, Pol\u00edcia Civil, Pol\u00edcia Militar, Pol\u00edcia Penal e Secretaria Nacional de Pol\u00edticas Penais e tem como objetivo a integra\u00e7\u00e3o das for\u00e7as de seguran\u00e7a em a\u00e7\u00f5es de combate ao crime organizado.<\/p>\n<p><strong><em>Acompanhe tamb\u00e9m o SE Not\u00edcias no\u00a0<a href=\"https:\/\/twitter.com\/Senoticias\" target=\"_blank\" rel=\"noreferrer noopener\">Twitter<\/a>,\u00a0<a href=\"https:\/\/www.facebook.com\/senoticias1\" target=\"_blank\" rel=\"noreferrer noopener\">Facebook<\/a>\u00a0e no\u00a0<a href=\"https:\/\/www.instagram.com\/senoticias\/\" target=\"_blank\" rel=\"noreferrer noopener\">Instagram<\/a><\/em><\/strong><\/p>\n<p>Fonte: Ascom PM\/SE<\/p>\n","protected":false},"excerpt":{"rendered":"<p>Na madrugada desta ter\u00e7a-feira (22), equipes da Pol\u00edcia de Militar de Sergipe, em opera\u00e7\u00e3o conjunta com a For\u00e7a Integrada de Combate ao Crime Organizado (FICCO\/SE), apreenderam 110 kg de maconha na BR-235, em Frei Paulo. Tr\u00eas suspeitos foram presos. A opera\u00e7\u00e3o contou com a participa\u00e7\u00e3o da Pol\u00edcia Federal, do Batalh\u00e3o de Radiopatrulha (BPRp) e do [&hellip;]<\/p>\n","protected":false},"author":6557,"featured_media":0,"comment_status":"closed","ping_status":"closed","sticky":false,"template":"","format":"standard","meta":{"footnotes":""},"categories":[15,7],"tags":[3948,41253],"class_list":{"0":"post-148623","1":"post","2":"type-post","3":"status-publish","4":"format-standard","6":"category-destaques","7":"category-policia","8":"tag-apreensao-de-drogas","9":"tag-ficco"},"_links":{"self":[{"href":"https:\/\/senoticias.com.br\/se\/wp-json\/wp\/v2\/posts\/148623"}],"collection":[{"href":"https:\/\/senoticias.com.br\/se\/wp-json\/wp\/v2\/posts"}],"about":[{"href":"https:\/\/senoticias.com.br\/se\/wp-json\/wp\/v2\/types\/post"}],"author":[{"embeddable":true,"href":"https:\/\/senoticias.com.br\/se\/wp-json\/wp\/v2\/users\/6557"}],"replies":[{"embeddable":true,"href":"https:\/\/senoticias.com.br\/se\/wp-json\/wp\/v2\/comments?post=148623"}],"version-history":[{"count":0,"href":"https:\/\/senoticias.com.br\/se\/wp-json\/wp\/v2\/posts\/148623\/revisions"}],"wp:attachment":[{"href":"https:\/\/senoticias.com.br\/se\/wp-json\/wp\/v2\/media?parent=148623"}],"wp:term":[{"taxonomy":"category","embeddable":true,"href":"https:\/\/senoticias.com.br\/se\/wp-json\/wp\/v2\/categories?post=148623"},{"taxonomy":"post_tag","embeddable":true,"href":"https:\/\/senoticias.com.br\/se\/wp-json\/wp\/v2\/tags?post=148623"}],"curies":[{"name":"wp","href":"https:\/\/api.w.org\/{rel}","templated":true}]}}