{"id":148621,"date":"2025-07-23T12:31:46","date_gmt":"2025-07-23T15:31:46","guid":{"rendered":"https:\/\/senoticias.com.br\/se\/?p=148621"},"modified":"2025-07-23T12:31:46","modified_gmt":"2025-07-23T15:31:46","slug":"policia-civil-localiza-em-aracaju-integrantes-de-organizacao-criminosa-responsavel-por-trafico-de-drogas-em-itabaiana","status":"publish","type":"post","link":"https:\/\/senoticias.com.br\/se\/policia-civil-localiza-em-aracaju-integrantes-de-organizacao-criminosa-responsavel-por-trafico-de-drogas-em-itabaiana\/","title":{"rendered":"Pol\u00edcia Civil localiza, em Aracaju, integrantes de organiza\u00e7\u00e3o criminosa respons\u00e1vel por tr\u00e1fico de drogas em Itabaiana"},"content":{"rendered":"<p>A continuidade das investiga\u00e7\u00f5es que localizaram A\u00e9lio Oliveira Santiago, apontado como um dos l\u00edderes do tr\u00e1fico de drogas em Itabaiana, levou a Delegacia Regional a identificar o homem que atuava como gerente do tr\u00e1fico na associa\u00e7\u00e3o criminosa e que estava com oito mandados de pris\u00e3o em aberto.<\/p>\n<blockquote><p><a href=\"https:\/\/senoticias.com.br\/se\/wp-content\/uploads\/2025\/07\/IMG_0340-e1753284661458.jpeg\"><img loading=\"lazy\" decoding=\"async\" class=\"size-full wp-image-148622 aligncenter\" src=\"https:\/\/senoticias.com.br\/se\/wp-content\/uploads\/2025\/07\/IMG_0340-e1753284661458.jpeg\" alt=\"\" width=\"599\" height=\"449\" \/><\/a>Na opera\u00e7\u00e3o que aconteceu nesta ter\u00e7a-feira (22), em Itabaiana e Aracaju, ele entrou em confronto com a pol\u00edcia. Foram apreendidos 14 tabletes de maconha, uma arma, quatro aparelhos celulares, um ve\u00edculo Audi de cor branca, e uma mulher que responde pelo crime de homic\u00eddio qualificado na Bahia tamb\u00e9m foi presa em flagrante por tr\u00e1fico de drogas.<\/p><\/blockquote>\n<p>Segundo o delegado F\u00e1bio Pimentel, nos \u00faltimos meses, uma s\u00e9rie de opera\u00e7\u00f5es resultou na pris\u00e3o de diversos traficantes associados \u00e0 organiza\u00e7\u00e3o criminosa. Os presos indicaram A\u00e9lio como o principal fornecedor de entorpecentes na regi\u00e3o. A Delegacia representou pela pris\u00e3o, e a Justi\u00e7a decretou a deten\u00e7\u00e3o, mas, no \u00faltimo dia 15, durante a tentativa de cumprimento da decis\u00e3o judicial, ele entrou em confronto, foi socorrido, mas n\u00e3o resistiu e veio a \u00f3bito.<\/p>\n<p>O trabalho investigativo teve sequ\u00eancia e, nesta ter\u00e7a-feira, policiais civis chegaram a um im\u00f3vel no bairro Invas\u00e3o, em Itabaiana, que servia de dep\u00f3sito para a associa\u00e7\u00e3o criminosa. No local, foram apreendidos 14 tabletes de maconha, que seriam da sobrinha e do cunhado de A\u00e9lio, que era o gerente do tr\u00e1fico e usava um ve\u00edculo Audi de cor branca na atividade criminosa.<br \/>\nA opera\u00e7\u00e3o teve continuidade em Aracaju, onde os policiais tentaram abordar o investigado, que reagiu e entrou em confronto. Ele foi socorrido, mas n\u00e3o resistiu e veio a \u00f3bito. O suspeito estava com oito mandados de pris\u00e3o em aberto e era apontado como o autor de um inc\u00eandio contra um desafeto do tr\u00e1fico de drogas. Al\u00e9m disso, o investigado tinha outras passagens criminais, inclusive pelo crime de les\u00e3o corporal.<\/p>\n<p>Na a\u00e7\u00e3o, a sobrinha de A\u00e9lio, que tamb\u00e9m seria dona da droga apreendida, foi presa. Ela j\u00e1 responde pelo crime de homic\u00eddio qualificado na Bahia.<br \/>\nAs investiga\u00e7\u00f5es prosseguem para identificar outros envolvidos e desarticular completamente o grupo criminoso. Informa\u00e7\u00f5es e den\u00fancias sobre suspeitos de tr\u00e1fico de drogas podem ser repassadas anonimamente \u00e0 pol\u00edcia por meio do Disque-Den\u00fancia, no telefone 181. O sigilo do denunciante \u00e9 garantido.<\/p>\n<p><strong><em>Acompanhe tamb\u00e9m o SE Not\u00edcias no\u00a0<a href=\"https:\/\/twitter.com\/Senoticias\" target=\"_blank\" rel=\"noreferrer noopener\">Twitter<\/a>,\u00a0<a href=\"https:\/\/www.facebook.com\/senoticias1\" target=\"_blank\" rel=\"noreferrer noopener\">Facebook<\/a>\u00a0e no\u00a0<a href=\"https:\/\/www.instagram.com\/senoticias\/\" target=\"_blank\" rel=\"noreferrer noopener\">Instagram<\/a><\/em><\/strong><\/p>\n<p>Fonte: SSP SE<\/p>\n","protected":false},"excerpt":{"rendered":"<p>A continuidade das investiga\u00e7\u00f5es que localizaram A\u00e9lio Oliveira Santiago, apontado como um dos l\u00edderes do tr\u00e1fico de drogas em Itabaiana, levou a Delegacia Regional a identificar o homem que atuava como gerente do tr\u00e1fico na associa\u00e7\u00e3o criminosa e que estava com oito mandados de pris\u00e3o em aberto. Na opera\u00e7\u00e3o que aconteceu nesta ter\u00e7a-feira (22), em [&hellip;]<\/p>\n","protected":false},"author":6557,"featured_media":0,"comment_status":"closed","ping_status":"closed","sticky":false,"template":"","format":"standard","meta":{"footnotes":""},"categories":[15,7],"tags":[78,3175],"class_list":{"0":"post-148621","1":"post","2":"type-post","3":"status-publish","4":"format-standard","6":"category-destaques","7":"category-policia","8":"tag-policia-civil","9":"tag-trafico-de-drogas"},"_links":{"self":[{"href":"https:\/\/senoticias.com.br\/se\/wp-json\/wp\/v2\/posts\/148621"}],"collection":[{"href":"https:\/\/senoticias.com.br\/se\/wp-json\/wp\/v2\/posts"}],"about":[{"href":"https:\/\/senoticias.com.br\/se\/wp-json\/wp\/v2\/types\/post"}],"author":[{"embeddable":true,"href":"https:\/\/senoticias.com.br\/se\/wp-json\/wp\/v2\/users\/6557"}],"replies":[{"embeddable":true,"href":"https:\/\/senoticias.com.br\/se\/wp-json\/wp\/v2\/comments?post=148621"}],"version-history":[{"count":0,"href":"https:\/\/senoticias.com.br\/se\/wp-json\/wp\/v2\/posts\/148621\/revisions"}],"wp:attachment":[{"href":"https:\/\/senoticias.com.br\/se\/wp-json\/wp\/v2\/media?parent=148621"}],"wp:term":[{"taxonomy":"category","embeddable":true,"href":"https:\/\/senoticias.com.br\/se\/wp-json\/wp\/v2\/categories?post=148621"},{"taxonomy":"post_tag","embeddable":true,"href":"https:\/\/senoticias.com.br\/se\/wp-json\/wp\/v2\/tags?post=148621"}],"curies":[{"name":"wp","href":"https:\/\/api.w.org\/{rel}","templated":true}]}}