{"id":148572,"date":"2025-07-20T16:02:28","date_gmt":"2025-07-20T19:02:28","guid":{"rendered":"https:\/\/senoticias.com.br\/se\/?p=148572"},"modified":"2025-07-20T16:08:00","modified_gmt":"2025-07-20T19:08:00","slug":"vice-governador-zezinho-sobral-e-hospitalizado-apos-passar-mal-na-praia-da-caueira","status":"publish","type":"post","link":"https:\/\/senoticias.com.br\/se\/vice-governador-zezinho-sobral-e-hospitalizado-apos-passar-mal-na-praia-da-caueira\/","title":{"rendered":"Vice-governador Zezinho Sobral \u00e9 hospitalizado ap\u00f3s passar mal na Praia da Caueira"},"content":{"rendered":"<p data-start=\"294\" data-end=\"471\">O vice-governador de Sergipe e secret\u00e1rio de Estado da Educa\u00e7\u00e3o, Zezinho Sobral, passou mal na tarde deste domingo (20), na Praia da Caueira, no munic\u00edpio de Itaporanga D\u2019Ajuda.<\/p>\n<div id=\"attachment_118293\" style=\"width: 609px\" class=\"wp-caption aligncenter\"><a href=\"https:\/\/senoticias.com.br\/se\/wp-content\/uploads\/2019\/05\/unnamed-1-800x782-e1557218784651.jpg\"><img loading=\"lazy\" decoding=\"async\" aria-describedby=\"caption-attachment-118293\" class=\"size-full wp-image-118293\" src=\"https:\/\/senoticias.com.br\/se\/wp-content\/uploads\/2019\/05\/unnamed-1-800x782-e1557218784651.jpg\" alt=\"\" width=\"599\" height=\"586\" \/><\/a><p id=\"caption-attachment-118293\" class=\"wp-caption-text\">Segundo a assessoria de comunica\u00e7\u00e3o do vice-governador, Zezinho estava com a fam\u00edlia quando teve um mal-estar &#8211; Foto: arquivo\/Ag\u00eancia Alese<\/p><\/div>\n<p data-start=\"473\" data-end=\"725\">O vice-governador e secret\u00e1rio de Estado da Educa\u00e7\u00e3o, Zezinho Sobral, teve um mal-estar neste domingo (20), em ambiente familiar. Foi atendido pelo Servi\u00e7o de Atendimento M\u00f3vel de Urg\u00eancia (Samu 192 Sergipe) e encaminhado para acompanhamento hospitalar. Zezinho est\u00e1 internado em observa\u00e7\u00e3o, sob cuidados m\u00e9dicos, realizando exames, e o quadro de sa\u00fade \u00e9 considerado est\u00e1vel.<\/p>\n<p>Pelas redes sociais, <strong>o governador do Estado, F\u00e1bio Mitidieri<\/strong>, prestou solidariedade ao vice-governador:<\/p>\n<p><strong>\u201c<\/strong>Receba meus votos de plena recupera\u00e7\u00e3o, meu vice e amigo @zezinhosobralsergipe. Sei de sua dedica\u00e7\u00e3o ao nosso estado e pela educa\u00e7\u00e3o p\u00fablica.<br \/>\nEstamos na torcida por sua melhora para seguirmos trabalhando por Sergipe!<strong>\u201d<\/strong><\/p>\n<p data-start=\"885\" data-end=\"915\">Embora a assessoria do vice-governador n\u00e3o tenha confirmado oficialmente,<strong><em> a reda\u00e7\u00e3o do portal SE Not\u00edcias<\/em><\/strong> recebeu, de uma fonte, a informa\u00e7\u00e3o de que o vice-governador foi transferido pelo Grupamento T\u00e1tico A\u00e9reo (GTA) da SSP\/SE. Estamos na torcida por sua plena recupera\u00e7\u00e3o.<\/p>\n<p data-start=\"885\" data-end=\"915\"><strong><em>Acompanhe tamb\u00e9m o SE Not\u00edcias no\u00a0<a href=\"https:\/\/twitter.com\/Senoticias\" target=\"_blank\" rel=\"noreferrer noopener\">Twitter<\/a>,\u00a0<a href=\"https:\/\/www.facebook.com\/senoticias1\" target=\"_blank\" rel=\"noreferrer noopener\">Facebook<\/a>\u00a0e no\u00a0<a href=\"https:\/\/www.instagram.com\/senoticias\/\" target=\"_blank\" rel=\"noreferrer noopener\">Instagram<\/a><\/em><\/strong><\/p>\n<p data-start=\"885\" data-end=\"915\">Reda\u00e7\u00e3o SE Not\u00edcias<\/p>\n<blockquote data-start=\"917\" data-end=\"1294\">\n<p data-start=\"919\" data-end=\"1294\">\n<\/blockquote>\n","protected":false},"excerpt":{"rendered":"<p>O vice-governador de Sergipe e secret\u00e1rio de Estado da Educa\u00e7\u00e3o, Zezinho Sobral, passou mal na tarde deste domingo (20), na Praia da Caueira, no munic\u00edpio de Itaporanga D\u2019Ajuda. O vice-governador e secret\u00e1rio de Estado da Educa\u00e7\u00e3o, Zezinho Sobral, teve um mal-estar neste domingo (20), em ambiente familiar. Foi atendido pelo Servi\u00e7o de Atendimento M\u00f3vel de [&hellip;]<\/p>\n","protected":false},"author":6557,"featured_media":118293,"comment_status":"closed","ping_status":"closed","sticky":false,"template":"","format":"standard","meta":{"footnotes":""},"categories":[15,7],"tags":[43973,6796],"class_list":{"0":"post-148572","1":"post","2":"type-post","3":"status-publish","4":"format-standard","5":"has-post-thumbnail","7":"category-destaques","8":"category-policia","9":"tag-vice-governador-zezinho-sobral","10":"tag-zezinho-sobral"},"_links":{"self":[{"href":"https:\/\/senoticias.com.br\/se\/wp-json\/wp\/v2\/posts\/148572"}],"collection":[{"href":"https:\/\/senoticias.com.br\/se\/wp-json\/wp\/v2\/posts"}],"about":[{"href":"https:\/\/senoticias.com.br\/se\/wp-json\/wp\/v2\/types\/post"}],"author":[{"embeddable":true,"href":"https:\/\/senoticias.com.br\/se\/wp-json\/wp\/v2\/users\/6557"}],"replies":[{"embeddable":true,"href":"https:\/\/senoticias.com.br\/se\/wp-json\/wp\/v2\/comments?post=148572"}],"version-history":[{"count":0,"href":"https:\/\/senoticias.com.br\/se\/wp-json\/wp\/v2\/posts\/148572\/revisions"}],"wp:featuredmedia":[{"embeddable":true,"href":"https:\/\/senoticias.com.br\/se\/wp-json\/wp\/v2\/media\/118293"}],"wp:attachment":[{"href":"https:\/\/senoticias.com.br\/se\/wp-json\/wp\/v2\/media?parent=148572"}],"wp:term":[{"taxonomy":"category","embeddable":true,"href":"https:\/\/senoticias.com.br\/se\/wp-json\/wp\/v2\/categories?post=148572"},{"taxonomy":"post_tag","embeddable":true,"href":"https:\/\/senoticias.com.br\/se\/wp-json\/wp\/v2\/tags?post=148572"}],"curies":[{"name":"wp","href":"https:\/\/api.w.org\/{rel}","templated":true}]}}