{"id":148562,"date":"2025-07-19T12:08:50","date_gmt":"2025-07-19T15:08:50","guid":{"rendered":"https:\/\/senoticias.com.br\/se\/?p=148562"},"modified":"2025-07-19T12:08:50","modified_gmt":"2025-07-19T15:08:50","slug":"educacao-de-sao-cristovao-conquista-1o-lugar-no-saese-pelo-segundo-ano-consecutivo","status":"publish","type":"post","link":"https:\/\/senoticias.com.br\/se\/educacao-de-sao-cristovao-conquista-1o-lugar-no-saese-pelo-segundo-ano-consecutivo\/","title":{"rendered":"Educa\u00e7\u00e3o de S\u00e3o Crist\u00f3v\u00e3o conquista 1\u00ba lugar no Saese pelo segundo ano consecutivo"},"content":{"rendered":"<p>Por mais um ano consecutivo, o munic\u00edpio de S\u00e3o Crist\u00f3v\u00e3o conquistou o primeiro lugar no Sistema de Avalia\u00e7\u00e3o da Educa\u00e7\u00e3o B\u00e1sica de Sergipe (Saese), nas categorias de alfabetiza\u00e7\u00e3o e anos iniciais do Ensino Fundamental. O resultado foi divulgado nesta ter\u00e7a-feira, 15 de julho.<\/p>\n<p>Consolidando-se como refer\u00eancia em educa\u00e7\u00e3o no estado, a &#8220;Cidade M\u00e3e Educadora&#8221; reafirma o compromisso com a qualidade da forma\u00e7\u00e3o das crian\u00e7as da rede municipal.<\/p>\n<p>Com m\u00e9dia de 813,7 pontos, S\u00e3o Crist\u00f3v\u00e3o superou em mais de 60 pontos a m\u00e9dia da rede p\u00fablica estadual no \u00edndice de alfabetiza\u00e7\u00e3o. Os anos iniciais tamb\u00e9m se destacaram: al\u00e9m de registrarem a nota mais alta, o munic\u00edpio foi um dos nove em todo o estado a atingir um resultado considerado adequado.<\/p>\n<div id=\"attachment_148563\" style=\"width: 607px\" class=\"wp-caption aligncenter\"><a href=\"https:\/\/senoticias.com.br\/se\/wp-content\/uploads\/2025\/07\/primeioro-lugar-na-eduacacao-se-noticias.jpg\"><img loading=\"lazy\" decoding=\"async\" aria-describedby=\"caption-attachment-148563\" class=\"size-full wp-image-148563\" src=\"https:\/\/senoticias.com.br\/se\/wp-content\/uploads\/2025\/07\/primeioro-lugar-na-eduacacao-se-noticias.jpg\" alt=\"\" width=\"597\" height=\"398\" srcset=\"https:\/\/senoticias.com.br\/se\/wp-content\/uploads\/2025\/07\/primeioro-lugar-na-eduacacao-se-noticias.jpg 597w, https:\/\/senoticias.com.br\/se\/wp-content\/uploads\/2025\/07\/primeioro-lugar-na-eduacacao-se-noticias-300x200.jpg 300w, https:\/\/senoticias.com.br\/se\/wp-content\/uploads\/2025\/07\/primeioro-lugar-na-eduacacao-se-noticias-90x60.jpg 90w, https:\/\/senoticias.com.br\/se\/wp-content\/uploads\/2025\/07\/primeioro-lugar-na-eduacacao-se-noticias-180x120.jpg 180w, https:\/\/senoticias.com.br\/se\/wp-content\/uploads\/2025\/07\/primeioro-lugar-na-eduacacao-se-noticias-95x64.jpg 95w\" sizes=\"(max-width: 597px) 100vw, 597px\" \/><\/a><p id=\"caption-attachment-148563\" class=\"wp-caption-text\">S\u00e3o Crist\u00f3v\u00e3o mant\u00e9m 1\u00ba lugar no Saese &#8211; Foto: Heitor Xavier\/ascom\/PMSC<\/p><\/div>\n<p>Nos anos finais do Ensino Fundamental, S\u00e3o Crist\u00f3v\u00e3o obteve mais uma conquista: ficou entre as nove melhores notas do estado e alcan\u00e7ou o primeiro lugar entre os munic\u00edpios da Diretoria Regional de Educa\u00e7\u00e3o (DRE) 8, que abrange Aracaju, Nossa Senhora do Socorro, Barra dos Coqueiros, Santo Amaro das Brotas, Laranjeiras, Riachuelo, Santa Rosa de Lima e Itaporanga D&#8217;Ajuda.<\/p>\n<p>De acordo com o <strong>prefeito J\u00falio Nascimento<\/strong>, o resultado \u00e9 fruto de um trabalho pautado em planejamento estrat\u00e9gico, metas ousadas e investimentos cont\u00ednuos. \u201cSe mantivermos esse ritmo de trabalho e dedica\u00e7\u00e3o, alcan\u00e7aremos n\u00fameros ainda maiores\u201d, afirmou o gestor.<\/p>\n<p>A <strong>secret\u00e1ria municipal de Educa\u00e7\u00e3o, Deise Barroso<\/strong>, destacou os avan\u00e7os significativos na alfabetiza\u00e7\u00e3o infantil, resultado da aplica\u00e7\u00e3o de estrat\u00e9gias pedag\u00f3gicas eficazes e da constante qualifica\u00e7\u00e3o da rede de ensino.<\/p>\n<p>Ela ressaltou ainda a import\u00e2ncia da forma\u00e7\u00e3o continuada dos professores, da utiliza\u00e7\u00e3o de materiais did\u00e1ticos estruturados e da cria\u00e7\u00e3o de ambientes de leitura nas escolas. Essas a\u00e7\u00f5es, segundo Deise, s\u00e3o fundamentais para o sucesso do processo de alfabetiza\u00e7\u00e3o.<\/p>\n<p>Al\u00e9m disso, a secret\u00e1ria enfatizou os investimentos em infraestrutura escolar, como a climatiza\u00e7\u00e3o das salas de aula e a aquisi\u00e7\u00e3o de equipamentos tecnol\u00f3gicos \u2014 entre eles, lousas digitais e tablets \u2014 que t\u00eam tornado as aulas mais interativas e din\u00e2micas.<\/p>\n<p>Como reconhecimento por esses esfor\u00e7os, S\u00e3o Crist\u00f3v\u00e3o conquistou, pelo segundo ano consecutivo, o Selo Ouro do Minist\u00e9rio da Educa\u00e7\u00e3o, que certifica o compromisso com a alfabetiza\u00e7\u00e3o na idade certa.<\/p>\n<p>\u201cNosso objetivo \u00e9 continuar avan\u00e7ando, garantindo que todas as crian\u00e7as do munic\u00edpio tenham acesso a uma educa\u00e7\u00e3o de qualidade e estejam preparadas para os desafios do futuro\u201d, concluiu Deise Barroso.<\/p>\n<p><strong><em>Acompanhe tamb\u00e9m o SE Not\u00edcias no\u00a0<a href=\"https:\/\/twitter.com\/Senoticias\" target=\"_blank\" rel=\"noreferrer noopener\">Twitter<\/a>,\u00a0<a href=\"https:\/\/www.facebook.com\/senoticias1\" target=\"_blank\" rel=\"noreferrer noopener\">Facebook<\/a>\u00a0e no\u00a0<a href=\"https:\/\/www.instagram.com\/senoticias\/\" target=\"_blank\" rel=\"noreferrer noopener\">Instagram<\/a><\/em><\/strong><\/p>\n<p>Reda\u00e7\u00e3o SE Not\u00edcias, com informa\u00e7\u00f5es da ascom\/PMSC<\/p>\n","protected":false},"excerpt":{"rendered":"<p>Por mais um ano consecutivo, o munic\u00edpio de S\u00e3o Crist\u00f3v\u00e3o conquistou o primeiro lugar no Sistema de Avalia\u00e7\u00e3o da Educa\u00e7\u00e3o B\u00e1sica de Sergipe (Saese), nas categorias de alfabetiza\u00e7\u00e3o e anos iniciais do Ensino Fundamental. O resultado foi divulgado nesta ter\u00e7a-feira, 15 de julho. Consolidando-se como refer\u00eancia em educa\u00e7\u00e3o no estado, a &#8220;Cidade M\u00e3e Educadora&#8221; reafirma [&hellip;]<\/p>\n","protected":false},"author":6557,"featured_media":148563,"comment_status":"closed","ping_status":"closed","sticky":false,"template":"","format":"standard","meta":{"footnotes":""},"categories":[15,6],"tags":[43972,81,43969,43971,43970],"class_list":{"0":"post-148562","1":"post","2":"type-post","3":"status-publish","4":"format-standard","5":"has-post-thumbnail","7":"category-destaques","8":"category-politica","9":"tag-cidade-mae-educacao","10":"tag-prefeitura-de-sao-cristovao","11":"tag-primeiro-lugar-na-educacao","12":"tag-primeiro-lugar-saese","13":"tag-saese"},"_links":{"self":[{"href":"https:\/\/senoticias.com.br\/se\/wp-json\/wp\/v2\/posts\/148562"}],"collection":[{"href":"https:\/\/senoticias.com.br\/se\/wp-json\/wp\/v2\/posts"}],"about":[{"href":"https:\/\/senoticias.com.br\/se\/wp-json\/wp\/v2\/types\/post"}],"author":[{"embeddable":true,"href":"https:\/\/senoticias.com.br\/se\/wp-json\/wp\/v2\/users\/6557"}],"replies":[{"embeddable":true,"href":"https:\/\/senoticias.com.br\/se\/wp-json\/wp\/v2\/comments?post=148562"}],"version-history":[{"count":0,"href":"https:\/\/senoticias.com.br\/se\/wp-json\/wp\/v2\/posts\/148562\/revisions"}],"wp:featuredmedia":[{"embeddable":true,"href":"https:\/\/senoticias.com.br\/se\/wp-json\/wp\/v2\/media\/148563"}],"wp:attachment":[{"href":"https:\/\/senoticias.com.br\/se\/wp-json\/wp\/v2\/media?parent=148562"}],"wp:term":[{"taxonomy":"category","embeddable":true,"href":"https:\/\/senoticias.com.br\/se\/wp-json\/wp\/v2\/categories?post=148562"},{"taxonomy":"post_tag","embeddable":true,"href":"https:\/\/senoticias.com.br\/se\/wp-json\/wp\/v2\/tags?post=148562"}],"curies":[{"name":"wp","href":"https:\/\/api.w.org\/{rel}","templated":true}]}}