{"id":148560,"date":"2025-07-18T21:56:57","date_gmt":"2025-07-19T00:56:57","guid":{"rendered":"https:\/\/senoticias.com.br\/se\/?p=148560"},"modified":"2025-07-18T21:56:57","modified_gmt":"2025-07-19T00:56:57","slug":"policia-federal-divulga-imagens-de-dinheiro-vivo-apreendido-na-casa-de-bolsonaro-confira","status":"publish","type":"post","link":"https:\/\/senoticias.com.br\/se\/policia-federal-divulga-imagens-de-dinheiro-vivo-apreendido-na-casa-de-bolsonaro-confira\/","title":{"rendered":"Pol\u00edcia Federal divulga imagens de dinheiro vivo apreendido na casa de Bolsonaro; confira"},"content":{"rendered":"<p>A Pol\u00edcia Federal divulgou, na noite desta sexta-feira, 18, imagens das c\u00e9dulas de dinheiro apreendidas durante o cumprimento de mandado de busca e apreens\u00e3o na casa do ex-presidente Jair Bolsonaro (PL). Ao todo, a corpora\u00e7\u00e3o apreendeu R$ 8 mil e US$ 14 mil (R$ 78 mil, na cota\u00e7\u00e3o atual) em dinheiro vivo.<\/p>\n<p>Na manh\u00e3 desta sexta-feira, a PF deu cumprimento a mandados de busca e apreens\u00e3o na resid\u00eancia de Bolsonaro e em endere\u00e7os ligados ao Partido Liberal, sigla do ex-presidente, em Bras\u00edlia. A opera\u00e7\u00e3o aconteceu sob determina\u00e7\u00e3o do ministro Alexandre de Moraes, do Supremo Tribunal Federal (STF).<\/p>\n<div id=\"attachment_148561\" style=\"width: 606px\" class=\"wp-caption aligncenter\"><a href=\"https:\/\/senoticias.com.br\/se\/wp-content\/uploads\/2025\/07\/Dinheiro-Apreendido-SE-Noticias.jpeg\"><img loading=\"lazy\" decoding=\"async\" aria-describedby=\"caption-attachment-148561\" class=\"size-full wp-image-148561\" src=\"https:\/\/senoticias.com.br\/se\/wp-content\/uploads\/2025\/07\/Dinheiro-Apreendido-SE-Noticias.jpeg\" alt=\"\" width=\"596\" height=\"613\" srcset=\"https:\/\/senoticias.com.br\/se\/wp-content\/uploads\/2025\/07\/Dinheiro-Apreendido-SE-Noticias.jpeg 596w, https:\/\/senoticias.com.br\/se\/wp-content\/uploads\/2025\/07\/Dinheiro-Apreendido-SE-Noticias-292x300.jpeg 292w\" sizes=\"(max-width: 596px) 100vw, 596px\" \/><\/a><p id=\"caption-attachment-148561\" class=\"wp-caption-text\"><br \/>Ao todo, foram apreendidos R$ 8 mil e US$ 14 mil (R$ 78 mil, na convers\u00e3o atual) durante o cumprimento de mandado na casa do ex-presidente &#8211; Foto: Divulga\u00e7\u00e3o\/Pol\u00edcia Federal<\/p><\/div>\n<p>Tamb\u00e9m por decis\u00e3o do magistrado, Bolsonaro foi alvo de medidas restritas, como o uso de tornozeleira eletr\u00f4nica, proibi\u00e7\u00e3o do acesso a redes sociais, cumprimento de toque de recolher, abster-se de contatar diplomatas e autoridades estrangeiras, bem como o filho e deputado federal licenciado Eduardo Bolsonaro (PL-SP).<\/p>\n<p>Al\u00e9m do dinheiro, a PF tamb\u00e9m anunciou a apreens\u00e3o de um pen drive, escondido em um banheiro na casa de Bolsonaro. O equipamento ser\u00e1 periciado pela pol\u00edcia cient\u00edfica.<\/p>\n<p>Em entrevista \u00e0 CNN na noite desta sexta-feira,\u00a0o deputado licenciado\u00a0Eduardo Bolsonaro (PL) disse que os Estados Unidos n\u00e3o reconhecer\u00e3o as elei\u00e7\u00f5es do pr\u00f3ximo ano sem a participa\u00e7\u00e3o de Bolsonaro, que est\u00e1 ineleg\u00edvel at\u00e9 2030 por abuso de poder pol\u00edtico e uso indevido dos meios de comunica\u00e7\u00e3o para atacar o sistema eleitoral.<\/p>\n<p>A decis\u00e3o do ministro Alexandre de Moraes considera que Bolsonaro e Eduardo estariam &#8220;atuando em conjunto&#8221; &#8220;nos atentados \u00e0 Soberania Nacional&#8221;.\u00a0O documento fala\u00a0diretamente da tarifa de 50% anunciada pelo presidente dos EUA, Donald Trump, sobre produtos brasileiros, que foi celebrada por Eduardo nas redes.<\/p>\n<p><strong>O que diz a defesa de Bolsonaro<\/strong><\/p>\n<p>A defesa do ex-presidente afirmou em comunicado que as medidas cautelares impostas ao pol\u00edtico foram em &#8220;fun\u00e7\u00e3o de atos praticados por terceiros&#8221;\u00a0e que as &#8220;frases destacadas como atentat\u00f3rias \u00e0 soberania nacional jamais foram ditas por Bolsonaro&#8221;.<\/p>\n<p>Os advogados de Bolsonaro alegaram que foram &#8220;surpreendidos&#8221; com os mandados de busca e apreens\u00e3o realizados pela Pol\u00edcia Federal (PF) nesta manh\u00e3 na resid\u00eancia do ex-presidente, em Bras\u00edlia, e na sede do Partido Liberal.<\/p>\n<p>&#8220;As graves medidas cautelares foram impostas em fun\u00e7\u00e3o de atos praticados por terceiros, circunst\u00e2ncia in\u00e9dita no direito brasileiro. As frases destacadas como atentat\u00f3rias \u00e0 soberania nacional jamais foram ditas por Bolsonaro&#8221;, disse a defesa.<\/p>\n<p><strong><em>Acompanhe tamb\u00e9m o SE Not\u00edcias no\u00a0<a href=\"https:\/\/twitter.com\/Senoticias\" target=\"_blank\" rel=\"noreferrer noopener\">Twitter<\/a>,\u00a0<a href=\"https:\/\/www.facebook.com\/senoticias1\" target=\"_blank\" rel=\"noreferrer noopener\">Facebook<\/a>\u00a0e no\u00a0<a href=\"https:\/\/www.instagram.com\/senoticias\/\" target=\"_blank\" rel=\"noreferrer noopener\">Instagram<\/a><\/em><\/strong><\/p>\n<p>Fonte:<\/p>\n","protected":false},"excerpt":{"rendered":"<p>A Pol\u00edcia Federal divulgou, na noite desta sexta-feira, 18, imagens das c\u00e9dulas de dinheiro apreendidas durante o cumprimento de mandado de busca e apreens\u00e3o na casa do ex-presidente Jair Bolsonaro (PL). Ao todo, a corpora\u00e7\u00e3o apreendeu R$ 8 mil e US$ 14 mil (R$ 78 mil, na cota\u00e7\u00e3o atual) em dinheiro vivo. Na manh\u00e3 desta [&hellip;]<\/p>\n","protected":false},"author":6557,"featured_media":148561,"comment_status":"closed","ping_status":"closed","sticky":false,"template":"","format":"standard","meta":{"footnotes":""},"categories":[15,2961],"tags":[3272,1947,4401],"class_list":{"0":"post-148560","1":"post","2":"type-post","3":"status-publish","4":"format-standard","5":"has-post-thumbnail","7":"category-destaques","8":"category-nacional","9":"tag-bolsonaro","10":"tag-policia-federal","11":"tag-tornozeleira-eletronica"},"_links":{"self":[{"href":"https:\/\/senoticias.com.br\/se\/wp-json\/wp\/v2\/posts\/148560"}],"collection":[{"href":"https:\/\/senoticias.com.br\/se\/wp-json\/wp\/v2\/posts"}],"about":[{"href":"https:\/\/senoticias.com.br\/se\/wp-json\/wp\/v2\/types\/post"}],"author":[{"embeddable":true,"href":"https:\/\/senoticias.com.br\/se\/wp-json\/wp\/v2\/users\/6557"}],"replies":[{"embeddable":true,"href":"https:\/\/senoticias.com.br\/se\/wp-json\/wp\/v2\/comments?post=148560"}],"version-history":[{"count":0,"href":"https:\/\/senoticias.com.br\/se\/wp-json\/wp\/v2\/posts\/148560\/revisions"}],"wp:featuredmedia":[{"embeddable":true,"href":"https:\/\/senoticias.com.br\/se\/wp-json\/wp\/v2\/media\/148561"}],"wp:attachment":[{"href":"https:\/\/senoticias.com.br\/se\/wp-json\/wp\/v2\/media?parent=148560"}],"wp:term":[{"taxonomy":"category","embeddable":true,"href":"https:\/\/senoticias.com.br\/se\/wp-json\/wp\/v2\/categories?post=148560"},{"taxonomy":"post_tag","embeddable":true,"href":"https:\/\/senoticias.com.br\/se\/wp-json\/wp\/v2\/tags?post=148560"}],"curies":[{"name":"wp","href":"https:\/\/api.w.org\/{rel}","templated":true}]}}