{"id":148551,"date":"2025-07-21T10:28:17","date_gmt":"2025-07-21T13:28:17","guid":{"rendered":"https:\/\/senoticias.com.br\/se\/?p=148551"},"modified":"2025-07-21T10:32:01","modified_gmt":"2025-07-21T13:32:01","slug":"por-que-cancer-colorretal-que-matou-preta-gil-cresce-assustadoramente-em-pessoas-de-ate-50-anos","status":"publish","type":"post","link":"https:\/\/senoticias.com.br\/se\/por-que-cancer-colorretal-que-matou-preta-gil-cresce-assustadoramente-em-pessoas-de-ate-50-anos\/","title":{"rendered":"Por que c\u00e2ncer colorretal, que matou Preta Gil, cresce &#8216;assustadoramente&#8217; em pessoas de at\u00e9 50 anos"},"content":{"rendered":"<p><strong><em>Por BBC<\/em><\/strong><\/p>\n<p>&#8220;Assustador&#8221;. &#8220;Preocupante&#8221;. &#8220;Problema global&#8221;. &#8220;Alerta mundial&#8221;. Esses foram alguns dos termos usados por m\u00e9dicos entrevistados pela BBC News Brasil para descrever o crescimento dos casos de c\u00e2ncer colorretal na popula\u00e7\u00e3o mais jovem, com menos de 50 anos.<\/p>\n<p>No domingo (20), a cantora e apresentadora Preta Gil morreu aos 50 anos ap\u00f3s complica\u00e7\u00f5es de c\u00e2ncer colorretal. No caso dela, o tumor foi descoberto em janeiro de 2023, quando tinha 48 anos.<\/p>\n<p>Esse tipo de c\u00e2ncer, que afeta o intestino grosso (o c\u00f3lon) e o reto, est\u00e1 entre os mais impactantes na sa\u00fade e na qualidade de vida. E, nas \u00faltimas d\u00e9cadas, uma tend\u00eancia estranha chamou a aten\u00e7\u00e3o dos especialistas.<\/p>\n<p>Em v\u00e1rias partes do mundo, os casos de c\u00e2ncer colorretal permaneceram relativamente est\u00e1veis entre os mais velhos \u2014 que proporcionalmente continuam a representar a maioria dos acometidos pela enfermidade.<\/p>\n<div id=\"attachment_148578\" style=\"width: 610px\" class=\"wp-caption aligncenter\"><a href=\"https:\/\/senoticias.com.br\/se\/wp-content\/uploads\/2025\/07\/Preta-Gil-morre-SE-Noticias.jpeg\"><img loading=\"lazy\" decoding=\"async\" aria-describedby=\"caption-attachment-148578\" class=\"size-full wp-image-148578\" src=\"https:\/\/senoticias.com.br\/se\/wp-content\/uploads\/2025\/07\/Preta-Gil-morre-SE-Noticias.jpeg\" alt=\"\" width=\"600\" height=\"401\" srcset=\"https:\/\/senoticias.com.br\/se\/wp-content\/uploads\/2025\/07\/Preta-Gil-morre-SE-Noticias.jpeg 600w, https:\/\/senoticias.com.br\/se\/wp-content\/uploads\/2025\/07\/Preta-Gil-morre-SE-Noticias-300x201.jpeg 300w, https:\/\/senoticias.com.br\/se\/wp-content\/uploads\/2025\/07\/Preta-Gil-morre-SE-Noticias-90x60.jpeg 90w, https:\/\/senoticias.com.br\/se\/wp-content\/uploads\/2025\/07\/Preta-Gil-morre-SE-Noticias-180x120.jpeg 180w, https:\/\/senoticias.com.br\/se\/wp-content\/uploads\/2025\/07\/Preta-Gil-morre-SE-Noticias-95x64.jpeg 95w\" sizes=\"(max-width: 600px) 100vw, 600px\" \/><\/a><p id=\"caption-attachment-148578\" class=\"wp-caption-text\">Preta Gil morreu em decorr\u00eancia de um c\u00e2ncer de intestino \u2014 Foto: Acervo TV Globo<\/p><\/div>\n<p>No entanto, as taxas de casos desse tumor come\u00e7aram a subir com rapidez entre indiv\u00edduos com menos de 50 anos.<\/p>\n<p>&#8220;Se voc\u00ea comparar os n\u00fameros atuais com a taxa que t\u00ednhamos h\u00e1 30 anos, alguns trabalhos chegam a apontar um aumento de 70% na incid\u00eancia de c\u00e2ncer colorretal em pacientes jovens&#8221;, resume o oncologista cl\u00ednico Paulo Hoff, presidente da Oncologia D\u2019Or.<\/p>\n<p>Essa diferen\u00e7a nas estat\u00edsticas j\u00e1 provocou algumas mudan\u00e7as de sa\u00fade p\u00fablica: nos Estados Unidos, um dos primeiros pa\u00edses a detectar o fen\u00f4meno, a idade m\u00ednima para a realiza\u00e7\u00e3o de exames preventivos que flagram o tumor colorretal precocemente (sobre os quais falaremos adiante) caiu de 50 para 45 anos.<\/p>\n<p>No Brasil, alguns dados preliminares obtidos pela reportagem tamb\u00e9m apontam para um crescimento da doen\u00e7a numa idade precoce.<\/p>\n<p><strong>O que dizem os n\u00fameros<\/strong><br \/>\nUm relat\u00f3rio da Sociedade Americana de C\u00e2ncer divulgado no in\u00edcio de 2023 calculou que 20% dos diagn\u00f3sticos de tumor colorretal realizados nos EUA em 2019 aconteceram em pacientes com menos de 55 anos.<\/p>\n<p>Essa taxa \u00e9 o dobro do que era observado em 1995. Os autores do documento calculam que as taxas de detec\u00e7\u00e3o dessa enfermidade em est\u00e1gio avan\u00e7ado cresceram cerca de 3% ao ano entre indiv\u00edduos que ainda n\u00e3o completaram 50 anos.<\/p>\n<p>Em 2023, as estimativas americanas apontam 19,5 mil casos e 3,7 mil mortes por c\u00e2ncer colorretal entre os mais jovens.<\/p>\n<p>Tend\u00eancias parecidas foram observadas em diversos pa\u00edses europeus, como o Reino Unido.<\/p>\n<p>A BBC News Brasil consultou o Instituto Nacional de C\u00e2ncer (Inca) para descobrir se um cen\u00e1rio parecido tamb\u00e9m acontece no pa\u00eds.<\/p>\n<p>Para responder os questionamentos da reportagem, a epidemiologista Marianna Cancela, pesquisadora titular da Vigil\u00e2ncia e An\u00e1lise de Situa\u00e7\u00e3o da Coordena\u00e7\u00e3o de Preven\u00e7\u00e3o e Vigil\u00e2ncia (Conprev) do Inca, analisou as taxas ajustadas por idade da incid\u00eancia de c\u00e2ncer colorretal no Brasil entre 2000 e 2017.<\/p>\n<p>&#8220;No caso do c\u00e2ncer colorretal, \u00e9 verdade que h\u00e1 um aumento no Brasil, mas isso ainda ocorre em todas as faixas et\u00e1rias&#8221;, diz ela.<\/p>\n<p>&#8220;A gente observa que, no ano 2000, havia em torno de 5 casos desse tumor por 100 mil habitantes entre homens de 20 a 49 anos. Em 2017, tivemos cerca de 6 casos. Isso \u00e9 algo estatisticamente significativo&#8221;, calcula a especialista.<\/p>\n<p>&#8220;Entre as mulheres mais jovens, tamb\u00e9m observamos essa tend\u00eancia de aumento, mas ela ainda n\u00e3o \u00e9 significativa do ponto de vista estat\u00edstico.&#8221;<\/p>\n<p>Em outras faixas et\u00e1rias \u2014 entre 50 e 59 anos e acima dos 60 anos \u2014 tamb\u00e9m h\u00e1 um crescimento, numa magnitude maior (uma vez que a doen\u00e7a se torna mais comum conforme envelhecemos).<\/p>\n<p>Cancela ainda destacou duas pesquisas que ela publicou recentemente sobre o tema. Numa delas, o grupo de cientistas analisou se o Brasil ser\u00e1 capaz de cumprir as metas da ONU de redu\u00e7\u00e3o das mortes prematuras por c\u00e2ncer.<\/p>\n<p>Embora em nenhum dos tumores o Brasil deva alcan\u00e7ar os objetivos tra\u00e7ados pelas Na\u00e7\u00f5es Unidas, a maioria deles ter\u00e1 uma redu\u00e7\u00e3o significativa na mortalidade quando comparados os per\u00edodos de 2011-2015 e 2026-2030.<\/p>\n<p><strong><em>Acompanhe tamb\u00e9m o SE Not\u00edcias no\u00a0<a href=\"https:\/\/twitter.com\/Senoticias\" target=\"_blank\" rel=\"noreferrer noopener\">Twitter<\/a>,\u00a0<a href=\"https:\/\/www.facebook.com\/senoticias1\" target=\"_blank\" rel=\"noreferrer noopener\">Facebook<\/a>\u00a0e no\u00a0<a href=\"https:\/\/www.instagram.com\/senoticias\/\" target=\"_blank\" rel=\"noreferrer noopener\">Instagram<\/a><\/em><\/strong><\/p>\n","protected":false},"excerpt":{"rendered":"<p>Por BBC &#8220;Assustador&#8221;. &#8220;Preocupante&#8221;. &#8220;Problema global&#8221;. &#8220;Alerta mundial&#8221;. Esses foram alguns dos termos usados por m\u00e9dicos entrevistados pela BBC News Brasil para descrever o crescimento dos casos de c\u00e2ncer colorretal na popula\u00e7\u00e3o mais jovem, com menos de 50 anos. No domingo (20), a cantora e apresentadora Preta Gil morreu aos 50 anos ap\u00f3s complica\u00e7\u00f5es de [&hellip;]<\/p>\n","protected":false},"author":6557,"featured_media":148578,"comment_status":"closed","ping_status":"closed","sticky":false,"template":"","format":"standard","meta":{"footnotes":""},"categories":[15,2961,1],"tags":[38056,40765],"class_list":{"0":"post-148551","1":"post","2":"type-post","3":"status-publish","4":"format-standard","5":"has-post-thumbnail","7":"category-destaques","8":"category-nacional","9":"category-sem-categoria","10":"tag-cancer-colorretal","11":"tag-preta-gil"},"_links":{"self":[{"href":"https:\/\/senoticias.com.br\/se\/wp-json\/wp\/v2\/posts\/148551"}],"collection":[{"href":"https:\/\/senoticias.com.br\/se\/wp-json\/wp\/v2\/posts"}],"about":[{"href":"https:\/\/senoticias.com.br\/se\/wp-json\/wp\/v2\/types\/post"}],"author":[{"embeddable":true,"href":"https:\/\/senoticias.com.br\/se\/wp-json\/wp\/v2\/users\/6557"}],"replies":[{"embeddable":true,"href":"https:\/\/senoticias.com.br\/se\/wp-json\/wp\/v2\/comments?post=148551"}],"version-history":[{"count":0,"href":"https:\/\/senoticias.com.br\/se\/wp-json\/wp\/v2\/posts\/148551\/revisions"}],"wp:featuredmedia":[{"embeddable":true,"href":"https:\/\/senoticias.com.br\/se\/wp-json\/wp\/v2\/media\/148578"}],"wp:attachment":[{"href":"https:\/\/senoticias.com.br\/se\/wp-json\/wp\/v2\/media?parent=148551"}],"wp:term":[{"taxonomy":"category","embeddable":true,"href":"https:\/\/senoticias.com.br\/se\/wp-json\/wp\/v2\/categories?post=148551"},{"taxonomy":"post_tag","embeddable":true,"href":"https:\/\/senoticias.com.br\/se\/wp-json\/wp\/v2\/tags?post=148551"}],"curies":[{"name":"wp","href":"https:\/\/api.w.org\/{rel}","templated":true}]}}