{"id":148525,"date":"2025-07-17T15:41:47","date_gmt":"2025-07-17T18:41:47","guid":{"rendered":"https:\/\/senoticias.com.br\/se\/?p=148525"},"modified":"2025-07-17T15:51:12","modified_gmt":"2025-07-17T18:51:12","slug":"sentada-na-janela-de-carro-de-luxo-em-movimento-prefeita-de-umbauba-grava-video-para-anunciar-obras-e-gera-polemica-nas-redes","status":"publish","type":"post","link":"https:\/\/senoticias.com.br\/se\/sentada-na-janela-de-carro-de-luxo-em-movimento-prefeita-de-umbauba-grava-video-para-anunciar-obras-e-gera-polemica-nas-redes\/","title":{"rendered":"Prefeita de Umba\u00faba grava v\u00eddeo sentada na janela de carro de luxo em movimento para anunciar obras e gera pol\u00eamica"},"content":{"rendered":"<p>Um v\u00eddeo da prefeita de Umba\u00faba, Juliana Cardoso (Republicanos), repercutiu nas redes sociais ap\u00f3s ser publicado em seu perfil pessoal no Instagram, na quarta-feira, 16 de julho. Nas imagens, a gestora aparece sentada na janela de um carro de luxo \u2014 uma<strong> BMW X4, avaliada em R$ 437<\/strong> mil segundo a tabela FIPE \u2014 em movimento, durante uma visita ao povoado Tau\u00e1, localizado a 97 km de Aracaju.<\/p>\n<p>Na grava\u00e7\u00e3o, Juliana filma uma rua ainda sem pavimenta\u00e7\u00e3o e afirma estar registrando o \u201cantes\u201d da obra da pavimeta\u00e7\u00e3o que ser\u00e1 realizada no local, com o objetivo de futuramente mostrar o \u201cdepois\u201d com os resultados. Segundo ela, os recursos para a obra foram destinados pelo senador Rog\u00e9rio Carvalho (PT).<\/p>\n<div id=\"attachment_148526\" style=\"width: 604px\" class=\"wp-caption aligncenter\"><a href=\"https:\/\/senoticias.com.br\/se\/wp-content\/uploads\/2025\/07\/Prefeita-Jaliana-SE-Noticias.jpeg\"><img loading=\"lazy\" decoding=\"async\" aria-describedby=\"caption-attachment-148526\" class=\"size-full wp-image-148526\" src=\"https:\/\/senoticias.com.br\/se\/wp-content\/uploads\/2025\/07\/Prefeita-Jaliana-SE-Noticias.jpeg\" alt=\"\" width=\"594\" height=\"730\" srcset=\"https:\/\/senoticias.com.br\/se\/wp-content\/uploads\/2025\/07\/Prefeita-Jaliana-SE-Noticias.jpeg 594w, https:\/\/senoticias.com.br\/se\/wp-content\/uploads\/2025\/07\/Prefeita-Jaliana-SE-Noticias-244x300.jpeg 244w\" sizes=\"(max-width: 594px) 100vw, 594px\" \/><\/a><p id=\"caption-attachment-148526\" class=\"wp-caption-text\">V\u00eddeo da prefeita anunciando obras em carro de luxo repercute nas redes sociais &#8211; Foto: reprodu\u00e7\u00e3o\/redes sociais<\/p><\/div>\n<p>A publica\u00e7\u00e3o gerou diversas rea\u00e7\u00f5es. Alguns internautas apontaram que a prefeita teria infringido leis de tr\u00e2nsito ao trafegar sentada na janela do ve\u00edculo. Outros criticaram a ostenta\u00e7\u00e3o pela utiliza\u00e7\u00e3o de um carro de luxo durante a visita.<\/p>\n<p>De acordo com o C\u00f3digo de Tr\u00e2nsito Brasileiro (CTB), o comportamento da prefeita se configura infra\u00e7\u00e3o. O artigo 167 trata do n\u00e3o uso do cinto de seguran\u00e7a, e o artigo 235 pro\u00edbe o transporte de pessoas, animais ou cargas nas partes externas do ve\u00edculo.<\/p>\n<p><strong>O <em>portal SE Not\u00edcias<\/em><\/strong> entrou em contato com a prefeita Juliana Cardoso, por meio de mensagem enviada ao seu celular pessoal, para saber se ela gostaria de se manifestar sobre o caso. No entanto, at\u00e9 a publica\u00e7\u00e3o desta mat\u00e9ria, n\u00e3o obtivemos retorno.&#8221;<\/p>\n<p><strong><em>Acompanhe tamb\u00e9m o SE Not\u00edcias no\u00a0<a href=\"https:\/\/twitter.com\/Senoticias\" target=\"_blank\" rel=\"noreferrer noopener\">Twitter<\/a>,\u00a0<a href=\"https:\/\/www.facebook.com\/senoticias1\" target=\"_blank\" rel=\"noreferrer noopener\">Facebook<\/a>\u00a0e no\u00a0<a href=\"https:\/\/www.instagram.com\/senoticias\/\" target=\"_blank\" rel=\"noreferrer noopener\">Instagram<\/a><\/em><\/strong><\/p>\n<p><em>Fonte: Reda\u00e7\u00e3o SE Not\u00edcias<\/em><\/p>\n","protected":false},"excerpt":{"rendered":"<p>Um v\u00eddeo da prefeita de Umba\u00faba, Juliana Cardoso (Republicanos), repercutiu nas redes sociais ap\u00f3s ser publicado em seu perfil pessoal no Instagram, na quarta-feira, 16 de julho. Nas imagens, a gestora aparece sentada na janela de um carro de luxo \u2014 uma BMW X4, avaliada em R$ 437 mil segundo a tabela FIPE \u2014 em [&hellip;]<\/p>\n","protected":false},"author":6557,"featured_media":148526,"comment_status":"closed","ping_status":"closed","sticky":false,"template":"","format":"standard","meta":{"footnotes":""},"categories":[15,6],"tags":[43957,43959,43958,43960],"class_list":{"0":"post-148525","1":"post","2":"type-post","3":"status-publish","4":"format-standard","5":"has-post-thumbnail","7":"category-destaques","8":"category-politica","9":"tag-bmw-x4","10":"tag-juliana-cardoso","11":"tag-prefeita-de-umbauba","12":"tag-prefeita-juliana"},"_links":{"self":[{"href":"https:\/\/senoticias.com.br\/se\/wp-json\/wp\/v2\/posts\/148525"}],"collection":[{"href":"https:\/\/senoticias.com.br\/se\/wp-json\/wp\/v2\/posts"}],"about":[{"href":"https:\/\/senoticias.com.br\/se\/wp-json\/wp\/v2\/types\/post"}],"author":[{"embeddable":true,"href":"https:\/\/senoticias.com.br\/se\/wp-json\/wp\/v2\/users\/6557"}],"replies":[{"embeddable":true,"href":"https:\/\/senoticias.com.br\/se\/wp-json\/wp\/v2\/comments?post=148525"}],"version-history":[{"count":0,"href":"https:\/\/senoticias.com.br\/se\/wp-json\/wp\/v2\/posts\/148525\/revisions"}],"wp:featuredmedia":[{"embeddable":true,"href":"https:\/\/senoticias.com.br\/se\/wp-json\/wp\/v2\/media\/148526"}],"wp:attachment":[{"href":"https:\/\/senoticias.com.br\/se\/wp-json\/wp\/v2\/media?parent=148525"}],"wp:term":[{"taxonomy":"category","embeddable":true,"href":"https:\/\/senoticias.com.br\/se\/wp-json\/wp\/v2\/categories?post=148525"},{"taxonomy":"post_tag","embeddable":true,"href":"https:\/\/senoticias.com.br\/se\/wp-json\/wp\/v2\/tags?post=148525"}],"curies":[{"name":"wp","href":"https:\/\/api.w.org\/{rel}","templated":true}]}}