{"id":148523,"date":"2025-07-17T11:42:03","date_gmt":"2025-07-17T14:42:03","guid":{"rendered":"https:\/\/senoticias.com.br\/se\/?p=148523"},"modified":"2025-07-17T11:42:03","modified_gmt":"2025-07-17T14:42:03","slug":"bem-mulher-2025-acontece-neste-sabado-e-celebra-o-protagonismo-feminino","status":"publish","type":"post","link":"https:\/\/senoticias.com.br\/se\/bem-mulher-2025-acontece-neste-sabado-e-celebra-o-protagonismo-feminino\/","title":{"rendered":"\u201cBem Mulher 2025\u201d acontece neste s\u00e1bado e celebra o protagonismo feminino"},"content":{"rendered":"<p>Talks, lan\u00e7amento de livro de Ju Ferraz e conex\u00f5es com outras profissionais de sucesso integram o evento que ser\u00e1 realizada em 19 de julho no RioMar Aracaju<\/p>\n<p>Neste s\u00e1bado, 19 de julho, das 9h \u00e0s 18h, o RioMar Shopping ser\u00e1 palco da 2\u00aa edi\u00e7\u00e3o do \u201cBem Mulher\u201d em Aracaju (SE), um evento que vai muito al\u00e9m de palestras e pain\u00e9is. Idealizado para fortalecer conex\u00f5es e ampliar horizontes, o encontro re\u00fane grandes nomes do empreendedorismo, sa\u00fade, comunica\u00e7\u00e3o e bem-estar feminino em uma jornada transformadora e cheia de significado. A realiza\u00e7\u00e3o \u00e9 da Cristal Live Marketing e Eventos, com o patroc\u00ednio do RioMar Aracaju, Sebrae Sergipe, IESSI Music Entertainment, Rede Primavera Sa\u00fade, Mood, Vitta, Tidelli, BeFly Travel, Spadios Est\u00e9tica e Bem-estar e o apoio de Gal Chocolateria, Le Petit, BluK, Gr\u00e1fica J.Andrade, Tina Banqueteria, Restaurante Maturi, Power Led, Central Comunica\u00e7\u00e3o e M\u00eddia, Francenadja Beauty &amp; Hair, SR Sunglasses. Os ingressos est\u00e3o \u00e0 venda na GuicheWeb e nas lojas BluK.<\/p>\n<div id=\"attachment_148524\" style=\"width: 610px\" class=\"wp-caption aligncenter\"><a href=\"https:\/\/senoticias.com.br\/se\/wp-content\/uploads\/2025\/07\/Bem-Mulher-2025-SE-Noticias.jpg\"><img loading=\"lazy\" decoding=\"async\" aria-describedby=\"caption-attachment-148524\" class=\"size-full wp-image-148524\" src=\"https:\/\/senoticias.com.br\/se\/wp-content\/uploads\/2025\/07\/Bem-Mulher-2025-SE-Noticias.jpg\" alt=\"\" width=\"600\" height=\"450\" srcset=\"https:\/\/senoticias.com.br\/se\/wp-content\/uploads\/2025\/07\/Bem-Mulher-2025-SE-Noticias.jpg 600w, https:\/\/senoticias.com.br\/se\/wp-content\/uploads\/2025\/07\/Bem-Mulher-2025-SE-Noticias-300x225.jpg 300w, https:\/\/senoticias.com.br\/se\/wp-content\/uploads\/2025\/07\/Bem-Mulher-2025-SE-Noticias-45x35.jpg 45w\" sizes=\"(max-width: 600px) 100vw, 600px\" \/><\/a><p id=\"caption-attachment-148524\" class=\"wp-caption-text\"><br \/>Talks, lan\u00e7amento de livro de Ju Ferraz e conex\u00f5es com outras profissionais de sucesso integram o evento que ser\u00e1 realizada em 19 de julho no RioMar Aracaju &#8211; Foto: ascom\/divulga\u00e7\u00e3o<\/p><\/div>\n<p>Com uma programa\u00e7\u00e3o diversa e inspiradora, o evento contar\u00e1 com a presen\u00e7a de Ju Ferraz, s\u00f3cia-diretora do Holding Clube, influenciadora, colunista da Forbes e autora do livro Empreendedora da Pr\u00f3pria Vida. Rec\u00e9m-chegada da Semana de Moda de Paris, Ju desembarca em Aracaju especialmente para o lan\u00e7amento da obra, que ser\u00e1 autografada durante o evento. A empres\u00e1ria tamb\u00e9m ir\u00e1 protagonizar uma conversa intensa, inspiradora e transformadora para a mulher assumir o protagonismo da sua pr\u00f3pria hist\u00f3ria.<\/p>\n<p>Segundo Soniamara Rodrigues, CEO da Cristal, o \u201cBem Mulher\u201d nasceu com a proposta de ser um espa\u00e7o onde mulheres possam se fortalecer, aprender e criar conex\u00f5es aut\u00eanticas.<\/p>\n<p>\u201cQueremos proporcionar uma pausa significativa na rotina para que a mulher se reconecte com sua ess\u00eancia, se inspire com outras trajet\u00f3rias e amplie sua rede de apoio. O \u201cBem Mulher\u201d \u00e9 um encontro de pot\u00eancia, onde cada hist\u00f3ria compartilhada pode acender novas possibilidades em outras mulheres\u201d, destaca Soniamara.<\/p>\n<p>Com talks de especialistas renomadas e lideran\u00e7as femininas que s\u00e3o refer\u00eancia em suas \u00e1reas, o evento ter\u00e1 momentos de troca e muito aprendizado. A programa\u00e7\u00e3o inclui ainda experi\u00eancias de bem-estar e networking em um ambiente acolhedor e especialmente preparado para receber at\u00e9 300 mulheres.<\/p>\n<p><strong>Programa\u00e7\u00e3o Bem Mulher 2025<\/strong><\/p>\n<p>Manh\u00e3<\/p>\n<p><strong>09h \u2013<\/strong> Credenciamento, abertura e boas-vindas com Olga Goulart<\/p>\n<p><strong>10h15 \u2013<\/strong> K\u00e1tia Santana, jornalista e especialista em comunica\u00e7\u00e3o assertiva<br \/>\n&#8220;Voz que nos veste: como a comunica\u00e7\u00e3o modela a autoestima, a beleza e o bem-estar da mulher.&#8221;<\/p>\n<p><strong>10h40 \u2013<\/strong> Cl\u00e1udia Cavalcanti, publicit\u00e1ria e fundadora do 9 Projects Networking<br \/>\n&#8220;Networking que move. Conex\u00f5es que transformam.&#8221;<\/p>\n<p>11h05 \u2013 Carol Asencio, empres\u00e1ria e franqueada da BeFly Travel<br \/>\n&#8220;Liberdade \u00e9 o destino. Coragem \u00e9 o caminho.&#8221;<\/p>\n<p><strong>11h30 \u2013<\/strong> Painel Sa\u00fade com Dra. Ursula Burgos (Cardiologista), Dra. Simone Montalv\u00e3o (Cardiologista), Dra. Francielle Temer (Endocrinologista \u2013 moderadora)<br \/>\n&#8220;Cora\u00e7\u00e3o em Movimento: escolhas que prolongam a vida e elevam o bem-estar feminino.&#8221;<\/p>\n<p><strong>Tarde<\/strong><\/p>\n<p><strong>14h \u2013<\/strong> Anna Paula Aquino, jornalista e influenciadora digital<br \/>\n\u201cVestir com inten\u00e7\u00e3o: como usar a moda a favor da sua imagem, autoestima e presen\u00e7a.&#8221;<\/p>\n<p><strong>14h25 \u2013<\/strong> Duda Dantas, influenciadora e estudante de Medicina<br \/>\n&#8220;Como prosperar em meio ao caos.&#8221;<\/p>\n<p><strong>14h50 \u2013<\/strong> Dra. Nat\u00e1lia Mendon\u00e7a, geriatra e especialista em envelhecimento saud\u00e1vel<br \/>\n&#8220;A mente que floresce: sa\u00fade cognitiva e autonomia na vida real.&#8221;<\/p>\n<p><strong>15h25 \u2013<\/strong> Dra. Vanessa Sampaio, especialista em harmoniza\u00e7\u00e3o facial e est\u00e9tica feminina<br \/>\n&#8220;A ci\u00eancia da beleza: autoestima, cuidado e transforma\u00e7\u00e3o real.&#8221;<\/p>\n<p><strong>15h45 \u2013<\/strong> Andreza Coutinho, terapeuta de relacionamento e sexualidade<br \/>\n&#8220;Sexo, amor e liberdade: o que precisamos ressignificar para sermos plenas.&#8221;<\/p>\n<p><strong>16h15 \u2013<\/strong> Olga Goulart, comunicadora e fundadora do programa \u201cSinta-se Bem\u201d<br \/>\n&#8220;Uma vida leve, saud\u00e1vel e consciente.&#8221;<\/p>\n<p><strong>17h \u2013 Ju Ferraz<\/strong><br \/>\n&#8220;Empreendedora da pr\u00f3pria vida: crie o futuro que voc\u00ea merece.&#8221;<br \/>\nTalk com lan\u00e7amento e sess\u00e3o de aut\u00f3grafos do livro Empreendedora da Pr\u00f3pria Vida<\/p>\n<p><strong>18h \u2013<\/strong> Encerramento<\/p>\n<p><strong><em>Acompanhe tamb\u00e9m o SE Not\u00edcias no\u00a0<a href=\"https:\/\/twitter.com\/Senoticias\" target=\"_blank\" rel=\"noreferrer noopener\">Twitter<\/a>,\u00a0<a href=\"https:\/\/www.facebook.com\/senoticias1\" target=\"_blank\" rel=\"noreferrer noopener\">Facebook<\/a>\u00a0e no\u00a0<a href=\"https:\/\/www.instagram.com\/senoticias\/\" target=\"_blank\" rel=\"noreferrer noopener\">Instagram<\/a><\/em><\/strong><\/p>\n<p>Fonte: ascom\/divulga\u00e7\u00e3o<\/p>\n","protected":false},"excerpt":{"rendered":"<p>Talks, lan\u00e7amento de livro de Ju Ferraz e conex\u00f5es com outras profissionais de sucesso integram o evento que ser\u00e1 realizada em 19 de julho no RioMar Aracaju Neste s\u00e1bado, 19 de julho, das 9h \u00e0s 18h, o RioMar Shopping ser\u00e1 palco da 2\u00aa edi\u00e7\u00e3o do \u201cBem Mulher\u201d em Aracaju (SE), um evento que vai muito [&hellip;]<\/p>\n","protected":false},"author":6557,"featured_media":148524,"comment_status":"closed","ping_status":"closed","sticky":false,"template":"","format":"standard","meta":{"footnotes":""},"categories":[15,21],"tags":[43954,43955,43956],"class_list":{"0":"post-148523","1":"post","2":"type-post","3":"status-publish","4":"format-standard","5":"has-post-thumbnail","7":"category-destaques","8":"category-entretenimento","9":"tag-bem-mulher-2025","10":"tag-protagonismo-feminino","11":"tag-talks"},"_links":{"self":[{"href":"https:\/\/senoticias.com.br\/se\/wp-json\/wp\/v2\/posts\/148523"}],"collection":[{"href":"https:\/\/senoticias.com.br\/se\/wp-json\/wp\/v2\/posts"}],"about":[{"href":"https:\/\/senoticias.com.br\/se\/wp-json\/wp\/v2\/types\/post"}],"author":[{"embeddable":true,"href":"https:\/\/senoticias.com.br\/se\/wp-json\/wp\/v2\/users\/6557"}],"replies":[{"embeddable":true,"href":"https:\/\/senoticias.com.br\/se\/wp-json\/wp\/v2\/comments?post=148523"}],"version-history":[{"count":0,"href":"https:\/\/senoticias.com.br\/se\/wp-json\/wp\/v2\/posts\/148523\/revisions"}],"wp:featuredmedia":[{"embeddable":true,"href":"https:\/\/senoticias.com.br\/se\/wp-json\/wp\/v2\/media\/148524"}],"wp:attachment":[{"href":"https:\/\/senoticias.com.br\/se\/wp-json\/wp\/v2\/media?parent=148523"}],"wp:term":[{"taxonomy":"category","embeddable":true,"href":"https:\/\/senoticias.com.br\/se\/wp-json\/wp\/v2\/categories?post=148523"},{"taxonomy":"post_tag","embeddable":true,"href":"https:\/\/senoticias.com.br\/se\/wp-json\/wp\/v2\/tags?post=148523"}],"curies":[{"name":"wp","href":"https:\/\/api.w.org\/{rel}","templated":true}]}}