{"id":148520,"date":"2025-07-16T19:00:23","date_gmt":"2025-07-16T22:00:23","guid":{"rendered":"https:\/\/senoticias.com.br\/se\/?p=148520"},"modified":"2025-07-16T19:00:23","modified_gmt":"2025-07-16T22:00:23","slug":"policia-civil-prende-dona-e-gerente-de-empresa-contratada-pelo-detran-se-para-guardar-veiculos-apreendidos","status":"publish","type":"post","link":"https:\/\/senoticias.com.br\/se\/policia-civil-prende-dona-e-gerente-de-empresa-contratada-pelo-detran-se-para-guardar-veiculos-apreendidos\/","title":{"rendered":"Pol\u00edcia Civil prende dona e gerente de empresa contratada pelo Detran-SE para guardar ve\u00edculos apreendidos"},"content":{"rendered":"<p>A Pol\u00edcia Civil de Sergipe, por meio do Centro de Opera\u00e7\u00f5es Policiais Especiais (Cope), com o apoio da Divis\u00e3o de Intelig\u00eancia (Dipol), deflagrou, nesta quarta-feira (16), a segunda fase da<strong> Opera\u00e7\u00e3o Muta\u00e7\u00e3o<\/strong>, que apura fraudes na aliena\u00e7\u00e3o de ve\u00edculos apreendidos que seriam destinados para leil\u00e3o. O caso come\u00e7ou a ser investigado ap\u00f3s informa\u00e7\u00f5es repassadas pelo Departamento Estadual de Tr\u00e2nsito (Detran\/SE). Durante a a\u00e7\u00e3o, foram presas a propriet\u00e1ria e a gerente da empresa terceirizada. As pris\u00f5es ocorreram nos munic\u00edpios de Aracaju (SE) e S\u00e3o Jos\u00e9 do Rio Preto (SP).<\/p>\n<p>Na primeira etapa da investiga\u00e7\u00e3o, foram cumpridos mandados de busca e apreens\u00e3o na resid\u00eancia da gerente e na sede da empresa respons\u00e1vel pela cust\u00f3dia e venda dos ve\u00edculos. A partir da an\u00e1lise dos documentos apreendidos, foram identificadas diversas irregularidades nos processos de aliena\u00e7\u00e3o.<\/p>\n<div id=\"attachment_148521\" style=\"width: 608px\" class=\"wp-caption aligncenter\"><a href=\"https:\/\/senoticias.com.br\/se\/wp-content\/uploads\/2025\/07\/Empresa-Barrada-e-Queiroz-SE-Noticias-e1752703083137.webp\"><img loading=\"lazy\" decoding=\"async\" aria-describedby=\"caption-attachment-148521\" class=\" wp-image-148521\" src=\"https:\/\/senoticias.com.br\/se\/wp-content\/uploads\/2025\/07\/Empresa-Barrada-e-Queiroz-SE-Noticias-e1752703083137.webp\" alt=\"\" width=\"598\" height=\"299\" \/><\/a><p id=\"caption-attachment-148521\" class=\"wp-caption-text\">Empres\u00e1ria e gerente de empresa contratada pelo Detran-SE s\u00e3o presas em opera\u00e7\u00e3o da Pol\u00edcia Civil &#8211; Foto: reprodu\u00e7\u00e3o\/redes sociais<\/p><\/div>\n<p>Segundo as investiga\u00e7\u00f5es, a fraude consistia na adultera\u00e7\u00e3o de imagens dos ve\u00edculos cadastrados para leil\u00e3o, com a finalidade de reclassific\u00e1-los como \u201csucata\u201d. Com isso, causavam preju\u00edzos ao Departamento Estadual de Tr\u00e2nsito de Sergipe (Detran\/SE) e ao pr\u00f3prio Estado, manipulando os valores arrecadados nas vendas.<\/p>\n<p>Com base nas provas reunidas, a Pol\u00edcia Civil representou pela pris\u00e3o preventiva da propriet\u00e1ria e da gerente da empresa, al\u00e9m do sequestro e indisponibilidade de seus bens. Os pedidos foram deferidos pelo Ju\u00edzo da 2\u00aa Vara Criminal da Comarca de Aracaju.<\/p>\n<p>A opera\u00e7\u00e3o contou com o apoio da Dipol, do Instituto de Criminal\u00edstica, e da Pol\u00edcia Civil do Estado de S\u00e3o Paulo, atrav\u00e9s do Departamento Estadual de Investiga\u00e7\u00f5es Criminais (DEIC) de S\u00e3o Jos\u00e9 do Rio Preto, que atuou no cumprimento do mandado naquele munic\u00edpio.<\/p>\n<p>Desde mar\u00e7o de 2025, a empresa vem sendo administrada por um gestor judicial nomeado pela Justi\u00e7a. No entanto, a atua\u00e7\u00e3o dele tem sido dificultada pela pr\u00f3pria propriet\u00e1ria, que chegou a inviabilizar o funcionamento da empresa. Durante esse per\u00edodo, os sal\u00e1rios deixaram de ser pagos, os repasses ao Detran\/SE foram suspensos e o fornecimento de energia el\u00e9trica foi interrompido por falta de pagamento.<\/p>\n<p>A opera\u00e7\u00e3o recebeu o nome de Muta\u00e7\u00e3o em refer\u00eancia \u00e0 modifica\u00e7\u00e3o irregular do estado de conserva\u00e7\u00e3o dos ve\u00edculos nos sistemas da empresa, pr\u00e1tica que foi central na fraude identificada.<\/p>\n<p>A Pol\u00edcia Civil refor\u00e7a a import\u00e2ncia da colabora\u00e7\u00e3o da popula\u00e7\u00e3o e orienta que informa\u00e7\u00f5es sobre crimes e suspeitos sejam repassadas, de forma an\u00f4nima, pelo Disque-Den\u00fancia 181. O sigilo \u00e9 garantido.<\/p>\n<p><strong><em>Acompanhe tamb\u00e9m o SE Not\u00edcias no\u00a0<a href=\"https:\/\/www.instagram.com\/senoticias\/\" target=\"_blank\" rel=\"noreferrer noopener\">Instagram<\/a><\/em><\/strong>,\u00a0<strong><em>\u00a0<a href=\"https:\/\/www.facebook.com\/senoticias1\" target=\"_blank\" rel=\"noreferrer noopener\">Facebook<\/a>\u00a0e\u00a0no<\/em>\u00a0<em><a href=\"https:\/\/twitter.com\/Senoticias\">X<\/a><\/em><\/strong><\/p>\n<p>Fonte: SSP\/SE<\/p>\n","protected":false},"excerpt":{"rendered":"<p>A Pol\u00edcia Civil de Sergipe, por meio do Centro de Opera\u00e7\u00f5es Policiais Especiais (Cope), com o apoio da Divis\u00e3o de Intelig\u00eancia (Dipol), deflagrou, nesta quarta-feira (16), a segunda fase da Opera\u00e7\u00e3o Muta\u00e7\u00e3o, que apura fraudes na aliena\u00e7\u00e3o de ve\u00edculos apreendidos que seriam destinados para leil\u00e3o. O caso come\u00e7ou a ser investigado ap\u00f3s informa\u00e7\u00f5es repassadas pelo [&hellip;]<\/p>\n","protected":false},"author":6557,"featured_media":148521,"comment_status":"closed","ping_status":"closed","sticky":false,"template":"","format":"standard","meta":{"footnotes":""},"categories":[15,6],"tags":[43952,43715,78,43953],"class_list":{"0":"post-148520","1":"post","2":"type-post","3":"status-publish","4":"format-standard","5":"has-post-thumbnail","7":"category-destaques","8":"category-politica","9":"tag-gerente-presa","10":"tag-operacao-mutacao","11":"tag-policia-civil","12":"tag-proprietaria-presa"},"_links":{"self":[{"href":"https:\/\/senoticias.com.br\/se\/wp-json\/wp\/v2\/posts\/148520"}],"collection":[{"href":"https:\/\/senoticias.com.br\/se\/wp-json\/wp\/v2\/posts"}],"about":[{"href":"https:\/\/senoticias.com.br\/se\/wp-json\/wp\/v2\/types\/post"}],"author":[{"embeddable":true,"href":"https:\/\/senoticias.com.br\/se\/wp-json\/wp\/v2\/users\/6557"}],"replies":[{"embeddable":true,"href":"https:\/\/senoticias.com.br\/se\/wp-json\/wp\/v2\/comments?post=148520"}],"version-history":[{"count":0,"href":"https:\/\/senoticias.com.br\/se\/wp-json\/wp\/v2\/posts\/148520\/revisions"}],"wp:featuredmedia":[{"embeddable":true,"href":"https:\/\/senoticias.com.br\/se\/wp-json\/wp\/v2\/media\/148521"}],"wp:attachment":[{"href":"https:\/\/senoticias.com.br\/se\/wp-json\/wp\/v2\/media?parent=148520"}],"wp:term":[{"taxonomy":"category","embeddable":true,"href":"https:\/\/senoticias.com.br\/se\/wp-json\/wp\/v2\/categories?post=148520"},{"taxonomy":"post_tag","embeddable":true,"href":"https:\/\/senoticias.com.br\/se\/wp-json\/wp\/v2\/tags?post=148520"}],"curies":[{"name":"wp","href":"https:\/\/api.w.org\/{rel}","templated":true}]}}