{"id":148503,"date":"2025-07-16T12:20:35","date_gmt":"2025-07-16T15:20:35","guid":{"rendered":"https:\/\/senoticias.com.br\/se\/?p=148503"},"modified":"2025-07-16T15:41:59","modified_gmt":"2025-07-16T18:41:59","slug":"148503-2","status":"publish","type":"post","link":"https:\/\/senoticias.com.br\/se\/148503-2\/","title":{"rendered":"Empres\u00e1rio faz graves den\u00fancias contra delegado de Nossa Senhora da Gl\u00f3ria"},"content":{"rendered":"<p>&nbsp;<\/p>\n<div id=\"attachment_148514\" style=\"width: 366px\" class=\"wp-caption alignleft\"><a href=\"https:\/\/senoticias.com.br\/se\/wp-content\/uploads\/2025\/07\/Delegacia-de-Gloria-SE-Noticias.jpeg\"><img loading=\"lazy\" decoding=\"async\" aria-describedby=\"caption-attachment-148514\" class=\"size-full wp-image-148514\" src=\"https:\/\/senoticias.com.br\/se\/wp-content\/uploads\/2025\/07\/Delegacia-de-Gloria-SE-Noticias.jpeg\" alt=\"\" width=\"356\" height=\"391\" srcset=\"https:\/\/senoticias.com.br\/se\/wp-content\/uploads\/2025\/07\/Delegacia-de-Gloria-SE-Noticias.jpeg 356w, https:\/\/senoticias.com.br\/se\/wp-content\/uploads\/2025\/07\/Delegacia-de-Gloria-SE-Noticias-273x300.jpeg 273w\" sizes=\"(max-width: 356px) 100vw, 356px\" \/><\/a><p id=\"caption-attachment-148514\" class=\"wp-caption-text\">Empres\u00e1rio afirma que delegado de Gl\u00f3ria tentou obter vantagem ap\u00f3s localiza\u00e7\u00e3o de caminh\u00e3o roubado &#8211; Foto: ascom\/SSP\/SE<\/p><\/div>\n<p>A sociedade sergipana tomou conhecimento de uma grave den\u00fancia durante entrevista exclusiva concedida na manh\u00e3 desta quarta-feira (16) ao jornalista Narciso Machado, no Jornal da Fan, na r\u00e1dio FAN FM. O empres\u00e1rio sergipano Neto Coutinho relatou ter enfrentado uma situa\u00e7\u00e3o inusitada ap\u00f3s recuperar um caminh\u00e3o guincho roubado, envolvendo, segundo ele, maus-tratos e uma suposta exig\u00eancia de vantagem indevida por parte de um delegado da Pol\u00edcia Civil.<\/p>\n<p>O caminh\u00e3o, segundo Neto, foi roubado por quatro homens durante uma falsa solicita\u00e7\u00e3o de servi\u00e7o em Itabaiana. Na a\u00e7\u00e3o criminosa, um funcion\u00e1rio da empresa foi sequestrado e colocado dentro de uma van roubada. Ele foi localizado horas depois em uma rodovia nas proximidades de Jeremoabo, na Bahia. J\u00e1 o ve\u00edculo foi encontrado\u00a0 em Monte Alegre, no alto sert\u00e3o de Sergipe, com a ajuda de rastreador GPS.<\/p>\n<p>Ao se dirigir \u00e0 Delegacia Regional de Nossa Senhora da Gl\u00f3ria para reaver o caminh\u00e3o, Neto relatou ter sido destratado pelo delegado Jorge Eduardo. \u201cO delegado me tratou como se eu fosse um marginal. Fui buscar o caminh\u00e3o na ter\u00e7a-feira, pois estava viajando na segunda, e ele estava com os dez pneus completamente vazios, mesmo a per\u00edcia j\u00e1 tendo sido feita no domingo\u201d, relatou.<\/p>\n<p>A Secretaria de Seguran\u00e7a P\u00fablica (SSP\/SE) informou, por meio de nota, que a restitui\u00e7\u00e3o do ve\u00edculo seguiu os tr\u00e2mites legais e que foi instaurado um procedimento administrativo para apura\u00e7\u00e3o dos fatos. Quanto \u00e0 suposta exig\u00eancia de recompensa para libera\u00e7\u00e3o do caminh\u00e3o, a SSP afirmou que a den\u00fancia foi formalizada apenas nesta ter\u00e7a-feira e ser\u00e1 investigada pela Corregedoria.<\/p>\n<p>Tamb\u00e9m em entrevista ao Jornal da Fan, o delegado Jorge Eduardo apresentou sua vers\u00e3o. Ele alegou que a decis\u00e3o de esvaziar os pneus teria partido de um policial plantonista como medida de seguran\u00e7a para evitar novos furtos. \u201cEu, inclusive, fui contra a ideia de esvaziar os pneus. Disse que n\u00e3o havia necessidade, j\u00e1 que o propriet\u00e1rio viria buscar o ve\u00edculo na segunda-feira\u201d, disse o delegado, afirmando que um parente do empres\u00e1rio presenciou o di\u00e1logo.<\/p>\n<p><strong><em>Acompanhe tamb\u00e9m o SE Not\u00edcias no\u00a0<a href=\"https:\/\/www.instagram.com\/senoticias\/\" target=\"_blank\" rel=\"noreferrer noopener\">Instagram<\/a><\/em><\/strong>,\u00a0<strong><em>\u00a0<a href=\"https:\/\/www.facebook.com\/senoticias1\" target=\"_blank\" rel=\"noreferrer noopener\">Facebook<\/a>\u00a0e\u00a0no<\/em>\u00a0<em><a href=\"https:\/\/twitter.com\/Senoticias\">X<\/a><\/em><\/strong><\/p>\n<p>Reda\u00e7\u00e3o SE Not\u00edcias, com informa\u00e7\u00f5es do Jornal da FAN<\/p>\n","protected":false},"excerpt":{"rendered":"<p>&nbsp; A sociedade sergipana tomou conhecimento de uma grave den\u00fancia durante entrevista exclusiva concedida na manh\u00e3 desta quarta-feira (16) ao jornalista Narciso Machado, no Jornal da Fan, na r\u00e1dio FAN FM. O empres\u00e1rio sergipano Neto Coutinho relatou ter enfrentado uma situa\u00e7\u00e3o inusitada ap\u00f3s recuperar um caminh\u00e3o guincho roubado, envolvendo, segundo ele, maus-tratos e uma suposta [&hellip;]<\/p>\n","protected":false},"author":6557,"featured_media":148514,"comment_status":"closed","ping_status":"closed","sticky":false,"template":"","format":"standard","meta":{"footnotes":""},"categories":[15,7,1],"tags":[43949,43947,43950,43948],"class_list":{"0":"post-148503","1":"post","2":"type-post","3":"status-publish","4":"format-standard","5":"has-post-thumbnail","7":"category-destaques","8":"category-policia","9":"category-sem-categoria","10":"tag-acusacao-contra-delegado","11":"tag-delegacia-de-gloria","12":"tag-delegado-joao-eduardo","13":"tag-roubo-de-caminhao-guincho"},"_links":{"self":[{"href":"https:\/\/senoticias.com.br\/se\/wp-json\/wp\/v2\/posts\/148503"}],"collection":[{"href":"https:\/\/senoticias.com.br\/se\/wp-json\/wp\/v2\/posts"}],"about":[{"href":"https:\/\/senoticias.com.br\/se\/wp-json\/wp\/v2\/types\/post"}],"author":[{"embeddable":true,"href":"https:\/\/senoticias.com.br\/se\/wp-json\/wp\/v2\/users\/6557"}],"replies":[{"embeddable":true,"href":"https:\/\/senoticias.com.br\/se\/wp-json\/wp\/v2\/comments?post=148503"}],"version-history":[{"count":0,"href":"https:\/\/senoticias.com.br\/se\/wp-json\/wp\/v2\/posts\/148503\/revisions"}],"wp:featuredmedia":[{"embeddable":true,"href":"https:\/\/senoticias.com.br\/se\/wp-json\/wp\/v2\/media\/148514"}],"wp:attachment":[{"href":"https:\/\/senoticias.com.br\/se\/wp-json\/wp\/v2\/media?parent=148503"}],"wp:term":[{"taxonomy":"category","embeddable":true,"href":"https:\/\/senoticias.com.br\/se\/wp-json\/wp\/v2\/categories?post=148503"},{"taxonomy":"post_tag","embeddable":true,"href":"https:\/\/senoticias.com.br\/se\/wp-json\/wp\/v2\/tags?post=148503"}],"curies":[{"name":"wp","href":"https:\/\/api.w.org\/{rel}","templated":true}]}}