{"id":148133,"date":"2025-06-13T12:41:47","date_gmt":"2025-06-13T15:41:47","guid":{"rendered":"https:\/\/senoticias.com.br\/se\/?p=148133"},"modified":"2025-06-13T12:41:47","modified_gmt":"2025-06-13T15:41:47","slug":"arrastape-do-18-abre-sua-17a-edicao-nesta-sexta-feira-dia-13","status":"publish","type":"post","link":"https:\/\/senoticias.com.br\/se\/arrastape-do-18-abre-sua-17a-edicao-nesta-sexta-feira-dia-13\/","title":{"rendered":"Arrastap\u00e9 do 18 abre sua 17\u00aa edi\u00e7\u00e3o nesta sexta-feira, dia 13"},"content":{"rendered":"<p>Os forrozeiros ter\u00e3o mais uma op\u00e7\u00e3o de festa junina para aproveitar o per\u00edodo. A partir desta sexta-feira, 13, a comunidade do bairro 18 do Forte, na regi\u00e3o conhecida como Baixa da Cachorrinha, na capital, Aracaju, ser\u00e1 a anfitri\u00e3 de mais um grande evento promovido pelo Governo do Estado, o Arrastap\u00e9 do 18. Em sua 17\u00aa edi\u00e7\u00e3o, o evento ser\u00e1 realizado em dois dias de programa\u00e7\u00e3o, com shows de grandes nomes da m\u00fasica, refor\u00e7ando o t\u00edtulo de Sergipe como o \u201cpa\u00eds do forr\u00f3\u201d.<\/p>\n<div id=\"attachment_148134\" style=\"width: 609px\" class=\"wp-caption aligncenter\"><a href=\"https:\/\/senoticias.com.br\/se\/wp-content\/uploads\/2025\/06\/slide_7665646dd5988f163b50867e5a5b39a9-e1749829226647.jpg\"><img loading=\"lazy\" decoding=\"async\" aria-describedby=\"caption-attachment-148134\" class=\"size-full wp-image-148134\" src=\"https:\/\/senoticias.com.br\/se\/wp-content\/uploads\/2025\/06\/slide_7665646dd5988f163b50867e5a5b39a9-e1749829226647.jpg\" alt=\"\" width=\"599\" height=\"332\" \/><\/a><p id=\"caption-attachment-148134\" class=\"wp-caption-text\">Foto: Marcos Rodrigues<\/p><\/div>\n<p>Na primeira noite da festa, os shows iniciam \u00e0s 20h, com Ba\u00fa das Antigas; \u00e0s 22h, Batista Lima; \u00e0s 0h, Heitor Costa; e, para fechar, \u00e0s 2h, Ju Marques. J\u00e1 na segunda noite, as apresenta\u00e7\u00f5es ficar\u00e3o por conta de Nin\u00e9ia Oliveira, \u00e0s 20h; Fogo na Saia, \u00e0s 22h; Solange Almeida, \u00e0s 0h; e Mikael Santos, \u00e0s 2h.<\/p>\n<p>O Arrastap\u00e9 do 18 \u00e9 uma realiza\u00e7\u00e3o do Governo do Estado, por meio da Funda\u00e7\u00e3o de Cultura e Arte Aperip\u00ea de Sergipe (Funcap) e do Banese, com patroc\u00ednio da Eneva, Igu\u00e1 Sergipe e Marat\u00e1.<\/p>\n<p><strong>Confira a programa\u00e7\u00e3o completa:<\/strong><\/p>\n<p><strong>Dia 13\/06 (sexta-feira)<\/strong><\/p>\n<p>20h &#8211; Ba\u00fa das Antigas<\/p>\n<p>22h &#8211; Batista Lima<\/p>\n<p>0h &#8211; Heitor Costa<\/p>\n<p>2h &#8211; Ju Marques<br \/>\n<strong>Dia 14\/06 (s\u00e1bado)<\/strong><\/p>\n<p>20h &#8211; Nin\u00e9ia Oliveira<\/p>\n<p>22h &#8211; Fogo na Saia<\/p>\n<p>0h &#8211; Solange Almeida<\/p>\n<p>2h &#8211; Mikael Santos<\/p>\n<p><strong><em>Acompanhe tamb\u00e9m o SE Not\u00edcias no\u00a0<a href=\"https:\/\/www.instagram.com\/senoticias\/\" target=\"_blank\" rel=\"noreferrer noopener\">Instagram<\/a><\/em><\/strong>,\u00a0<strong><em>\u00a0<a href=\"https:\/\/www.facebook.com\/senoticias1\" target=\"_blank\" rel=\"noreferrer noopener\">Facebook<\/a>\u00a0e\u00a0no<\/em>\u00a0<em><a href=\"https:\/\/twitter.com\/Senoticias\">X<\/a><\/em><\/strong><\/p>\n<p>Fonte: Agencia Sergipe de Noticias<\/p>\n","protected":false},"excerpt":{"rendered":"<p>Os forrozeiros ter\u00e3o mais uma op\u00e7\u00e3o de festa junina para aproveitar o per\u00edodo. A partir desta sexta-feira, 13, a comunidade do bairro 18 do Forte, na regi\u00e3o conhecida como Baixa da Cachorrinha, na capital, Aracaju, ser\u00e1 a anfitri\u00e3 de mais um grande evento promovido pelo Governo do Estado, o Arrastap\u00e9 do 18. Em sua 17\u00aa [&hellip;]<\/p>\n","protected":false},"author":6557,"featured_media":0,"comment_status":"closed","ping_status":"closed","sticky":false,"template":"","format":"standard","meta":{"footnotes":""},"categories":[15,21],"tags":[43432,1007],"class_list":{"0":"post-148133","1":"post","2":"type-post","3":"status-publish","4":"format-standard","6":"category-destaques","7":"category-entretenimento","8":"tag-arrastape-do-18","9":"tag-sao-joao"},"_links":{"self":[{"href":"https:\/\/senoticias.com.br\/se\/wp-json\/wp\/v2\/posts\/148133"}],"collection":[{"href":"https:\/\/senoticias.com.br\/se\/wp-json\/wp\/v2\/posts"}],"about":[{"href":"https:\/\/senoticias.com.br\/se\/wp-json\/wp\/v2\/types\/post"}],"author":[{"embeddable":true,"href":"https:\/\/senoticias.com.br\/se\/wp-json\/wp\/v2\/users\/6557"}],"replies":[{"embeddable":true,"href":"https:\/\/senoticias.com.br\/se\/wp-json\/wp\/v2\/comments?post=148133"}],"version-history":[{"count":0,"href":"https:\/\/senoticias.com.br\/se\/wp-json\/wp\/v2\/posts\/148133\/revisions"}],"wp:attachment":[{"href":"https:\/\/senoticias.com.br\/se\/wp-json\/wp\/v2\/media?parent=148133"}],"wp:term":[{"taxonomy":"category","embeddable":true,"href":"https:\/\/senoticias.com.br\/se\/wp-json\/wp\/v2\/categories?post=148133"},{"taxonomy":"post_tag","embeddable":true,"href":"https:\/\/senoticias.com.br\/se\/wp-json\/wp\/v2\/tags?post=148133"}],"curies":[{"name":"wp","href":"https:\/\/api.w.org\/{rel}","templated":true}]}}