{"id":148131,"date":"2025-06-13T12:38:20","date_gmt":"2025-06-13T15:38:20","guid":{"rendered":"https:\/\/senoticias.com.br\/se\/?p=148131"},"modified":"2025-06-13T12:38:20","modified_gmt":"2025-06-13T15:38:20","slug":"grandes-nomes-do-forro-sergipano-se-apresentam-na-segundona-do-turista-da-proxima-segunda-16","status":"publish","type":"post","link":"https:\/\/senoticias.com.br\/se\/grandes-nomes-do-forro-sergipano-se-apresentam-na-segundona-do-turista-da-proxima-segunda-16\/","title":{"rendered":"Grandes nomes do forr\u00f3 sergipano se apresentam na Segundona do Turista da pr\u00f3xima segunda, 16"},"content":{"rendered":"<p>A programa\u00e7\u00e3o junina em Sergipe acontece durante toda a semana, em diferentes pontos do estado, reunindo express\u00f5es tradicionais da cultura popular. Na pr\u00f3xima segunda-feira, 16, a partir das 18h, a Rua S\u00e3o Jo\u00e3o, no bairro Industrial, recebe mais uma edi\u00e7\u00e3o da Segundona do Turista, com apresenta\u00e7\u00f5es de trios de forr\u00f3 p\u00e9 de serra e quadrilhas juninas que mant\u00eam viva a tradi\u00e7\u00e3o nordestina e marcam o in\u00edcio da semana de festejos.<\/p>\n<div id=\"attachment_148132\" style=\"width: 609px\" class=\"wp-caption aligncenter\"><a href=\"https:\/\/senoticias.com.br\/se\/wp-content\/uploads\/2025\/06\/slide_e76e002e7b8f8971eab39fcc0add2c2c-e1749828979364.jpeg\"><img loading=\"lazy\" decoding=\"async\" aria-describedby=\"caption-attachment-148132\" class=\"size-full wp-image-148132\" src=\"https:\/\/senoticias.com.br\/se\/wp-content\/uploads\/2025\/06\/slide_e76e002e7b8f8971eab39fcc0add2c2c-e1749828979364.jpeg\" alt=\"\" width=\"599\" height=\"332\" \/><\/a><p id=\"caption-attachment-148132\" class=\"wp-caption-text\">Foto: Thiago Santos<\/p><\/div>\n<p>A noite ter\u00e1 in\u00edcio com Jacar\u00e9 e o Trio Pantanal, grupo com mais de 50 anos de trajet\u00f3ria art\u00edstica. Em seguida, se apresenta a Quadrilha Junina Asa Branca, de Sim\u00e3o Dias, no hist\u00f3rico quadrilh\u00f3dromo. Encerrando a programa\u00e7\u00e3o, o show da cantora Joseane Dy Josa, que comemora 40 anos de carreira dedicados ao forr\u00f3.<\/p>\n<p>O evento \u00e9 promovido pelo Governo de Sergipe, por meio da Funda\u00e7\u00e3o de Cultura e Arte Aperip\u00ea (Funcap), em parceria com o Centro Social e Cultural S\u00e3o Jo\u00e3o de Deus. Conta ainda com o apoio das secretarias de Turismo (Setur), do Trabalho (Seteem) e da Comunica\u00e7\u00e3o Social (Secom).<\/p>\n<p><strong>Segundona do Turista<\/strong><\/p>\n<p>A Segundona do Turista tem como objetivo valorizar artistas sergipanos e ampliar o acesso \u00e0 cultura, com apresenta\u00e7\u00f5es semanais de forr\u00f3 e outras manifesta\u00e7\u00f5es populares. O evento acontece sempre \u00e0s segundas-feiras e segue com programa\u00e7\u00e3o cont\u00ednua at\u00e9 dezembro.<\/p>\n<p><strong><em>Acompanhe tamb\u00e9m o SE Not\u00edcias no\u00a0<a href=\"https:\/\/www.instagram.com\/senoticias\/\" target=\"_blank\" rel=\"noreferrer noopener\">Instagram<\/a><\/em><\/strong>,\u00a0<strong><em>\u00a0<a href=\"https:\/\/www.facebook.com\/senoticias1\" target=\"_blank\" rel=\"noreferrer noopener\">Facebook<\/a>\u00a0e\u00a0no<\/em>\u00a0<em><a href=\"https:\/\/twitter.com\/Senoticias\">X<\/a><\/em><\/strong><\/p>\n<p>Fonte: Agencia Sergipe de Noticias<\/p>\n","protected":false},"excerpt":{"rendered":"<p>A programa\u00e7\u00e3o junina em Sergipe acontece durante toda a semana, em diferentes pontos do estado, reunindo express\u00f5es tradicionais da cultura popular. Na pr\u00f3xima segunda-feira, 16, a partir das 18h, a Rua S\u00e3o Jo\u00e3o, no bairro Industrial, recebe mais uma edi\u00e7\u00e3o da Segundona do Turista, com apresenta\u00e7\u00f5es de trios de forr\u00f3 p\u00e9 de serra e quadrilhas [&hellip;]<\/p>\n","protected":false},"author":6557,"featured_media":0,"comment_status":"closed","ping_status":"closed","sticky":false,"template":"","format":"standard","meta":{"footnotes":""},"categories":[15,21],"tags":[43804,38863],"class_list":{"0":"post-148131","1":"post","2":"type-post","3":"status-publish","4":"format-standard","6":"category-destaques","7":"category-entretenimento","8":"tag-forro-sergipano","9":"tag-segundona-do-turista"},"_links":{"self":[{"href":"https:\/\/senoticias.com.br\/se\/wp-json\/wp\/v2\/posts\/148131"}],"collection":[{"href":"https:\/\/senoticias.com.br\/se\/wp-json\/wp\/v2\/posts"}],"about":[{"href":"https:\/\/senoticias.com.br\/se\/wp-json\/wp\/v2\/types\/post"}],"author":[{"embeddable":true,"href":"https:\/\/senoticias.com.br\/se\/wp-json\/wp\/v2\/users\/6557"}],"replies":[{"embeddable":true,"href":"https:\/\/senoticias.com.br\/se\/wp-json\/wp\/v2\/comments?post=148131"}],"version-history":[{"count":0,"href":"https:\/\/senoticias.com.br\/se\/wp-json\/wp\/v2\/posts\/148131\/revisions"}],"wp:attachment":[{"href":"https:\/\/senoticias.com.br\/se\/wp-json\/wp\/v2\/media?parent=148131"}],"wp:term":[{"taxonomy":"category","embeddable":true,"href":"https:\/\/senoticias.com.br\/se\/wp-json\/wp\/v2\/categories?post=148131"},{"taxonomy":"post_tag","embeddable":true,"href":"https:\/\/senoticias.com.br\/se\/wp-json\/wp\/v2\/tags?post=148131"}],"curies":[{"name":"wp","href":"https:\/\/api.w.org\/{rel}","templated":true}]}}