{"id":147921,"date":"2025-06-01T10:52:44","date_gmt":"2025-06-01T13:52:44","guid":{"rendered":"https:\/\/senoticias.com.br\/se\/?p=147921"},"modified":"2025-06-01T11:00:27","modified_gmt":"2025-06-01T14:00:27","slug":"segunda-noite-do-arraia-do-povo-2025-contagia-sergipanos-com-forro-e-arrocha-na-orla-da-atalaia","status":"publish","type":"post","link":"https:\/\/senoticias.com.br\/se\/segunda-noite-do-arraia-do-povo-2025-contagia-sergipanos-com-forro-e-arrocha-na-orla-da-atalaia\/","title":{"rendered":"Segunda noite do Arrai\u00e1 do Povo 2025 contagia sergipanos com forr\u00f3 e arrocha na Orla da Atalaia"},"content":{"rendered":"<p>A Pra\u00e7a de Eventos da Orla da Atalaia, em Aracaju, reuniu muitas fam\u00edlias e amigos na segunda noite de shows do Arrai\u00e1 do Povo 2025, que agregou nomes do forr\u00f3 e do arrocha, com um p\u00fablico de cerca de 22 mil pessoas. Neste s\u00e1bado, 31, o evento realizado pelo Governo do Estado trouxe o p\u00fablico para festejar \u00e0 beira mar ao som de Danielzinho Jr., Baby Som, Pablo, Walkyria Santos e Forr\u00f3 Prime.<\/p>\n<p>Respons\u00e1vel por abrir a noite de shows, o itabaianense Danielzinho Jr. foi atra\u00e7\u00e3o do evento pelo segundo ano consecutivo e destacou o repert\u00f3rio especial que preparou para animar os sergipanos e os turistas. \u201c\u00c9 sempre uma alegria poder participar do Arrai\u00e1 do Povo, ainda mais por estar em casa. Tocar para o p\u00fablico sergipano \u00e9 sentir o calor que vem de quem nos assiste, \u00e9 a empolga\u00e7\u00e3o e muita alegria\u201d, expressou ele. O cantor retomou a import\u00e2ncia do S\u00e3o Jo\u00e3o para a cultura nordestina, que tem se fortalecido a cada ano. \u201cO Nordeste oferece o melhor dos festejos juninos e, claro, Sergipe \u00e9 o Pa\u00eds do Forr\u00f3\u201d, completa.<\/p>\n<div id=\"attachment_147922\" style=\"width: 609px\" class=\"wp-caption aligncenter\"><a href=\"https:\/\/senoticias.com.br\/se\/wp-content\/uploads\/2025\/06\/Segunda-noite-Arraia-do-Povo-SE-Noticias.jpg\"><img loading=\"lazy\" decoding=\"async\" aria-describedby=\"caption-attachment-147922\" class=\"size-full wp-image-147922\" src=\"https:\/\/senoticias.com.br\/se\/wp-content\/uploads\/2025\/06\/Segunda-noite-Arraia-do-Povo-SE-Noticias.jpg\" alt=\"\" width=\"599\" height=\"333\" srcset=\"https:\/\/senoticias.com.br\/se\/wp-content\/uploads\/2025\/06\/Segunda-noite-Arraia-do-Povo-SE-Noticias.jpg 599w, https:\/\/senoticias.com.br\/se\/wp-content\/uploads\/2025\/06\/Segunda-noite-Arraia-do-Povo-SE-Noticias-300x167.jpg 300w\" sizes=\"(max-width: 599px) 100vw, 599px\" \/><\/a><p id=\"caption-attachment-147922\" class=\"wp-caption-text\"><br \/>Pablo envolveu o p\u00fablico com seu arrocha cheio de romantismo &#8211; Foto: Thalys Rodrigues \/ ASN<\/p><\/div>\n<p>A noite seguiu com o som da banda cearense Baby Som que cantou cl\u00e1ssicos do forr\u00f3 e ajudou o clima da festa a esquecer ainda mais. \u201cSergipe sempre nos recebe de bra\u00e7os abertos\u201d destaca o vocalista Carlinhos. \u201c\u00c9 uma honra para o Forroz\u00e3o Baby Som, mais um ano, fazer parte do maior arrai\u00e1 \u00e0 beira-mar do Brasil. Sergipe sempre nos acolhe, sempre nos acolheu. Baby Som tem uma hist\u00f3ria muito grande com este estado, com Aracaju, com as demais cidades vizinhas. Ent\u00e3o, para n\u00f3s, \u00e9 um prazer, uma alegria\u201d, completa Let\u00edcia, tamb\u00e9m vocalista da banda.<\/p>\n<p>Sendo a atra\u00e7\u00e3o mais aguardada da noite, Pablo subiu ao palco trazendo todo o ritmo e o romantismo do arrocha. Neto de sergipanos e ex-morador de Lagarto, o cantor tem uma hist\u00f3ria antiga com o estado. Ele destacou a felicidade de retornar e fazer parte dessa festa que representa a m\u00fasica popular brasileira. \u201cSergipe tem um carinho muito grande com o meu trabalho. Desde o in\u00edcio da minha carreira com o Asas Livres, grupo de arrocha, e, hoje, carreira solo, as pessoas continuam abra\u00e7ando muito o meu trabalho. Ent\u00e3o, a rec\u00edproca \u00e9 verdadeira. \u00c9 uma rela\u00e7\u00e3o muito gostosa, muito pessoal. Aqui em Sergipe n\u00e3o pode faltar aquela mesclagem de repert\u00f3rio, m\u00fasicas antigas, m\u00fasicas mais recentes\u201d, ressalta.<\/p>\n<p>Quem fechou a noite no Palco Rog\u00e9rio foi Walkyria Santos, conhecida pelos anos como vocalista da Banda Magn\u00edficos. Os sergipanos aguardaram em peso para reviver os maiores sucessos da banda, cantando letra por letra. A cantora confessou que, assim como o p\u00fablico, acompanhou todos os preparativos e o primeiro dia do evento. \u201cQue del\u00edcia \u00e9 estar com voc\u00eas aqui no Arrai\u00e1 do Povo, o maior arrai\u00e1 \u00e0 beira-mar do mundo. Desde ontem que eu estou acompanhando e eu estava doida para chegar aqui e sentir a emo\u00e7\u00e3o e o calor de voc\u00eas \u201d, completa.<\/p>\n<p><strong>P\u00fablico animado<\/strong><\/p>\n<p>Para aproveitar o melhor de um m\u00eas inteiro de festa, Ednelsa Cardoso n\u00e3o esperou junho come\u00e7ar, veio aproveitar em fam\u00edlia com seguran\u00e7a e tranquilidade. \u201cJ\u00e1 vim em outras edi\u00e7\u00f5es e gostei muito, pois est\u00e1 sendo muito bem policiado. Ent\u00e3o, as fam\u00edlias podem trazer as crian\u00e7as para brincar e curtir\u201d, conta a sergipana que trouxe a neta para festejar.<\/p>\n<p>A aracajuana Kathleen Swellen veio em grupo curtir o cantor Pablo e, al\u00e9m de toda expectativa para o show, gostou das mudan\u00e7as que observou na organiza\u00e7\u00e3o do Arrai\u00e1. \u201cEst\u00e1 muito mais espa\u00e7oso, um ambiente gostoso de se curtir. Eu s\u00f3 vim ver Pablo, aproveitar e curtir bastante. Vim ouvir as antigas que s\u00e3o as melhores\u201d, conta.<\/p>\n<p>O Arrai\u00e1 do Povo e a Vila do Forr\u00f3 s\u00e3o uma realiza\u00e7\u00e3o do Governo de Sergipe, por meio da Funda\u00e7\u00e3o de Cultura e Arte Aperip\u00ea de Sergipe (Funcap) e do Banese, em parceria com o Minist\u00e9rio da Cultura, por meio da Lei Rouanet de Incentivo \u00e0 Cultura. O projeto conta com o apoio da Energisa, Aperip\u00ea TV, Netiz, TV Atalaia, Prefeitura de Aracaju, FM Sergipe e TV Sergipe; e com o patroc\u00ednio da Eneva, Igu\u00e1 Saneamento, Marat\u00e1, GBarbosa, Sergas, Deso, Pisolar, Celi Engenharia, Rede Primavera Sa\u00fade, SEGV e Indra.<\/p>\n<p><strong><em>Acompanhe tamb\u00e9m o SE Not\u00edcias no\u00a0<a href=\"https:\/\/www.instagram.com\/senoticias\/\" target=\"_blank\" rel=\"noreferrer noopener\">Instagram<\/a><\/em><\/strong>,\u00a0<strong><em>\u00a0<a href=\"https:\/\/www.facebook.com\/senoticias1\" target=\"_blank\" rel=\"noreferrer noopener\">Facebook<\/a>\u00a0e\u00a0no<\/em>\u00a0<em><a href=\"https:\/\/twitter.com\/Senoticias\">X<\/a><\/em><\/strong><\/p>\n<p>Fonte: Ag\u00eancia Sergipe de Not\u00edcias<\/p>\n","protected":false},"excerpt":{"rendered":"<p>A Pra\u00e7a de Eventos da Orla da Atalaia, em Aracaju, reuniu muitas fam\u00edlias e amigos na segunda noite de shows do Arrai\u00e1 do Povo 2025, que agregou nomes do forr\u00f3 e do arrocha, com um p\u00fablico de cerca de 22 mil pessoas. Neste s\u00e1bado, 31, o evento realizado pelo Governo do Estado trouxe o p\u00fablico [&hellip;]<\/p>\n","protected":false},"author":6557,"featured_media":147922,"comment_status":"closed","ping_status":"closed","sticky":false,"template":"","format":"standard","meta":{"footnotes":""},"categories":[15,21],"tags":[43428,43744,37735],"class_list":{"0":"post-147921","1":"post","2":"type-post","3":"status-publish","4":"format-standard","5":"has-post-thumbnail","7":"category-destaques","8":"category-entretenimento","9":"tag-arraia-do-povo-2025","10":"tag-forro-e-arrocha","11":"tag-praca-de-eventos-da-orla-da-atalaia"},"_links":{"self":[{"href":"https:\/\/senoticias.com.br\/se\/wp-json\/wp\/v2\/posts\/147921"}],"collection":[{"href":"https:\/\/senoticias.com.br\/se\/wp-json\/wp\/v2\/posts"}],"about":[{"href":"https:\/\/senoticias.com.br\/se\/wp-json\/wp\/v2\/types\/post"}],"author":[{"embeddable":true,"href":"https:\/\/senoticias.com.br\/se\/wp-json\/wp\/v2\/users\/6557"}],"replies":[{"embeddable":true,"href":"https:\/\/senoticias.com.br\/se\/wp-json\/wp\/v2\/comments?post=147921"}],"version-history":[{"count":0,"href":"https:\/\/senoticias.com.br\/se\/wp-json\/wp\/v2\/posts\/147921\/revisions"}],"wp:featuredmedia":[{"embeddable":true,"href":"https:\/\/senoticias.com.br\/se\/wp-json\/wp\/v2\/media\/147922"}],"wp:attachment":[{"href":"https:\/\/senoticias.com.br\/se\/wp-json\/wp\/v2\/media?parent=147921"}],"wp:term":[{"taxonomy":"category","embeddable":true,"href":"https:\/\/senoticias.com.br\/se\/wp-json\/wp\/v2\/categories?post=147921"},{"taxonomy":"post_tag","embeddable":true,"href":"https:\/\/senoticias.com.br\/se\/wp-json\/wp\/v2\/tags?post=147921"}],"curies":[{"name":"wp","href":"https:\/\/api.w.org\/{rel}","templated":true}]}}