{"id":147917,"date":"2025-05-31T22:30:32","date_gmt":"2025-06-01T01:30:32","guid":{"rendered":"https:\/\/senoticias.com.br\/se\/?p=147917"},"modified":"2025-05-31T22:30:32","modified_gmt":"2025-06-01T01:30:32","slug":"fui-cobrar-meu-salario-e-sai-destruida-professora-relata-humilhacao-e-abuso-emocional-por-parte-do-prefeito-de-tomar-do-geru","status":"publish","type":"post","link":"https:\/\/senoticias.com.br\/se\/fui-cobrar-meu-salario-e-sai-destruida-professora-relata-humilhacao-e-abuso-emocional-por-parte-do-prefeito-de-tomar-do-geru\/","title":{"rendered":"&#8220;Fui cobrar meu sal\u00e1rio e sa\u00ed destru\u00edda&#8221;: professora relata humilha\u00e7\u00e3o e abuso emocional por parte do prefeito de Tomar do Geru"},"content":{"rendered":"<p><strong>Tomar do Geru (SE)<\/strong> \u2014 Um epis\u00f3dio lament\u00e1vel marcou a manh\u00e3 deste s\u00e1bado (31) durante a feira municipal realizada na sede do munic\u00edpio. A professora aposentada Efig\u00eania Lima Santos, servidora aposentada da Prefeitura de Tomar do Geru, foi verbalmente agredida pelo <strong>prefeito Jal Constru\u00e7\u00f5es<\/strong>, ap\u00f3s question\u00e1-lo publicamente sobre os sal\u00e1rios atrasados dos professores aposentados.<\/p>\n<div id=\"attachment_147918\" style=\"width: 579px\" class=\"wp-caption aligncenter\"><a href=\"https:\/\/senoticias.com.br\/se\/wp-content\/uploads\/2025\/05\/Prefeito-de-Tomar-do-Geru-Jal-Construcoes.jpg\"><img loading=\"lazy\" decoding=\"async\" aria-describedby=\"caption-attachment-147918\" class=\"size-full wp-image-147918\" src=\"https:\/\/senoticias.com.br\/se\/wp-content\/uploads\/2025\/05\/Prefeito-de-Tomar-do-Geru-Jal-Construcoes.jpg\" alt=\"\" width=\"569\" height=\"717\" srcset=\"https:\/\/senoticias.com.br\/se\/wp-content\/uploads\/2025\/05\/Prefeito-de-Tomar-do-Geru-Jal-Construcoes.jpg 569w, https:\/\/senoticias.com.br\/se\/wp-content\/uploads\/2025\/05\/Prefeito-de-Tomar-do-Geru-Jal-Construcoes-238x300.jpg 238w\" sizes=\"(max-width: 569px) 100vw, 569px\" \/><\/a><p id=\"caption-attachment-147918\" class=\"wp-caption-text\">Professora relata humilha\u00e7\u00e3o e abuso emocional por parte do prefeito de Tomar do Geru &#8211; Foto: reprodu\u00e7\u00e3o \/ redes sociais<\/p><\/div>\n<p>No momento do ocorrido, o prefeito utilizava o microfone do evento para sortear cestas b\u00e1sicas aos feirantes. Ao se aproximar do gestor e indagar sobre os pagamentos, a educadora foi surpreendida por uma s\u00e9rie de ataques verbais em tom de deboche e desrespeito.<\/p>\n<p>Trechos do v\u00eddeo, que circula nas redes sociais, mostram o prefeito zombando da professora, chamando-a de &#8220;militante fracassada&#8221; e ironizando sua live ao dizer que ela estaria com a \u201caudi\u00eancia topada\u201d com apenas um seguidor. As declara\u00e7\u00f5es foram feitas de forma p\u00fablica, com uso do microfone, diante da popula\u00e7\u00e3o presente na feira.<\/p>\n<p>Em contato com a reda\u00e7\u00e3o do <strong>Portal SE Not\u00edcias<\/strong>, a professora Efig\u00eania relatou como se sentiu durante a agress\u00e3o:<\/p>\n<p>\u201cEle comentava sobre meu corportamento, e quando percebi que os ataques estavam se intensificando, comecei a gravar. Fiz uma live porque me senti amea\u00e7ada. Ele incentivava at\u00e9 crian\u00e7as a me hostilizar. Foi humilhante.\u201d<\/p>\n<p><strong>A educadora revelou ainda o impacto emocional da exposi\u00e7\u00e3o:<\/strong><\/p>\n<p>\u201cVoltei para casa me sentindo profundamente humilhada. A palavra \u00e9 essa: me senti estuprada emocionalmente. O prefeito usou o microfone e o espa\u00e7o p\u00fablico n\u00e3o s\u00f3 para me atacar, mas para zombar da minha dor. S\u00f3 queria uma resposta sobre meu sal\u00e1rio, e fui tratada como inimiga.\u201d<\/p>\n<p>Ela explicou que o munic\u00edpio possui previd\u00eancia pr\u00f3pria e que, apesar de dificuldades no fundo, o Tribunal de Contas exige os aportes necess\u00e1rios para garantir os pagamentos. At\u00e9 o momento, segundo Efig\u00eania, os vencimentos dos aposentados seguem em atraso.<\/p>\n<p>\u201cHoje, al\u00e9m de aposentada, ainda trabalho na rede estadual, na Escola 17 de Outubro. Minha vida \u00e9 de luta, e n\u00e3o aceito ser tratada com desrespeito por cobrar o que \u00e9 nosso por direito.\u201d<\/p>\n<p><strong>Apoio nas redes sociais<\/strong><\/p>\n<p>Ap\u00f3s o ocorrido, a professora recebeu diversas mensagens de apoio e solidariedade:<\/p>\n<p>\u201cN\u00e3o \u00e9 sobre pol\u00edtica. \u00c9 sobre dignidade, respeito e justi\u00e7a. Professora Efig\u00eania, voc\u00ea representa muitos que est\u00e3o calados. Parab\u00e9ns pela coragem!\u201d, escreveu um seguidor.<\/p>\n<p>\u201cTomar do Geru tem o famoso prefeito do p\u00e3o e circo. Sorteios, m\u00fasica ao vivo&#8230; mas sal\u00e1rios atrasados. At\u00e9 quando?\u201d, criticou outro internauta.<\/p>\n<p><strong>Sem resposta oficial<\/strong><\/p>\n<p>At\u00e9 o fechamento desta mat\u00e9ria, a Prefeitura de Tomar do Geru n\u00e3o havia se manifestado oficialmente sobre o epis\u00f3dio ou apresentado esclarecimentos sobre o pagamento dos sal\u00e1rios dos professores aposentados.<\/p>\n<p><strong><em>Acompanhe tamb\u00e9m o SE Not\u00edcias no\u00a0<a href=\"https:\/\/www.instagram.com\/senoticias\/\" target=\"_blank\" rel=\"noreferrer noopener\">Instagram<\/a><\/em><\/strong>,\u00a0<strong><em>\u00a0<a href=\"https:\/\/www.facebook.com\/senoticias1\" target=\"_blank\" rel=\"noreferrer noopener\">Facebook<\/a>\u00a0e\u00a0no<\/em>\u00a0<em><a href=\"https:\/\/twitter.com\/Senoticias\">X<\/a><\/em><\/strong><\/p>\n<p><em><strong>Reda\u00e7\u00e3o SE Not\u00edcias<\/strong><\/em><\/p>\n<p>&nbsp;<\/p>\n<p>&nbsp;<\/p>\n","protected":false},"excerpt":{"rendered":"<p>Tomar do Geru (SE) \u2014 Um epis\u00f3dio lament\u00e1vel marcou a manh\u00e3 deste s\u00e1bado (31) durante a feira municipal realizada na sede do munic\u00edpio. A professora aposentada Efig\u00eania Lima Santos, servidora aposentada da Prefeitura de Tomar do Geru, foi verbalmente agredida pelo prefeito Jal Constru\u00e7\u00f5es, ap\u00f3s question\u00e1-lo publicamente sobre os sal\u00e1rios atrasados dos professores aposentados. No [&hellip;]<\/p>\n","protected":false},"author":6557,"featured_media":147918,"comment_status":"closed","ping_status":"closed","sticky":false,"template":"","format":"standard","meta":{"footnotes":""},"categories":[15,6],"tags":[43742,43743,677,10748],"class_list":{"0":"post-147917","1":"post","2":"type-post","3":"status-publish","4":"format-standard","5":"has-post-thumbnail","7":"category-destaques","8":"category-politica","9":"tag-prefeito-jal-construcoes","10":"tag-professora-efigenia","11":"tag-sintese","12":"tag-tomar-do-geru"},"_links":{"self":[{"href":"https:\/\/senoticias.com.br\/se\/wp-json\/wp\/v2\/posts\/147917"}],"collection":[{"href":"https:\/\/senoticias.com.br\/se\/wp-json\/wp\/v2\/posts"}],"about":[{"href":"https:\/\/senoticias.com.br\/se\/wp-json\/wp\/v2\/types\/post"}],"author":[{"embeddable":true,"href":"https:\/\/senoticias.com.br\/se\/wp-json\/wp\/v2\/users\/6557"}],"replies":[{"embeddable":true,"href":"https:\/\/senoticias.com.br\/se\/wp-json\/wp\/v2\/comments?post=147917"}],"version-history":[{"count":0,"href":"https:\/\/senoticias.com.br\/se\/wp-json\/wp\/v2\/posts\/147917\/revisions"}],"wp:featuredmedia":[{"embeddable":true,"href":"https:\/\/senoticias.com.br\/se\/wp-json\/wp\/v2\/media\/147918"}],"wp:attachment":[{"href":"https:\/\/senoticias.com.br\/se\/wp-json\/wp\/v2\/media?parent=147917"}],"wp:term":[{"taxonomy":"category","embeddable":true,"href":"https:\/\/senoticias.com.br\/se\/wp-json\/wp\/v2\/categories?post=147917"},{"taxonomy":"post_tag","embeddable":true,"href":"https:\/\/senoticias.com.br\/se\/wp-json\/wp\/v2\/tags?post=147917"}],"curies":[{"name":"wp","href":"https:\/\/api.w.org\/{rel}","templated":true}]}}