{"id":147912,"date":"2025-05-31T08:04:49","date_gmt":"2025-05-31T11:04:49","guid":{"rendered":"https:\/\/senoticias.com.br\/se\/?p=147912"},"modified":"2025-05-31T08:21:49","modified_gmt":"2025-05-31T11:21:49","slug":"147912-2","status":"publish","type":"post","link":"https:\/\/senoticias.com.br\/se\/147912-2\/","title":{"rendered":"Multid\u00e3o celebra a estreia do Arrai\u00e1 do Povo 2025 com mais de 32 mil na Orla da Atalaia"},"content":{"rendered":"<p>O clima junino tomou conta dos sergipanos com a abertura do Arrai\u00e1 do Povo 2025, na noite desta sexta-feira, 30. Realizado pelo Governo do Estado, o evento levou mais de 32 mil pessoas \u00e0 Pra\u00e7a de Eventos da Orla da Atalaia, em Aracaju, para curtir os shows de Calcinha Preta, Z\u00e9 Vaqueiro, Fogo na Saia e Z\u00e9 Tramela. A estreia deu a largada aos 30 dias do maior S\u00e3o Jo\u00e3o \u00e0 beira-mar do Brasil, que reafirma Sergipe como o \u2018pa\u00eds do forr\u00f3\u2019.<\/p>\n<p>A edi\u00e7\u00e3o deste ano do Arrai\u00e1 do Povo conta com diversas melhorias. O Governo do Estado ampliou o espa\u00e7o da arena de shows e o volume de entradas. Al\u00e9m disso, o palco para os shows possui 46 metros de extens\u00e3o, dez metros a mais que em 2023, e o evento agora possui a House Mix e o palco 360\u00ba. As a\u00e7\u00f5es visam proporcionar mais conforto, seguran\u00e7a e acessibilidade para quem vai aproveitar o maior festejo junino de Sergipe.<\/p>\n<div id=\"attachment_147913\" style=\"width: 593px\" class=\"wp-caption aligncenter\"><a href=\"https:\/\/senoticias.com.br\/se\/wp-content\/uploads\/2025\/05\/Primeira-noite-Arraia-do-Povo-SE-Noticias.jpg\"><img loading=\"lazy\" decoding=\"async\" aria-describedby=\"caption-attachment-147913\" class=\"size-full wp-image-147913\" src=\"https:\/\/senoticias.com.br\/se\/wp-content\/uploads\/2025\/05\/Primeira-noite-Arraia-do-Povo-SE-Noticias.jpg\" alt=\"\" width=\"583\" height=\"324\" srcset=\"https:\/\/senoticias.com.br\/se\/wp-content\/uploads\/2025\/05\/Primeira-noite-Arraia-do-Povo-SE-Noticias.jpg 583w, https:\/\/senoticias.com.br\/se\/wp-content\/uploads\/2025\/05\/Primeira-noite-Arraia-do-Povo-SE-Noticias-300x167.jpg 300w\" sizes=\"(max-width: 583px) 100vw, 583px\" \/><\/a><p id=\"caption-attachment-147913\" class=\"wp-caption-text\">Primeira noite do Arrai\u00e1 do Povo atraiu multid\u00e3o para Orla da Atalaia &#8211; Foto: Diego Souza<\/p><\/div>\n<p>Uma das atra\u00e7\u00f5es mais esperadas da noite, Z\u00e9 Vaqueiro destacou a recep\u00e7\u00e3o e o carinho do p\u00fablico sergipano. Para ele, come\u00e7ar a temporada de shows do S\u00e3o Jo\u00e3o no Arrai\u00e1 do Povo representa um momento muito especial. \u201cTamb\u00e9m estive na edi\u00e7\u00e3o do ano passado, e foi um show maravilhoso. Tenho um apre\u00e7o muito grande por esse povo aben\u00e7oado de Sergipe, porque sempre somos muito bem-recebidos aqui. \u00c9 uma anima\u00e7\u00e3o total\u201d, avaliou ele.<\/p>\n<p>Banda marca registrada de Sergipe, Calcinha Preta subiu ao palco ap\u00f3s a apresenta\u00e7\u00e3o empolgante de Z\u00e9 Vaqueiro para embalar o p\u00fablico com m\u00fasicas ic\u00f4nicas do grupo. Para o vocalista Daniel Diau, a oportunidade de participar da estreia do Arrai\u00e1 do Povo pelo segundo ano consecutivo \u00e9 uma sensa\u00e7\u00e3o \u00fanica. \u201c\u00c9 uma alegria imensa estarmos em casa, come\u00e7ando o S\u00e3o Jo\u00e3o com o p\u00e9 direito aqui, na nossa terrinha. Isso \u00e9 um presente. \u00c9 uma responsabilidade muito grande. Somos muito gratos ao Governo do Estado\u201d, sublinhou ele.<\/p>\n<p>A Fogo na Saia foi a \u00faltima atra\u00e7\u00e3o a subir ao palco e encerrar a noite com chave de ouro. Para a dupla de cantores da banda, Xande Melo e Nanda Kaprity, a festa \u00e9 uma oportunidade \u00fanica de receber o carinho da popula\u00e7\u00e3o com os artistas locais. \u201cRodamos todo o Brasil, ent\u00e3o voltarmos e sermos recebidos de bra\u00e7os abertos pelo nosso povo, que nos abra\u00e7a o ano inteiro, \u00e9 incr\u00edvel. O Arrai\u00e1 do Povo \u00e9 um grande investimento do Governo de Sergipe, e nos sentimos muito felizes de fazer parte disso\u201d, expressaram eles.<\/p>\n<p>O palco 360\u00ba estreou com Z\u00e9 Tramela, que animou os visitantes do Arrai\u00e1 do Povo nos intervalos dos shows da noite em uma din\u00e2mica diferente da configura\u00e7\u00e3o do Palco Rog\u00e9rio. O vocalista da banda, Piterson Santos, contou que a novidade permite um contato mais pr\u00f3ximo com o p\u00fablico, que tem mais uma op\u00e7\u00e3o para curtir a noite regada a muito forr\u00f3. \u201cIsso proporciona uma troca de energia muito bacana. Para mim, \u00e9 uma honra poder estrear no maior arrai\u00e1 litor\u00e2neo do pa\u00eds dessa maneira. Fico muito feliz, pois sou filho da terra\u201d, enfatizou ele.<\/p>\n<p>O show do cantor Pedro Lua, originalmente parte da programa\u00e7\u00e3o de abertura, precisou ser suspenso em raz\u00e3o das intensas chuvas que atingiram a Orla da Atalaia, no hor\u00e1rio da sua apresenta\u00e7\u00e3o. A medida visou garantir a seguran\u00e7a do artista e dos integrantes da banda. Mediante disponibilidade na agenda do cantor, uma nova data para seu show ser\u00e1 marcada, com ampla divulga\u00e7\u00e3o nos canais oficiais do Governo do Estado.<\/p>\n<p><strong>Atra\u00e7\u00f5es e estrutura<\/strong><\/p>\n<p>Somada \u00e0 da Vila do Forr\u00f3, que acontece em simult\u00e2neo na Pra\u00e7a de Eventos da Orla, a programa\u00e7\u00e3o do Arrai\u00e1 do Povo ter\u00e1 701 atra\u00e7\u00f5es, das quais 90% s\u00e3o artistas sergipanos. Tamb\u00e9m v\u00e3o se apresentar nomes consagrados do cen\u00e1rio nacional, que v\u00e3o contribuir para celebrar o maior festejo junino de Sergipe. Os eventos v\u00e3o contar com diversos estilos de forr\u00f3, quadrilhas juninas, trios p\u00e9 de serra e grupos folcl\u00f3ricos que integram a identidade cultural do estado.<\/p>\n<p>A estrutura do Arrai\u00e1 do Povo na arena de shows da Orla da Atalaia tamb\u00e9m disp\u00f5e de pra\u00e7a de alimenta\u00e7\u00e3o com 20 lanchonetes e 11 bares, bem como 135 ambulantes autorizados espalhados pelo espa\u00e7o do evento. Os empreendimentos contribuem diretamente para movimentar a economia sergipana, com comercializa\u00e7\u00e3o de alimentos e bebidas. O p\u00fablico tamb\u00e9m tem acesso a uma ilha de hidrata\u00e7\u00e3o da Deso com bebedouros, centro de distribui\u00e7\u00e3o de bebidas e mais de 100 banheiros qu\u00edmicos.<\/p>\n<p><strong>Pa\u00eds do Forr\u00f3<\/strong><\/p>\n<p>O Arrai\u00e1 do Povo e a Vila do Forr\u00f3 s\u00e3o uma realiza\u00e7\u00e3o do Governo de Sergipe, por meio da Funda\u00e7\u00e3o de Cultura e Arte Aperip\u00ea de Sergipe (Funcap) e do Banese, em parceria com o Minist\u00e9rio da Cultura, por meio da Lei Rouanet de Incentivo \u00e0 Cultura. O projeto conta com o apoio da Energisa, Aperip\u00ea TV, Netiz, TV Atalaia, Prefeitura de Aracaju, FM Sergipe e TV Sergipe; e com o patroc\u00ednio da Eneva, Igu\u00e1 Saneamento, Marat\u00e1, GBarbosa, Sergas, Deso, Pisolar, Celi Engenharia, Rede Primavera Sa\u00fade, SEGV e Indra.<\/p>\n<p><strong><em>Acompanhe tamb\u00e9m o SE Not\u00edcias no\u00a0<a href=\"https:\/\/www.instagram.com\/senoticias\/\" target=\"_blank\" rel=\"noreferrer noopener\">Instagram<\/a><\/em><\/strong>,\u00a0<strong><em>\u00a0<a href=\"https:\/\/www.facebook.com\/senoticias1\" target=\"_blank\" rel=\"noreferrer noopener\">Facebook<\/a>\u00a0e\u00a0no<\/em>\u00a0<em><a href=\"https:\/\/twitter.com\/Senoticias\">X<\/a><\/em><\/strong><\/p>\n<p><strong>Mat\u00e9ria extra\u00edda da Ag\u00eancia Sergipe de Not\u00edcias<\/strong><\/p>\n","protected":false},"excerpt":{"rendered":"<p>O clima junino tomou conta dos sergipanos com a abertura do Arrai\u00e1 do Povo 2025, na noite desta sexta-feira, 30. Realizado pelo Governo do Estado, o evento levou mais de 32 mil pessoas \u00e0 Pra\u00e7a de Eventos da Orla da Atalaia, em Aracaju, para curtir os shows de Calcinha Preta, Z\u00e9 Vaqueiro, Fogo na Saia [&hellip;]<\/p>\n","protected":false},"author":6557,"featured_media":147913,"comment_status":"closed","ping_status":"closed","sticky":false,"template":"","format":"standard","meta":{"footnotes":""},"categories":[15,21],"tags":[43740,11891,616,159,43738,43737,448,4312,43739,39145,39205],"class_list":{"0":"post-147912","1":"post","2":"type-post","3":"status-publish","4":"format-standard","5":"has-post-thumbnail","7":"category-destaques","8":"category-entretenimento","9":"tag-abertura-do-arraia-do-povo","10":"tag-agencia-sergipe-de-noticias","11":"tag-arraia-do-povo","12":"tag-calcinha-preta","13":"tag-daniel-diau","14":"tag-fogo-na-saia","15":"tag-governo-de-sergipe","16":"tag-orla-de-atalaia","17":"tag-palco-360o","18":"tag-ze-tramela","19":"tag-ze-vaqueiro"},"_links":{"self":[{"href":"https:\/\/senoticias.com.br\/se\/wp-json\/wp\/v2\/posts\/147912"}],"collection":[{"href":"https:\/\/senoticias.com.br\/se\/wp-json\/wp\/v2\/posts"}],"about":[{"href":"https:\/\/senoticias.com.br\/se\/wp-json\/wp\/v2\/types\/post"}],"author":[{"embeddable":true,"href":"https:\/\/senoticias.com.br\/se\/wp-json\/wp\/v2\/users\/6557"}],"replies":[{"embeddable":true,"href":"https:\/\/senoticias.com.br\/se\/wp-json\/wp\/v2\/comments?post=147912"}],"version-history":[{"count":0,"href":"https:\/\/senoticias.com.br\/se\/wp-json\/wp\/v2\/posts\/147912\/revisions"}],"wp:featuredmedia":[{"embeddable":true,"href":"https:\/\/senoticias.com.br\/se\/wp-json\/wp\/v2\/media\/147913"}],"wp:attachment":[{"href":"https:\/\/senoticias.com.br\/se\/wp-json\/wp\/v2\/media?parent=147912"}],"wp:term":[{"taxonomy":"category","embeddable":true,"href":"https:\/\/senoticias.com.br\/se\/wp-json\/wp\/v2\/categories?post=147912"},{"taxonomy":"post_tag","embeddable":true,"href":"https:\/\/senoticias.com.br\/se\/wp-json\/wp\/v2\/tags?post=147912"}],"curies":[{"name":"wp","href":"https:\/\/api.w.org\/{rel}","templated":true}]}}