{"id":147902,"date":"2025-05-29T16:32:33","date_gmt":"2025-05-29T19:32:33","guid":{"rendered":"https:\/\/senoticias.com.br\/se\/?p=147902"},"modified":"2025-05-29T16:32:33","modified_gmt":"2025-05-29T19:32:33","slug":"sintufs-denuncia-colapso-orcamentario-na-ufs-e-cobra-providencias-do-governo-federal","status":"publish","type":"post","link":"https:\/\/senoticias.com.br\/se\/sintufs-denuncia-colapso-orcamentario-na-ufs-e-cobra-providencias-do-governo-federal\/","title":{"rendered":"Sintufs denuncia colapso or\u00e7ament\u00e1rio na UFS e cobra provid\u00eancias do governo federal"},"content":{"rendered":"<p>O Sintufs, sindicato que representa os servidores t\u00e9cnico-administrativos da Universidade Federal de Sergipe (UFS), vem a p\u00fablico denunciar o quadro alarmante em que se encontra a institui\u00e7\u00e3o, diante da completa insufici\u00eancia de repasses or\u00e7ament\u00e1rios por parte do governo federal. Apesar das promessas feitas pelo ministro da Educa\u00e7\u00e3o, Camilo Santana, na ter\u00e7a-feira (27), em Bras\u00edlia, de que os repasses para custeio referentes aos meses de janeiro a maio seriam regularizados, o que se verifica nas universidades e institutos federais de todo o pa\u00eds \u2014 inclusive na UFS \u2014 \u00e9 um cen\u00e1rio de colapso.<\/p>\n<p>A reportagem do <em><strong>portal SE Not\u00edcias<\/strong><\/em> fez contato com o reitor Andr\u00e9 Maur\u00edcio, que confirmou as informa\u00e7\u00f5es.<\/p>\n<div id=\"attachment_139705\" style=\"width: 605px\" class=\"wp-caption aligncenter\"><a href=\"https:\/\/senoticias.com.br\/se\/wp-content\/uploads\/2023\/10\/UFS-SE-Noticias.jpg\"><img loading=\"lazy\" decoding=\"async\" aria-describedby=\"caption-attachment-139705\" class=\"size-full wp-image-139705\" src=\"https:\/\/senoticias.com.br\/se\/wp-content\/uploads\/2023\/10\/UFS-SE-Noticias.jpg\" alt=\"\" width=\"595\" height=\"432\" srcset=\"https:\/\/senoticias.com.br\/se\/wp-content\/uploads\/2023\/10\/UFS-SE-Noticias.jpg 595w, https:\/\/senoticias.com.br\/se\/wp-content\/uploads\/2023\/10\/UFS-SE-Noticias-300x218.jpg 300w, https:\/\/senoticias.com.br\/se\/wp-content\/uploads\/2023\/10\/UFS-SE-Noticias-278x202.jpg 278w, https:\/\/senoticias.com.br\/se\/wp-content\/uploads\/2023\/10\/UFS-SE-Noticias-373x270.jpg 373w\" sizes=\"(max-width: 595px) 100vw, 595px\" \/><\/a><p id=\"caption-attachment-139705\" class=\"wp-caption-text\">Universidade Federal de Sergipe pode fechar por falta de recursos &#8211; Foto: arquivo\/SE Not\u00edcias<\/p><\/div>\n<p>Na quarta-feira (28), durante reuni\u00e3o com a coordena\u00e7\u00e3o do Sintufs, o reitor voltou a afirmar que a universidade enfrenta uma situa\u00e7\u00e3o financeira cr\u00edtica. A gravidade da situa\u00e7\u00e3o tamb\u00e9m foi reconhecida, na semana passada, pelo pr\u00f3-reitor de Administra\u00e7\u00e3o da UFS, durante atividade realizada com o sindicato. Segundo ele, faltam recursos para despesas b\u00e1sicas; os contratos com empresas terceirizadas est\u00e3o sendo pagos com atraso; fornecedores n\u00e3o est\u00e3o recebendo; e a universidade chegou a acumular d\u00edvidas com a conta de energia el\u00e9trica, a ponto de receber visita da concession\u00e1ria para efetuar o corte do fornecimento.<\/p>\n<p>As consequ\u00eancias s\u00e3o devastadoras. Trabalhadores e trabalhadoras terceirizados(as) est\u00e3o recebendo sal\u00e1rios e benef\u00edcios com atraso, como aux\u00edlio-alimenta\u00e7\u00e3o e aux\u00edlio-transporte. O Sintufs tem recebido dezenas de den\u00fancias sobre esses atrasos e tamb\u00e9m sobre pr\u00e1ticas de ass\u00e9dio moral sofridas por esses profissionais \u2014 situa\u00e7\u00e3o agravada pela precariza\u00e7\u00e3o das condi\u00e7\u00f5es de trabalho e pela neglig\u00eancia do poder p\u00fablico. Segundo o reitor, a administra\u00e7\u00e3o tem buscado garantir o pagamento \u00e0s empresas, mas, sem or\u00e7amento suficiente, isso tem se tornado invi\u00e1vel.<\/p>\n<p>A precariza\u00e7\u00e3o atinge tamb\u00e9m a estrutura f\u00edsica e os servi\u00e7os essenciais da universidade. Ve\u00edculos est\u00e3o parados por falta de manuten\u00e7\u00e3o, pr\u00e9dios apresentam infiltra\u00e7\u00f5es, h\u00e1 escassez de materiais de limpeza e o funcionamento dos laborat\u00f3rios est\u00e1 comprometido.<\/p>\n<p>Neste m\u00eas de maio, n\u00e3o houve repasse financeiro por parte do governo federal, e n\u00e3o h\u00e1 qualquer previs\u00e3o de quando a situa\u00e7\u00e3o ser\u00e1 regularizada. A universidade est\u00e1 operando no limite e, sem novos recursos, poder\u00e1 ser for\u00e7ada a suspender atividades.<\/p>\n<p>O Sintufs vem, h\u00e1 meses, cobrando da gest\u00e3o da UFS solu\u00e7\u00f5es para a situa\u00e7\u00e3o dos\/as terceirizados\/as e denunciando a omiss\u00e3o do governo federal diante do caos or\u00e7ament\u00e1rio instalado nas institui\u00e7\u00f5es federais de ensino.<\/p>\n<p>O que est\u00e1 em jogo n\u00e3o \u00e9 apenas o funcionamento da universidade. O fechamento da UFS significaria um enorme preju\u00edzo para toda a sociedade sergipana, com impacto direto no atendimento \u00e0 popula\u00e7\u00e3o nos hospitais universit\u00e1rios, na suspens\u00e3o de pesquisas essenciais para o desenvolvimento regional e na interrup\u00e7\u00e3o da forma\u00e7\u00e3o de milhares de estudantes.<\/p>\n<p>N\u00e3o se trata de um problema isolado. Universidades e institutos federais de todo o pa\u00eds enfrentam dificuldades semelhantes \u2014 algumas j\u00e1 operam com or\u00e7amento contingenciado desde o in\u00edcio do ano, enquanto o MEC segue prometendo regulariza\u00e7\u00f5es que n\u00e3o chegam \u00e0s institui\u00e7\u00f5es.<\/p>\n<p>Diante disso, o Sintufs refor\u00e7a sua den\u00fancia p\u00fablica e convoca toda a comunidade universit\u00e1ria, movimentos sociais e a sociedade sergipana a se unirem em defesa da educa\u00e7\u00e3o p\u00fablica, gratuita e de qualidade. O colapso das universidades federais n\u00e3o \u00e9 uma abstra\u00e7\u00e3o: est\u00e1 acontecendo agora, diante dos nossos olhos, e exige rea\u00e7\u00e3o imediata.<\/p>\n<p><strong><em>Acompanhe tamb\u00e9m o SE Not\u00edcias no\u00a0<a href=\"https:\/\/www.instagram.com\/senoticias\/\" target=\"_blank\" rel=\"noreferrer noopener\">Instagram<\/a><\/em><\/strong>,\u00a0<strong><em>\u00a0<a href=\"https:\/\/www.facebook.com\/senoticias1\" target=\"_blank\" rel=\"noreferrer noopener\">Facebook<\/a>\u00a0e\u00a0no<\/em>\u00a0<em><a href=\"https:\/\/twitter.com\/Senoticias\">X<\/a><\/em><\/strong><\/p>\n<p>Reda\u00e7\u00e3o, com informa\u00e7\u00f5es do Sintufs<\/p>\n","protected":false},"excerpt":{"rendered":"<p>O Sintufs, sindicato que representa os servidores t\u00e9cnico-administrativos da Universidade Federal de Sergipe (UFS), vem a p\u00fablico denunciar o quadro alarmante em que se encontra a institui\u00e7\u00e3o, diante da completa insufici\u00eancia de repasses or\u00e7ament\u00e1rios por parte do governo federal. Apesar das promessas feitas pelo ministro da Educa\u00e7\u00e3o, Camilo Santana, na ter\u00e7a-feira (27), em Bras\u00edlia, de [&hellip;]<\/p>\n","protected":false},"author":6557,"featured_media":139705,"comment_status":"closed","ping_status":"closed","sticky":false,"template":"","format":"standard","meta":{"footnotes":""},"categories":[15,6],"tags":[6720,2299,43733,6719],"class_list":{"0":"post-147902","1":"post","2":"type-post","3":"status-publish","4":"format-standard","5":"has-post-thumbnail","7":"category-destaques","8":"category-politica","9":"tag-sintufs","10":"tag-ufs","11":"tag-ufs-pode-fechar","12":"tag-universidade-federal-de-sergipe"},"_links":{"self":[{"href":"https:\/\/senoticias.com.br\/se\/wp-json\/wp\/v2\/posts\/147902"}],"collection":[{"href":"https:\/\/senoticias.com.br\/se\/wp-json\/wp\/v2\/posts"}],"about":[{"href":"https:\/\/senoticias.com.br\/se\/wp-json\/wp\/v2\/types\/post"}],"author":[{"embeddable":true,"href":"https:\/\/senoticias.com.br\/se\/wp-json\/wp\/v2\/users\/6557"}],"replies":[{"embeddable":true,"href":"https:\/\/senoticias.com.br\/se\/wp-json\/wp\/v2\/comments?post=147902"}],"version-history":[{"count":0,"href":"https:\/\/senoticias.com.br\/se\/wp-json\/wp\/v2\/posts\/147902\/revisions"}],"wp:featuredmedia":[{"embeddable":true,"href":"https:\/\/senoticias.com.br\/se\/wp-json\/wp\/v2\/media\/139705"}],"wp:attachment":[{"href":"https:\/\/senoticias.com.br\/se\/wp-json\/wp\/v2\/media?parent=147902"}],"wp:term":[{"taxonomy":"category","embeddable":true,"href":"https:\/\/senoticias.com.br\/se\/wp-json\/wp\/v2\/categories?post=147902"},{"taxonomy":"post_tag","embeddable":true,"href":"https:\/\/senoticias.com.br\/se\/wp-json\/wp\/v2\/tags?post=147902"}],"curies":[{"name":"wp","href":"https:\/\/api.w.org\/{rel}","templated":true}]}}