{"id":147705,"date":"2025-05-13T11:09:22","date_gmt":"2025-05-13T14:09:22","guid":{"rendered":"https:\/\/senoticias.com.br\/se\/?p=147705"},"modified":"2025-05-13T11:09:22","modified_gmt":"2025-05-13T14:09:22","slug":"policial-militar-de-sergipe-fara-palestra-em-seminario-da-usp-sobre-papel-das-mulheres-na-seguranca-publica-e-no-socioeducativo","status":"publish","type":"post","link":"https:\/\/senoticias.com.br\/se\/policial-militar-de-sergipe-fara-palestra-em-seminario-da-usp-sobre-papel-das-mulheres-na-seguranca-publica-e-no-socioeducativo\/","title":{"rendered":"Policial Militar de Sergipe far\u00e1 palestra em semin\u00e1rio da USP sobre papel das mulheres na Seguran\u00e7a P\u00fablica e no Socioeducativo"},"content":{"rendered":"<p>\u201cG\u00eanero, Viol\u00eancias e Institui\u00e7\u00f5es: O Papel das Mulheres na Seguran\u00e7a P\u00fablica e no Socioeducativo\u201d. Esse \u00e9 o tema do semin\u00e1rio que ser\u00e1 conduzido pela sargento da Pol\u00edcia Militar do Estado de Sergipe, Elida Braga, que tamb\u00e9m \u00e9 doutora e mestre em Sociologia pela Universidade Federal de Sergipe (UFS). O evento acontece nesta\u00a0quarta-feira (14), \u00e0s 17h30, pela plataforma Zoom. O link para inscri\u00e7\u00f5es \u00e9: <a href=\"https:\/\/forms.gle\/yrfjStAnGkRRLoiJA\">https:\/\/forms.gle\/yrfjStAnGkRRLoiJA<\/a><\/p>\n<p><a href=\"https:\/\/senoticias.com.br\/se\/wp-content\/uploads\/2025\/05\/IMG_0396.png\"><img loading=\"lazy\" decoding=\"async\" class=\"wp-image-147706 size-medium aligncenter\" src=\"https:\/\/senoticias.com.br\/se\/wp-content\/uploads\/2025\/05\/IMG_0396-300x169.png\" alt=\"\" width=\"300\" height=\"169\" srcset=\"https:\/\/senoticias.com.br\/se\/wp-content\/uploads\/2025\/05\/IMG_0396-300x169.png 300w, https:\/\/senoticias.com.br\/se\/wp-content\/uploads\/2025\/05\/IMG_0396-1024x576.png 1024w, https:\/\/senoticias.com.br\/se\/wp-content\/uploads\/2025\/05\/IMG_0396-768x432.png 768w, https:\/\/senoticias.com.br\/se\/wp-content\/uploads\/2025\/05\/IMG_0396.png 1280w\" sizes=\"(max-width: 300px) 100vw, 300px\" \/><\/a><\/p>\n<p>O semin\u00e1rio \u00e9 uma iniciativa da Escola de Seguran\u00e7a Multidimensional da Universidade de S\u00e3o Paulo (Esem\/USP) e contar\u00e1, al\u00e9m da palestra, com o lan\u00e7amento de duas obras de autoria de Elida Braga: \u201cMulheres Policiais: Desigualdades e Estrat\u00e9gias no Cotidiano das Unidades Operacionais\u201d; e \u201cMulheres Infratoras: A Adolesc\u00eancia, a Precariza\u00e7\u00e3o, o Apagamento Social\u201d.<\/p>\n<p>Na elabora\u00e7\u00e3o dos dois livros, a sargento Elida destaca que foram ambientes de pesquisas diferenciados, mas que acabaram se conectando. Al\u00e9m disso, ela mencionou os principais desafios enfrentados pelas mulheres nesses dois espa\u00e7os. \u201cAs mulheres que trabalham nas institui\u00e7\u00f5es de seguran\u00e7a p\u00fablica ainda enfrentam dificuldades no sentido do reconhecimento das atividades que desempenham. Elas precisam provar que suas atua\u00e7\u00f5es podem ser equitativas a todos os bons profissionais. J\u00e1 as mulheres adolescentes infratoras enfrentam outros tipos de desafios, como a falta de oportunidades de vida e perspectivas. Enfrentam uma forma de apagamento social\u201d, destacou a pesquisadora.<\/p>\n<p><strong>Sobre as duas obras<\/strong><\/p>\n<p>No livro \u201cMulheres Policiais na PMSE: Desigualdades e Estrat\u00e9gias no Cotidiano das Unidades Operacionais\u201d, o leitor adentra no universo das mulheres que atuam na Pol\u00edcia Militar de Sergipe, explorando as nuances das desigualdades de g\u00eanero e as estrat\u00e9gias adotadas por elas no ambiente desafiador das unidades operacionais. A autora segue por uma jornada reflexiva, revelando como as mulheres policiais negociam poder e identidade em um contexto permeado por estigmas de masculinidade.<\/p>\n<p>A obra \u201cMulheres Infratoras: A Adolesc\u00eancia, a Precariza\u00e7\u00e3o, o Apagamento Social\u201d oferece uma vis\u00e3o cr\u00edtica sobre as pol\u00edticas socioeducativas, destacando as desigualdades persistentes e os desafios enfrentados por essas adolescentes. Em uma narrativa que entrela\u00e7a hist\u00f3ria, legisla\u00e7\u00e3o e depoimentos, o livro exp\u00f5e as nuances das rela\u00e7\u00f5es de g\u00eanero no contexto das infra\u00e7\u00f5es, propondo uma reflex\u00e3o profunda sobre a forma como a sociedade lida com jovens infratoras e as implica\u00e7\u00f5es de um sistema que ainda n\u00e3o se desvencilhou da l\u00f3gica do encarceramento.<\/p>\n<p>As duas obras est\u00e3o dispon\u00edveis para aquisi\u00e7\u00e3o no site da Amazon (www.amazon.com.br); e nas editoras Appris (editoraappris.com.br) e Giostri (loja.giostrieditora.com.br).<\/p>\n<p><strong>Sobre a autora<\/strong><\/p>\n<p>Elida Braga \u00e9 sargento da Pol\u00edcia Militar do Estado de Sergipe. Tem forma\u00e7\u00e3o acad\u00eamica em Pedagogia e especializa\u00e7\u00f5es em Gest\u00e3o de Seguran\u00e7a P\u00fablica, Juvenic\u00eddio, Gest\u00e3o Educacional, Doc\u00eancia em Ensino Superior e Tr\u00e2nsito. Al\u00e9m disso, tem mestrado e doutorado em Sociologia.<\/p>\n<p>Com 22 anos no servi\u00e7o p\u00fablico, a autora trabalhou no Batalh\u00e3o de Choque da corpora\u00e7\u00e3o durante seis anos. Tamb\u00e9m teve a oportunidade de atuar no Centro de Forma\u00e7\u00e3o e Aperfei\u00e7oamento de Pra\u00e7as (CFAP), Gabinete de Gest\u00e3o de Crises e Conflitos, Batalh\u00e3o de Pol\u00edcia Rodovi\u00e1ria Estadual (BPRv), Minist\u00e9rio P\u00fablico do Estado de Sergipe, entre outras unidades administrativas da Pol\u00edcia Militar.<\/p>\n<p>Atualmente, desempenha suas fun\u00e7\u00f5es no Minist\u00e9rio da Justi\u00e7a e Seguran\u00e7a P\u00fablica, desenvolvendo pesquisas sobre mulheres na Pol\u00edcia, adolescentes em conflito com a lei e Seguran\u00e7a P\u00fablica.<\/p>\n<p><em><strong>Acompanhe tamb\u00e9m o SE Not\u00edcias no\u00a0<a href=\"https:\/\/www.instagram.com\/senoticias\/\" target=\"_blank\" rel=\"noreferrer noopener\">Instagram<\/a><\/strong>,\u00a0<strong>\u00a0<a href=\"https:\/\/www.facebook.com\/senoticias1\" target=\"_blank\" rel=\"noreferrer noopener\">Facebook<\/a>\u00a0e\u00a0no\u00a0<a href=\"https:\/\/twitter.com\/Senoticias\">X<\/a><\/strong><\/em><\/p>\n<p>Fonte: SSP Se<\/p>\n","protected":false},"excerpt":{"rendered":"<p>\u201cG\u00eanero, Viol\u00eancias e Institui\u00e7\u00f5es: O Papel das Mulheres na Seguran\u00e7a P\u00fablica e no Socioeducativo\u201d. Esse \u00e9 o tema do semin\u00e1rio que ser\u00e1 conduzido pela sargento da Pol\u00edcia Militar do Estado de Sergipe, Elida Braga, que tamb\u00e9m \u00e9 doutora e mestre em Sociologia pela Universidade Federal de Sergipe (UFS). O evento acontece nesta\u00a0quarta-feira (14), \u00e0s 17h30, [&hellip;]<\/p>\n","protected":false},"author":6557,"featured_media":0,"comment_status":"closed","ping_status":"closed","sticky":false,"template":"","format":"standard","meta":{"footnotes":""},"categories":[15,7],"tags":[42788,86],"class_list":{"0":"post-147705","1":"post","2":"type-post","3":"status-publish","4":"format-standard","6":"category-destaques","7":"category-policia","8":"tag-elida-braga","9":"tag-policia-militar"},"_links":{"self":[{"href":"https:\/\/senoticias.com.br\/se\/wp-json\/wp\/v2\/posts\/147705"}],"collection":[{"href":"https:\/\/senoticias.com.br\/se\/wp-json\/wp\/v2\/posts"}],"about":[{"href":"https:\/\/senoticias.com.br\/se\/wp-json\/wp\/v2\/types\/post"}],"author":[{"embeddable":true,"href":"https:\/\/senoticias.com.br\/se\/wp-json\/wp\/v2\/users\/6557"}],"replies":[{"embeddable":true,"href":"https:\/\/senoticias.com.br\/se\/wp-json\/wp\/v2\/comments?post=147705"}],"version-history":[{"count":0,"href":"https:\/\/senoticias.com.br\/se\/wp-json\/wp\/v2\/posts\/147705\/revisions"}],"wp:attachment":[{"href":"https:\/\/senoticias.com.br\/se\/wp-json\/wp\/v2\/media?parent=147705"}],"wp:term":[{"taxonomy":"category","embeddable":true,"href":"https:\/\/senoticias.com.br\/se\/wp-json\/wp\/v2\/categories?post=147705"},{"taxonomy":"post_tag","embeddable":true,"href":"https:\/\/senoticias.com.br\/se\/wp-json\/wp\/v2\/tags?post=147705"}],"curies":[{"name":"wp","href":"https:\/\/api.w.org\/{rel}","templated":true}]}}