{"id":147634,"date":"2025-05-07T15:41:03","date_gmt":"2025-05-07T18:41:03","guid":{"rendered":"https:\/\/senoticias.com.br\/se\/?p=147634"},"modified":"2025-05-07T15:41:03","modified_gmt":"2025-05-07T18:41:03","slug":"policia-militar-apreende-23kg-de-drogas-no-bairro-ponto-novo","status":"publish","type":"post","link":"https:\/\/senoticias.com.br\/se\/policia-militar-apreende-23kg-de-drogas-no-bairro-ponto-novo\/","title":{"rendered":"Pol\u00edcia Militar apreende 23kg de drogas no Bairro Ponto Novo"},"content":{"rendered":"<p>Nesta ter\u00e7a-feira (6), militares do Batalh\u00e3o de Pol\u00edcia de Radiopatrulha (BPRp) prenderam um homem por suspeita de tr\u00e1fico de drogas no Bairro Ponto Novo, em Aracaju. Quase 23 kg de drogas foram apreendidos em um im\u00f3vel.<\/p>\n<p>De acordo com as informa\u00e7\u00f5es policiais, os militares do BPRp tomaram conhecimento de que um im\u00f3vel, localizado na Rua Pastor Jason Oliveira dos Anjos, era utilizado como dep\u00f3sito de entorpecentes.<\/p>\n<p>Na a\u00e7\u00e3o, um homem, apresentando comportamento suspeito, foi flagrado quando sa\u00eda para realizar uma entrega na invas\u00e3o do Bananal. Ele conduzia um ve\u00edculo Hyundai i30, cor preta, e estava com 1kg crack.<\/p>\n<p>No im\u00f3vel, os militares apreenderam aproximadamente 23kg de drogas, sendo 13,4kg de crack e 9,45kg de coca\u00edna, al\u00e9m de balan\u00e7as de precis\u00e3o, embalagens pl\u00e1sticas, fita adesiva, faca, caixa t\u00e9rmica e tr\u00eas aparelhos celulares.<\/p>\n<p>O suspeito e os materiais apreendidos foram encaminhados \u00e0 Central de Flagrantes para a ado\u00e7\u00e3o das medidas legais cab\u00edveis ao caso.<\/p>\n<p>Fonte: Ascom PM\/SE<\/p>\n","protected":false},"excerpt":{"rendered":"<p>Nesta ter\u00e7a-feira (6), militares do Batalh\u00e3o de Pol\u00edcia de Radiopatrulha (BPRp) prenderam um homem por suspeita de tr\u00e1fico de drogas no Bairro Ponto Novo, em Aracaju. Quase 23 kg de drogas foram apreendidos em um im\u00f3vel. De acordo com as informa\u00e7\u00f5es policiais, os militares do BPRp tomaram conhecimento de que um im\u00f3vel, localizado na Rua [&hellip;]<\/p>\n","protected":false},"author":6557,"featured_media":147631,"comment_status":"closed","ping_status":"closed","sticky":false,"template":"","format":"standard","meta":{"footnotes":""},"categories":[1],"tags":[2497,86,2617],"class_list":{"0":"post-147634","1":"post","2":"type-post","3":"status-publish","4":"format-standard","5":"has-post-thumbnail","7":"category-sem-categoria","8":"tag-drogas","9":"tag-policia-militar","10":"tag-radiopatrulha"},"_links":{"self":[{"href":"https:\/\/senoticias.com.br\/se\/wp-json\/wp\/v2\/posts\/147634"}],"collection":[{"href":"https:\/\/senoticias.com.br\/se\/wp-json\/wp\/v2\/posts"}],"about":[{"href":"https:\/\/senoticias.com.br\/se\/wp-json\/wp\/v2\/types\/post"}],"author":[{"embeddable":true,"href":"https:\/\/senoticias.com.br\/se\/wp-json\/wp\/v2\/users\/6557"}],"replies":[{"embeddable":true,"href":"https:\/\/senoticias.com.br\/se\/wp-json\/wp\/v2\/comments?post=147634"}],"version-history":[{"count":0,"href":"https:\/\/senoticias.com.br\/se\/wp-json\/wp\/v2\/posts\/147634\/revisions"}],"wp:featuredmedia":[{"embeddable":true,"href":"https:\/\/senoticias.com.br\/se\/wp-json\/wp\/v2\/media\/147631"}],"wp:attachment":[{"href":"https:\/\/senoticias.com.br\/se\/wp-json\/wp\/v2\/media?parent=147634"}],"wp:term":[{"taxonomy":"category","embeddable":true,"href":"https:\/\/senoticias.com.br\/se\/wp-json\/wp\/v2\/categories?post=147634"},{"taxonomy":"post_tag","embeddable":true,"href":"https:\/\/senoticias.com.br\/se\/wp-json\/wp\/v2\/tags?post=147634"}],"curies":[{"name":"wp","href":"https:\/\/api.w.org\/{rel}","templated":true}]}}