{"id":147630,"date":"2025-05-07T13:55:59","date_gmt":"2025-05-07T16:55:59","guid":{"rendered":"https:\/\/senoticias.com.br\/se\/?p=147630"},"modified":"2025-05-07T15:44:34","modified_gmt":"2025-05-07T18:44:34","slug":"policia-militar-apreende-quase-23kg-de-drogas-em-imovel-no-bairro-ponto-novo-em-aracaju","status":"publish","type":"post","link":"https:\/\/senoticias.com.br\/se\/policia-militar-apreende-quase-23kg-de-drogas-em-imovel-no-bairro-ponto-novo-em-aracaju\/","title":{"rendered":"Pol\u00edcia Militar apreende quase 23kg de drogas em im\u00f3vel no Bairro Ponto Novo, em Aracaju"},"content":{"rendered":"<p>Nesta ter\u00e7a-feira (6), militares do Batalh\u00e3o de Pol\u00edcia de Radiopatrulha (BPRp) prenderam um homem por suspeita de tr\u00e1fico de drogas no Bairro Ponto Novo, em Aracaju. Quase 23 kg de drogas foram apreendidos em um im\u00f3vel.<\/p>\n<div id=\"attachment_147631\" style=\"width: 609px\" class=\"wp-caption aligncenter\"><a href=\"https:\/\/senoticias.com.br\/se\/wp-content\/uploads\/2025\/05\/pm.pontonovo.jpg\"><img loading=\"lazy\" decoding=\"async\" aria-describedby=\"caption-attachment-147631\" class=\"wp-image-147631\" src=\"https:\/\/senoticias.com.br\/se\/wp-content\/uploads\/2025\/05\/pm.pontonovo.jpg\" alt=\"\" width=\"599\" height=\"399\" srcset=\"https:\/\/senoticias.com.br\/se\/wp-content\/uploads\/2025\/05\/pm.pontonovo.jpg 800w, https:\/\/senoticias.com.br\/se\/wp-content\/uploads\/2025\/05\/pm.pontonovo-300x200.jpg 300w, https:\/\/senoticias.com.br\/se\/wp-content\/uploads\/2025\/05\/pm.pontonovo-768x512.jpg 768w, https:\/\/senoticias.com.br\/se\/wp-content\/uploads\/2025\/05\/pm.pontonovo-90x60.jpg 90w, https:\/\/senoticias.com.br\/se\/wp-content\/uploads\/2025\/05\/pm.pontonovo-180x120.jpg 180w, https:\/\/senoticias.com.br\/se\/wp-content\/uploads\/2025\/05\/pm.pontonovo-95x64.jpg 95w\" sizes=\"(max-width: 599px) 100vw, 599px\" \/><\/a><p id=\"caption-attachment-147631\" class=\"wp-caption-text\">No im\u00f3vel, os militares apreenderam aproximadamente 23kg de drogas &#8211; Foto: PM\/SE<\/p><\/div>\n<p>De acordo com as informa\u00e7\u00f5es policiais, os militares do BPRp tomaram conhecimento de que um im\u00f3vel, localizado na Rua Pastor Jason Oliveira dos Anjos, era utilizado como dep\u00f3sito de entorpecentes.<\/p>\n<p>Na a\u00e7\u00e3o, um homem, apresentando comportamento suspeito, foi flagrado quando sa\u00eda para realizar uma entrega na invas\u00e3o do Bananal. Ele conduzia um ve\u00edculo Hyundai i30, cor preta, e estava com\u00a01kg crack.<\/p>\n<p>No im\u00f3vel, os militares apreenderam aproximadamente 23kg de drogas, sendo 13,4kg de crack e 9,45kg de coca\u00edna, al\u00e9m de balan\u00e7as de precis\u00e3o, embalagens pl\u00e1sticas, fita adesiva, faca, caixa t\u00e9rmica e tr\u00eas aparelhos celulares.<\/p>\n<p>O suspeito e os materiais apreendidos foram encaminhados \u00e0 Central de Flagrantes para a ado\u00e7\u00e3o das medidas legais cab\u00edveis ao caso.<\/p>\n<p><em><strong>Acompanhe tamb\u00e9m o SE Not\u00edcias no\u00a0<a href=\"https:\/\/www.instagram.com\/senoticias\/\" target=\"_blank\" rel=\"noreferrer noopener\">Instagram<\/a><\/strong>,\u00a0<strong>\u00a0<a href=\"https:\/\/www.facebook.com\/senoticias1\" target=\"_blank\" rel=\"noreferrer noopener\">Facebook<\/a>\u00a0e\u00a0no\u00a0<a href=\"https:\/\/twitter.com\/Senoticias\">X<\/a><\/strong><\/em><\/p>\n<p>Fonte: SSP\/SE<\/p>\n","protected":false},"excerpt":{"rendered":"<p>Nesta ter\u00e7a-feira (6), militares do Batalh\u00e3o de Pol\u00edcia de Radiopatrulha (BPRp) prenderam um homem por suspeita de tr\u00e1fico de drogas no Bairro Ponto Novo, em Aracaju. Quase 23 kg de drogas foram apreendidos em um im\u00f3vel. De acordo com as informa\u00e7\u00f5es policiais, os militares do BPRp tomaram conhecimento de que um im\u00f3vel, localizado na Rua [&hellip;]<\/p>\n","protected":false},"author":6557,"featured_media":0,"comment_status":"closed","ping_status":"closed","sticky":false,"template":"","format":"standard","meta":{"footnotes":""},"categories":[15,7],"tags":[3948,12280,86],"class_list":{"0":"post-147630","1":"post","2":"type-post","3":"status-publish","4":"format-standard","6":"category-destaques","7":"category-policia","8":"tag-apreensao-de-drogas","9":"tag-bprp","10":"tag-policia-militar"},"_links":{"self":[{"href":"https:\/\/senoticias.com.br\/se\/wp-json\/wp\/v2\/posts\/147630"}],"collection":[{"href":"https:\/\/senoticias.com.br\/se\/wp-json\/wp\/v2\/posts"}],"about":[{"href":"https:\/\/senoticias.com.br\/se\/wp-json\/wp\/v2\/types\/post"}],"author":[{"embeddable":true,"href":"https:\/\/senoticias.com.br\/se\/wp-json\/wp\/v2\/users\/6557"}],"replies":[{"embeddable":true,"href":"https:\/\/senoticias.com.br\/se\/wp-json\/wp\/v2\/comments?post=147630"}],"version-history":[{"count":0,"href":"https:\/\/senoticias.com.br\/se\/wp-json\/wp\/v2\/posts\/147630\/revisions"}],"wp:attachment":[{"href":"https:\/\/senoticias.com.br\/se\/wp-json\/wp\/v2\/media?parent=147630"}],"wp:term":[{"taxonomy":"category","embeddable":true,"href":"https:\/\/senoticias.com.br\/se\/wp-json\/wp\/v2\/categories?post=147630"},{"taxonomy":"post_tag","embeddable":true,"href":"https:\/\/senoticias.com.br\/se\/wp-json\/wp\/v2\/tags?post=147630"}],"curies":[{"name":"wp","href":"https:\/\/api.w.org\/{rel}","templated":true}]}}