{"id":147616,"date":"2025-05-06T12:22:25","date_gmt":"2025-05-06T15:22:25","guid":{"rendered":"https:\/\/senoticias.com.br\/se\/?p=147616"},"modified":"2025-05-06T12:28:16","modified_gmt":"2025-05-06T15:28:16","slug":"inscricoes-para-o-concurso-publico-da-fundacao-renascer-estao-abertas","status":"publish","type":"post","link":"https:\/\/senoticias.com.br\/se\/inscricoes-para-o-concurso-publico-da-fundacao-renascer-estao-abertas\/","title":{"rendered":"Inscri\u00e7\u00f5es para o concurso p\u00fablico da Funda\u00e7\u00e3o Renascer est\u00e3o abertas"},"content":{"rendered":"<p>Est\u00e3o abertas, a partir desta ter\u00e7a-feira, 6, as inscri\u00e7\u00f5es para o concurso p\u00fablico da Funda\u00e7\u00e3o Renascer. Realizada pelo Governo de Sergipe, sob a coordena\u00e7\u00e3o da Secretaria de Estado da Administra\u00e7\u00e3o (Sead), a sele\u00e7\u00e3o \u00e9 executada pelo Instituto de Desenvolvimento e Capacita\u00e7\u00e3o (Idcap) e visa o provimento de 32 vagas e a forma\u00e7\u00e3o de cadastro reserva.<\/p>\n<div id=\"attachment_147617\" style=\"width: 609px\" class=\"wp-caption aligncenter\"><a href=\"https:\/\/senoticias.com.br\/se\/wp-content\/uploads\/2025\/05\/IMG_0347-e1746544798140.jpeg\"><img loading=\"lazy\" decoding=\"async\" aria-describedby=\"caption-attachment-147617\" class=\"size-full wp-image-147617\" src=\"https:\/\/senoticias.com.br\/se\/wp-content\/uploads\/2025\/05\/IMG_0347-e1746544798140.jpeg\" alt=\"\" width=\"599\" height=\"332\" \/><\/a><p id=\"caption-attachment-147617\" class=\"wp-caption-text\">Foto: Thiago Santos<\/p><\/div>\n<p>Os interessados em participar do certame devem solicitar a inscri\u00e7\u00e3o at\u00e9 as 23h59 do pr\u00f3ximo dia 9 de junho, no site do Idcap (<a href=\"https:\/\/www.idcap.org.br\/\">https:\/\/www.idcap.org.br\/<\/a>). S\u00e3o 25 vagas para o cargo de agente socioeducativo e outras sete para o cargo de orientador social, distribu\u00eddas entre as \u00e1reas de servi\u00e7o social (duas), pedagogia (duas) e psicologia (tr\u00eas). Do total de vagas dispon\u00edveis, 20% s\u00e3o reservadas para pessoas com defici\u00eancia (PcD) e 10% para afrodescentes.<\/p>\n<p>Para o cargo de agente socioeducativo, que tem vencimento inicial de R$ 2.582,83, a escolaridade exigida \u00e9 o Ensino M\u00e9dio completo. E, para o cargo de orientador social, cujo vencimento inicial \u00e9 de R$ 3.308,76, exige-se gradua\u00e7\u00e3o de n\u00edvel superior na respectiva \u00e1rea. As provas objetivas e discursivas, que constituem a primeira da sele\u00e7\u00e3o, ser\u00e3o aplicadas no dia 13 de julho. Todos os detalhes sobre o concurso est\u00e3o dispostos no <a href=\"https:\/\/se.gov.br\/noticias\/governo\/governo_de_sergipe_publica_edital_do_concurso_publico_da_fundacao_renascer\">edital de abertura<\/a>, dispon\u00edvel, tanto no site da Sead quanto do Idcap.<\/p>\n<p>Vinculada \u00e0 Secretaria de Estado da Assist\u00eancia Social, Inclus\u00e3o e Cidadania (Seasic), a Funda\u00e7\u00e3o Renascer \u00e9 a entidade respons\u00e1vel pela execu\u00e7\u00e3o da Pol\u00edtica Estadual de Assist\u00eancia e Prote\u00e7\u00e3o \u00e0 Crian\u00e7a e ao Adolescente em situa\u00e7\u00e3o de risco pessoal e social. Conforme explica a secret\u00e1ria de Estado da Administra\u00e7\u00e3o, Lucivanda Nunes, ante a relev\u00e2ncia do servi\u00e7o prestado pela Renascer, o Governo de Sergipe busca, com este concurso, refor\u00e7ar o quadro de profissionais da entidade para garantir melhor atendimento e suporte aos socioeducandos.<\/p>\n<p>\u201cA \u00e1rea da socioeduca\u00e7\u00e3o \u00e9 extremamente importante, pois cuida de adolescentes em situa\u00e7\u00e3o de vulnerabilidade ou em aplica\u00e7\u00e3o de medidas socioeducativas. Por isso, temos a satisfa\u00e7\u00e3o de realizar mais este concurso, o qual est\u00e1 em conformidade com a Lei estadual n\u00ba 9.001, de 2022, que consolidou as carreiras do Sistema Socioeducativo e criou novos cargos para atender \u00e0 demanda atual\u201d, explica.<\/p>\n<p>A secret\u00e1ria destaca, ainda, que este concurso da Renascer representa mais um importante passo do Governo de Sergipe no processo de reestrutura\u00e7\u00e3o do quadro de pessoal do Estado. Lucivanda ressalta, tamb\u00e9m, que, de forma planejada e com responsabilidade fiscal, a gest\u00e3o estadual tem assegurado mais agilidade e qualidade na oferta de servi\u00e7os p\u00fablicos, a partir da admiss\u00e3o de novos servidores concursados.<\/p>\n<p>No momento, o Governo de Sergipe administra diversos concursos em \u00e1reas priorit\u00e1rias, como Sa\u00fade, Assist\u00eancia Social, Educa\u00e7\u00e3o e Seguran\u00e7a P\u00fablica. \u201cEstamos realizando o primeiro concurso p\u00fablico da hist\u00f3ria da Secretaria da Assist\u00eancia Social, Inclus\u00e3o e Cidadania. Est\u00e1 andamento, tamb\u00e9m, o concurso da Pol\u00edcia Militar, que visa \u00e0 contrata\u00e7\u00e3o de 355 novos soldados e oficiais, e o maior concurso p\u00fablico para a \u00e1rea m\u00e9dico-hospitalar realizado em Sergipe nos \u00faltimos anos, que selecionar\u00e1 profissionais para o preenchimento de 878 vagas em 14 cargos de n\u00edveis m\u00e9dio e superior do quadro de pessoal da Secretaria de Estado da Sa\u00fade\u201d, detalha a secret\u00e1ria da Administra\u00e7\u00e3o.<\/p>\n<p>Lucivanda pontua que, al\u00e9m destes certames, a gest\u00e3o estadual est\u00e1 realizando concurso para a carreira de Especialista em Pol\u00edticas P\u00fablicas e Gest\u00e3o Governamental, e avan\u00e7a na prepara\u00e7\u00e3o de outros importantes concursos, como o do magist\u00e9rio, o da rec\u00e9m-criada carreira de analista educacional, o de auditor fiscal tribut\u00e1rio, e o do Departamento Estadual de Infraestrutura Rodovi\u00e1ria de Sergipe (DER-SE).<br \/>\n<strong><em>Acompanhe tamb\u00e9m o SE Not\u00edcias no\u00a0<a href=\"https:\/\/www.instagram.com\/senoticias\/\" target=\"_blank\" rel=\"noreferrer noopener\">Instagram<\/a><\/em><\/strong>,\u00a0<strong><em>\u00a0<a href=\"https:\/\/www.facebook.com\/senoticias1\" target=\"_blank\" rel=\"noreferrer noopener\">Facebook<\/a>\u00a0e\u00a0no<\/em>\u00a0<em><a href=\"https:\/\/twitter.com\/Senoticias\">X<\/a><\/em><\/strong><br \/>\nFonte: Ag\u00eancia Sergipe de Noticias<\/p>\n","protected":false},"excerpt":{"rendered":"<p>Est\u00e3o abertas, a partir desta ter\u00e7a-feira, 6, as inscri\u00e7\u00f5es para o concurso p\u00fablico da Funda\u00e7\u00e3o Renascer. Realizada pelo Governo de Sergipe, sob a coordena\u00e7\u00e3o da Secretaria de Estado da Administra\u00e7\u00e3o (Sead), a sele\u00e7\u00e3o \u00e9 executada pelo Instituto de Desenvolvimento e Capacita\u00e7\u00e3o (Idcap) e visa o provimento de 32 vagas e a forma\u00e7\u00e3o de cadastro reserva. [&hellip;]<\/p>\n","protected":false},"author":6557,"featured_media":0,"comment_status":"closed","ping_status":"closed","sticky":false,"template":"","format":"standard","meta":{"footnotes":""},"categories":[15],"tags":[34288,2757],"class_list":{"0":"post-147616","1":"post","2":"type-post","3":"status-publish","4":"format-standard","6":"category-destaques","7":"tag-concurso-publico-2","8":"tag-fundacao-renascer"},"_links":{"self":[{"href":"https:\/\/senoticias.com.br\/se\/wp-json\/wp\/v2\/posts\/147616"}],"collection":[{"href":"https:\/\/senoticias.com.br\/se\/wp-json\/wp\/v2\/posts"}],"about":[{"href":"https:\/\/senoticias.com.br\/se\/wp-json\/wp\/v2\/types\/post"}],"author":[{"embeddable":true,"href":"https:\/\/senoticias.com.br\/se\/wp-json\/wp\/v2\/users\/6557"}],"replies":[{"embeddable":true,"href":"https:\/\/senoticias.com.br\/se\/wp-json\/wp\/v2\/comments?post=147616"}],"version-history":[{"count":0,"href":"https:\/\/senoticias.com.br\/se\/wp-json\/wp\/v2\/posts\/147616\/revisions"}],"wp:attachment":[{"href":"https:\/\/senoticias.com.br\/se\/wp-json\/wp\/v2\/media?parent=147616"}],"wp:term":[{"taxonomy":"category","embeddable":true,"href":"https:\/\/senoticias.com.br\/se\/wp-json\/wp\/v2\/categories?post=147616"},{"taxonomy":"post_tag","embeddable":true,"href":"https:\/\/senoticias.com.br\/se\/wp-json\/wp\/v2\/tags?post=147616"}],"curies":[{"name":"wp","href":"https:\/\/api.w.org\/{rel}","templated":true}]}}