{"id":147595,"date":"2025-05-05T13:30:35","date_gmt":"2025-05-05T16:30:35","guid":{"rendered":"https:\/\/senoticias.com.br\/se\/?p=147595"},"modified":"2025-05-05T13:30:35","modified_gmt":"2025-05-05T16:30:35","slug":"governo-de-sergipe-abre-inscricoes-para-atracoes-da-terceira-edicao-da-segundona-do-turista","status":"publish","type":"post","link":"https:\/\/senoticias.com.br\/se\/governo-de-sergipe-abre-inscricoes-para-atracoes-da-terceira-edicao-da-segundona-do-turista\/","title":{"rendered":"Governo de Sergipe abre inscri\u00e7\u00f5es para atra\u00e7\u00f5es da terceira edi\u00e7\u00e3o da Segundona do Turista"},"content":{"rendered":"<p>O Governo de Sergipe, por meio da Funda\u00e7\u00e3o de Cultura e Arte Aperip\u00ea (Funcap), lan\u00e7ou, nesta segunda-feira, dia 5 de maio, o edital de chamamento p\u00fablico para sele\u00e7\u00e3o de atra\u00e7\u00f5es art\u00edsticas que ir\u00e3o compor a programa\u00e7\u00e3o da Segundona do Turista. O <a href=\"https:\/\/www.se.gov.br\/anexos\/uploads\/download\/filename_novo\/13427\/38ae3e0c031f636887573a9c5f0fb90a.pdf\">edital completo<\/a>, com todas as informa\u00e7\u00f5es sobre documenta\u00e7\u00e3o e modelo de inscri\u00e7\u00e3o, est\u00e1 dispon\u00edvel no <a href=\"https:\/\/www.se.gov.br\/funcap\/editais\">site da Funcap<\/a> e no Mapa Cultural de Sergipe.<\/p>\n<div id=\"attachment_147596\" style=\"width: 609px\" class=\"wp-caption aligncenter\"><a href=\"https:\/\/senoticias.com.br\/se\/wp-content\/uploads\/2025\/05\/IMG_0343.jpeg\"><img loading=\"lazy\" decoding=\"async\" aria-describedby=\"caption-attachment-147596\" class=\"size-full wp-image-147596\" src=\"https:\/\/senoticias.com.br\/se\/wp-content\/uploads\/2025\/05\/IMG_0343-e1746462587801.jpeg\" alt=\"\" width=\"599\" height=\"332\" \/><\/a><p id=\"caption-attachment-147596\" class=\"wp-caption-text\">Foto: \u00cdsis de Oliveira<\/p><\/div>\n<p>Podem participar trios p\u00e9 de serra, quadrilhas juninas e grupos folcl\u00f3ricos e parafolcl\u00f3ricos do ciclo junino, desde que sejam residentes ou sediados em Sergipe. Cada proponente poder\u00e1 inscrever at\u00e9 duas propostas, desde que em categorias diferentes. O processo de inscri\u00e7\u00e3o pode ser feito pela plataforma Mapa Cultural de Sergipe ou presencialmente na sede da Funcap, at\u00e9 o dia 25 de maio.<\/p>\n<p>Nesta edi\u00e7\u00e3o, a programa\u00e7\u00e3o acontece quinzenalmente, com exce\u00e7\u00e3o do m\u00eas de junho, que ser\u00e1 \u00a0semanalmente na Rua de S\u00e3o Jo\u00e3o. O evento j\u00e1 \u00e9 um dos momentos mais aguardados do calend\u00e1rio cultural sergipano, reunindo fam\u00edlias, amigos e visitantes de todo o pa\u00eds em torno das tradi\u00e7\u00f5es juninas.<\/p>\n<p>A sele\u00e7\u00e3o contempla 44 trios p\u00e9 de serra e 22 quadrilhas ou grupos de cultura popular, que receber\u00e3o cach\u00eas de R$4.000,00 e R$4.500,00, respectivamente, al\u00e9m de uma ajuda de custo de R$500,00 por apresenta\u00e7\u00e3o. O investimento total do Governo do Estado para a realiza\u00e7\u00e3o da Segundona do Turista \u00e9 de R$308 mil. Todas as atra\u00e7\u00f5es selecionadas ser\u00e3o convocadas para apresenta\u00e7\u00f5es na Rua de S\u00e3o Jo\u00e3o, sendo garantida a participa\u00e7\u00e3o de cada grupo ao menos uma vez ao longo das 22 edi\u00e7\u00f5es previstas para o ano.<\/p>\n<p>O processo de sele\u00e7\u00e3o ser\u00e1 realizado em etapas, incluindo inscri\u00e7\u00e3o, habilita\u00e7\u00e3o, an\u00e1lise de m\u00e9rito e convoca\u00e7\u00e3o para assinatura de contrato. A avalia\u00e7\u00e3o levar\u00e1 em conta crit\u00e9rios como hist\u00f3rico cultural, relev\u00e2ncia art\u00edstica e adequa\u00e7\u00e3o \u00e0 proposta do evento<\/p>\n<p><em><strong>Acompanhe tamb\u00e9m o SE Not\u00edcias no\u00a0<a href=\"https:\/\/www.instagram.com\/senoticias\/\" target=\"_blank\" rel=\"noreferrer noopener\">Instagram<\/a><\/strong>,\u00a0<strong>\u00a0<a href=\"https:\/\/www.facebook.com\/senoticias1\" target=\"_blank\" rel=\"noreferrer noopener\">Facebook<\/a>\u00a0e\u00a0no\u00a0<a href=\"https:\/\/twitter.com\/Senoticias\">X<\/a><\/strong><\/em><\/p>\n<p>Fonte: Ag\u00eancia Sergipe de Noticias<\/p>\n","protected":false},"excerpt":{"rendered":"<p>O Governo de Sergipe, por meio da Funda\u00e7\u00e3o de Cultura e Arte Aperip\u00ea (Funcap), lan\u00e7ou, nesta segunda-feira, dia 5 de maio, o edital de chamamento p\u00fablico para sele\u00e7\u00e3o de atra\u00e7\u00f5es art\u00edsticas que ir\u00e3o compor a programa\u00e7\u00e3o da Segundona do Turista. O edital completo, com todas as informa\u00e7\u00f5es sobre documenta\u00e7\u00e3o e modelo de inscri\u00e7\u00e3o, est\u00e1 dispon\u00edvel [&hellip;]<\/p>\n","protected":false},"author":6557,"featured_media":0,"comment_status":"closed","ping_status":"closed","sticky":false,"template":"","format":"standard","meta":{"footnotes":""},"categories":[15,21],"tags":[4149,12013],"class_list":{"0":"post-147595","1":"post","2":"type-post","3":"status-publish","4":"format-standard","6":"category-destaques","7":"category-entretenimento","8":"tag-artistas","9":"tag-funcap"},"_links":{"self":[{"href":"https:\/\/senoticias.com.br\/se\/wp-json\/wp\/v2\/posts\/147595"}],"collection":[{"href":"https:\/\/senoticias.com.br\/se\/wp-json\/wp\/v2\/posts"}],"about":[{"href":"https:\/\/senoticias.com.br\/se\/wp-json\/wp\/v2\/types\/post"}],"author":[{"embeddable":true,"href":"https:\/\/senoticias.com.br\/se\/wp-json\/wp\/v2\/users\/6557"}],"replies":[{"embeddable":true,"href":"https:\/\/senoticias.com.br\/se\/wp-json\/wp\/v2\/comments?post=147595"}],"version-history":[{"count":0,"href":"https:\/\/senoticias.com.br\/se\/wp-json\/wp\/v2\/posts\/147595\/revisions"}],"wp:attachment":[{"href":"https:\/\/senoticias.com.br\/se\/wp-json\/wp\/v2\/media?parent=147595"}],"wp:term":[{"taxonomy":"category","embeddable":true,"href":"https:\/\/senoticias.com.br\/se\/wp-json\/wp\/v2\/categories?post=147595"},{"taxonomy":"post_tag","embeddable":true,"href":"https:\/\/senoticias.com.br\/se\/wp-json\/wp\/v2\/tags?post=147595"}],"curies":[{"name":"wp","href":"https:\/\/api.w.org\/{rel}","templated":true}]}}