{"id":147563,"date":"2025-05-02T09:26:58","date_gmt":"2025-05-02T12:26:58","guid":{"rendered":"https:\/\/senoticias.com.br\/se\/?p=147563"},"modified":"2025-05-02T12:27:19","modified_gmt":"2025-05-02T15:27:19","slug":"trabalho-invisivel-gente-de-verdade","status":"publish","type":"post","link":"https:\/\/senoticias.com.br\/se\/trabalho-invisivel-gente-de-verdade\/","title":{"rendered":"Adriana Meneses: Trabalho invis\u00edvel, gente de verdade"},"content":{"rendered":"<p class=\"s5\"><span class=\"s4\"><em><strong><span class=\"s7\">Por Adriana Meneses*<\/span><\/strong><\/em><\/span><\/p>\n<p>No vai e vem apressado dos nossos dias, h\u00e1 m\u00e3os que passam despercebidas. S\u00e3o m\u00e3os que limpam, carregam, cozinham, consertam, orientam, acolhem. M\u00e3os que est\u00e3o por tr\u00e1s de tudo aquilo que nos permite viver com uma m\u00ednima sensa\u00e7\u00e3o de ordem. N\u00e3o se trata de aus\u00eancia \u2014 essas m\u00e3os est\u00e3o por toda parte \u2014 mas de uma invisibilidade fabricada pelo costume, pela pressa e pela hierarquia social que insiste em valorizar apenas o que aparece.<\/p>\n<p class=\"s5\"><span class=\"s4\">No Dia do Trabalho, os holofotes costumam se voltar \u00e0s grandes conquistas, aos altos cargos, \u00e0s carreiras de prest\u00edgio. Mas h\u00e1 uma for\u00e7a silenciosa, discreta e potente que mant\u00e9m o cotidiano em p\u00e9: o trabalhador comum, que tantas vezes n\u00e3o tem sequer o nome lembrado. \u00c9 o gari que varre a rua enquanto a cidade ainda dorme, a merendeira que tempera a comida com afeto e rapidez, o porteiro atento que sabe o nome de todos, mesmo que raramente seja chamado pelo seu. \u00c9 a cuidadora de idosos que segura m\u00e3os enrugadas enquanto silencia as pr\u00f3prias dores. S\u00e3o os trabalhadores terceirizados, os motoboys enfrentando sol e chuva, as atendentes que sorriem mecanicamente mesmo sob tens\u00e3o, as faxineiras que devolvem dignidade aos espa\u00e7os. S\u00e3o os agentes de limpeza hospitalar que caminham entre corredores de dor, cuidando sem serem notados.<\/span><\/p>\n<div id=\"attachment_147564\" style=\"width: 609px\" class=\"wp-caption aligncenter\"><a href=\"https:\/\/senoticias.com.br\/se\/wp-content\/uploads\/2025\/05\/IMG_0328-e1746188765111.jpeg\"><img loading=\"lazy\" decoding=\"async\" aria-describedby=\"caption-attachment-147564\" class=\"size-full wp-image-147564\" src=\"https:\/\/senoticias.com.br\/se\/wp-content\/uploads\/2025\/05\/IMG_0328-e1746188765111.jpeg\" alt=\"\" width=\"599\" height=\"694\" \/><\/a><p id=\"caption-attachment-147564\" class=\"wp-caption-text\">Adriana Meneses dos Santos \u2013 Jornalista e Psic\u00f3loga \u2013 Foto: arquivo\/divulga\u00e7\u00e3o<\/p><\/div>\n<p class=\"s5\"><span class=\"s4\">Esses profissionais sustentam, diariamente, um sistema que muitas vezes se esquece deles. S\u00e3o essenciais, mas raramente tratados como tal. Invis\u00edveis n\u00e3o por aus\u00eancia, mas por desaten\u00e7\u00e3o coletiva. E essa invisibilidade cobra um pre\u00e7o \u2014 um pre\u00e7o alto, sobretudo quando falamos de sa\u00fade mental. Como psic\u00f3loga e pesquisadora na \u00e1rea da Psicologia do Trabalho aprendi que reconhecimento n\u00e3o \u00e9 vaidade: \u00e9 uma necessidade ps\u00edquica. Ser visto, ouvido, valorizado. Ter seu trabalho reconhecido como importante. Isso preserva o senso de pertencimento, alimenta a autoestima, cria v\u00ednculos de sentido. Quando isso falta, a alma se retrai.<\/span><\/p>\n<p class=\"s5\"><span class=\"s4\">A falta de reconhecimento constante, a sensa\u00e7\u00e3o de substituibilidade, o esfor\u00e7o n\u00e3o notado \u2014 tudo isso adoece. Ansiedade, depress\u00e3o, estresse cr\u00f4nico, esgotamento. Esses n\u00e3o s\u00e3o sintomas isolados, mas respostas leg\u00edtimas a um ambiente que, por vezes, desumaniza. O trabalho, que poderia ser espa\u00e7o de realiza\u00e7\u00e3o e identidade, vira apenas mais um esfor\u00e7o para sobreviver. E a sa\u00fade mental, t\u00e3o negligenciada em certos segmentos, se fragiliza em sil\u00eancio.<\/span><\/p>\n<p class=\"s5\"><span class=\"s4\">Este texto n\u00e3o pretende acusar nem provocar embates. Quer apenas lembrar. Lembrar que o mundo n\u00e3o se move sozinho. Por tr\u00e1s de cada tarefa que parece simples, existe uma pessoa. E toda pessoa merece ser vista. Neste Dia do Trabalho, que nossa homenagem v\u00e1 al\u00e9m das conquistas formais e abrace as m\u00e3os que constroem silenciosamente o cotidiano. Que nossa escuta se volte para quem tantas vezes foi silenciado. Que possamos exercitar um olhar mais amplo, mais atento, mais humano.<\/span><\/p>\n<p class=\"s5\"><span class=\"s4\">Porque o que sustenta o mundo, muitas vezes, s\u00e3o as m\u00e3os que ningu\u00e9m v\u00ea. E cuidar da sa\u00fade mental desses trabalhadores \u00e9 tamb\u00e9m um compromisso coletivo com a dignidade. Trabalho digno n\u00e3o \u00e9 s\u00f3 sal\u00e1rio. \u00c9 respeito. \u00c9 reconhecimento. \u00c9 cuidado.<\/span><\/p>\n<p class=\"s6\"><strong><em>Acompanhe tamb\u00e9m o SE Not\u00edcias no\u00a0<a href=\"https:\/\/www.instagram.com\/senoticias\/\" target=\"_blank\" rel=\"noreferrer noopener\">Instagram<\/a><\/em><\/strong>,\u00a0<strong><em>\u00a0<a href=\"https:\/\/www.facebook.com\/senoticias1\" target=\"_blank\" rel=\"noreferrer noopener\">Facebook<\/a>\u00a0e\u00a0no<\/em>\u00a0<em><a href=\"https:\/\/twitter.com\/Senoticias\">X<\/a><\/em><\/strong><\/p>\n<p class=\"s5\"><span class=\"s7\">Por Adriana Meneses\u00a0 \u2013 Jornalista (DRT 1308) e Psic\u00f3loga (CRP \u00a019\/4184)<\/span><\/p>\n","protected":false},"excerpt":{"rendered":"<p>Por Adriana Meneses* No vai e vem apressado dos nossos dias, h\u00e1 m\u00e3os que passam despercebidas. S\u00e3o m\u00e3os que limpam, carregam, cozinham, consertam, orientam, acolhem. M\u00e3os que est\u00e3o por tr\u00e1s de tudo aquilo que nos permite viver com uma m\u00ednima sensa\u00e7\u00e3o de ordem. N\u00e3o se trata de aus\u00eancia \u2014 essas m\u00e3os est\u00e3o por toda parte [&hellip;]<\/p>\n","protected":false},"author":6557,"featured_media":147564,"comment_status":"closed","ping_status":"closed","sticky":false,"template":"","format":"standard","meta":{"footnotes":""},"categories":[15,20],"tags":[43609,43554,43555],"class_list":{"0":"post-147563","1":"post","2":"type-post","3":"status-publish","4":"format-standard","5":"has-post-thumbnail","7":"category-destaques","8":"category-saude","9":"tag-adriana-meneses-dos-santos","10":"tag-jornalista-adriana-meneses","11":"tag-psicologa-adriana-meneses"},"_links":{"self":[{"href":"https:\/\/senoticias.com.br\/se\/wp-json\/wp\/v2\/posts\/147563"}],"collection":[{"href":"https:\/\/senoticias.com.br\/se\/wp-json\/wp\/v2\/posts"}],"about":[{"href":"https:\/\/senoticias.com.br\/se\/wp-json\/wp\/v2\/types\/post"}],"author":[{"embeddable":true,"href":"https:\/\/senoticias.com.br\/se\/wp-json\/wp\/v2\/users\/6557"}],"replies":[{"embeddable":true,"href":"https:\/\/senoticias.com.br\/se\/wp-json\/wp\/v2\/comments?post=147563"}],"version-history":[{"count":0,"href":"https:\/\/senoticias.com.br\/se\/wp-json\/wp\/v2\/posts\/147563\/revisions"}],"wp:featuredmedia":[{"embeddable":true,"href":"https:\/\/senoticias.com.br\/se\/wp-json\/wp\/v2\/media\/147564"}],"wp:attachment":[{"href":"https:\/\/senoticias.com.br\/se\/wp-json\/wp\/v2\/media?parent=147563"}],"wp:term":[{"taxonomy":"category","embeddable":true,"href":"https:\/\/senoticias.com.br\/se\/wp-json\/wp\/v2\/categories?post=147563"},{"taxonomy":"post_tag","embeddable":true,"href":"https:\/\/senoticias.com.br\/se\/wp-json\/wp\/v2\/tags?post=147563"}],"curies":[{"name":"wp","href":"https:\/\/api.w.org\/{rel}","templated":true}]}}