{"id":147536,"date":"2025-04-30T10:14:07","date_gmt":"2025-04-30T13:14:07","guid":{"rendered":"https:\/\/senoticias.com.br\/se\/?p=147536"},"modified":"2025-04-30T10:15:20","modified_gmt":"2025-04-30T13:15:20","slug":"na-grande-aracaju-idoso-de-78-anos-e-preso-suspeito-de-estuprar-tres-criancas","status":"publish","type":"post","link":"https:\/\/senoticias.com.br\/se\/na-grande-aracaju-idoso-de-78-anos-e-preso-suspeito-de-estuprar-tres-criancas\/","title":{"rendered":"Na Grande Aracaju, idoso de 78 anos \u00e9 preso suspeito de estuprar tr\u00eas crian\u00e7as"},"content":{"rendered":"<p>Policiais civis da Delegacia Especial de Atendimento \u00e0 Crian\u00e7a e ao Adolescente V\u00edtima (Deacav) cumpriram o mandado de pris\u00e3o preventiva contra um idoso de 78 anos investigado por estupro de vulner\u00e1vel contra tr\u00eas crian\u00e7as, em Aracaju. Uma das v\u00edtimas \u00e9 neta do idoso. A a\u00e7\u00e3o, que ocorreu nesta quarta-feira (30) em uma ch\u00e1cara na cidade de Nossa Senhora do Socorro, integra a Opera\u00e7\u00e3o Nacional Caminhos Seguros, deflagrada em parceria com o Minist\u00e9rio da Justi\u00e7a, com foco no combate \u00e0 viol\u00eancia contra crian\u00e7as e adolescentes.<\/p>\n<p>De acordo com a delegada Josefa Val\u00e9ria, os crimes foram praticados de forma cont\u00ednua e premeditada, em locais como a resid\u00eancia do investigado e uma oficina localizada nos fundos do im\u00f3vel. \u201cA investiga\u00e7\u00e3o teve in\u00edcio ap\u00f3s a m\u00e3e de uma das v\u00edtimas receber cartas an\u00f4nimas denunciando os abusos\u201d, detalhou.<\/p>\n<div id=\"attachment_145391\" style=\"width: 604px\" class=\"wp-caption aligncenter\"><a href=\"https:\/\/senoticias.com.br\/se\/wp-content\/uploads\/2024\/12\/Policia-Civil-se-noticias-1.jpeg\"><img loading=\"lazy\" decoding=\"async\" aria-describedby=\"caption-attachment-145391\" class=\"size-full wp-image-145391\" src=\"https:\/\/senoticias.com.br\/se\/wp-content\/uploads\/2024\/12\/Policia-Civil-se-noticias-1.jpeg\" alt=\"\" width=\"594\" height=\"416\" srcset=\"https:\/\/senoticias.com.br\/se\/wp-content\/uploads\/2024\/12\/Policia-Civil-se-noticias-1.jpeg 594w, https:\/\/senoticias.com.br\/se\/wp-content\/uploads\/2024\/12\/Policia-Civil-se-noticias-1-300x210.jpeg 300w\" sizes=\"(max-width: 594px) 100vw, 594px\" \/><\/a><p id=\"caption-attachment-145391\" class=\"wp-caption-text\"><br \/>Pris\u00e3o ocorreu nesta quarta-feira, em Nossa Senhora do Socorro &#8211; Foto: arquivo\/SSP\/SE<\/p><\/div>\n<p>Ainda conforme a delegada, o relato de testemunhas e os depoimentos das v\u00edtimas foram decisivos para a elucida\u00e7\u00e3o dos crimes, revelando uma s\u00e9rie de atos abusivos praticados com requintes de manipula\u00e7\u00e3o e viol\u00eancia psicol\u00f3gica. \u201cHouve amea\u00e7as de retalia\u00e7\u00e3o e o oferecimento de presentes\u201d, revelou Josefa Val\u00e9ria.<\/p>\n<p>A delegada relatou ainda que, conforme a investiga\u00e7\u00e3o, os abusos ocorreram durante um longo per\u00edodo, inclusive com v\u00edtimas simult\u00e2neas. &#8220;A periculosidade, a conduta reiterada e o risco de reitera\u00e7\u00e3o criminosa foram os fundamentos para a decreta\u00e7\u00e3o da pris\u00e3o\u201d, evidenciou a delegada.<\/p>\n<p>A Pol\u00edcia Civil solicita que informa\u00e7\u00f5es e den\u00fancias sobre crimes contra crian\u00e7as e adolescentes sejam repassadas por meio do Disque-Den\u00fancia (181). O sigilo \u00e9 garantido.<\/p>\n<p><strong><em>Acompanhe tamb\u00e9m o SE Not\u00edcias no\u00a0<a href=\"https:\/\/www.instagram.com\/senoticias\/\" target=\"_blank\" rel=\"noreferrer noopener\">Instagram<\/a><\/em><\/strong>,\u00a0<strong><em>\u00a0<a href=\"https:\/\/www.facebook.com\/senoticias1\" target=\"_blank\" rel=\"noreferrer noopener\">Facebook<\/a>\u00a0e\u00a0no<\/em>\u00a0<em><a href=\"https:\/\/twitter.com\/Senoticias\">X<\/a><\/em><\/strong><\/p>\n<p>Fonte: SSP\/SE<\/p>\n","protected":false},"excerpt":{"rendered":"<p>Policiais civis da Delegacia Especial de Atendimento \u00e0 Crian\u00e7a e ao Adolescente V\u00edtima (Deacav) cumpriram o mandado de pris\u00e3o preventiva contra um idoso de 78 anos investigado por estupro de vulner\u00e1vel contra tr\u00eas crian\u00e7as, em Aracaju. Uma das v\u00edtimas \u00e9 neta do idoso. A a\u00e7\u00e3o, que ocorreu nesta quarta-feira (30) em uma ch\u00e1cara na cidade [&hellip;]<\/p>\n","protected":false},"author":6557,"featured_media":141728,"comment_status":"closed","ping_status":"closed","sticky":false,"template":"","format":"standard","meta":{"footnotes":""},"categories":[15,7],"tags":[7484,78],"class_list":{"0":"post-147536","1":"post","2":"type-post","3":"status-publish","4":"format-standard","5":"has-post-thumbnail","7":"category-destaques","8":"category-policia","9":"tag-estupro-de-vulneravel","10":"tag-policia-civil"},"_links":{"self":[{"href":"https:\/\/senoticias.com.br\/se\/wp-json\/wp\/v2\/posts\/147536"}],"collection":[{"href":"https:\/\/senoticias.com.br\/se\/wp-json\/wp\/v2\/posts"}],"about":[{"href":"https:\/\/senoticias.com.br\/se\/wp-json\/wp\/v2\/types\/post"}],"author":[{"embeddable":true,"href":"https:\/\/senoticias.com.br\/se\/wp-json\/wp\/v2\/users\/6557"}],"replies":[{"embeddable":true,"href":"https:\/\/senoticias.com.br\/se\/wp-json\/wp\/v2\/comments?post=147536"}],"version-history":[{"count":0,"href":"https:\/\/senoticias.com.br\/se\/wp-json\/wp\/v2\/posts\/147536\/revisions"}],"wp:featuredmedia":[{"embeddable":true,"href":"https:\/\/senoticias.com.br\/se\/wp-json\/wp\/v2\/media\/141728"}],"wp:attachment":[{"href":"https:\/\/senoticias.com.br\/se\/wp-json\/wp\/v2\/media?parent=147536"}],"wp:term":[{"taxonomy":"category","embeddable":true,"href":"https:\/\/senoticias.com.br\/se\/wp-json\/wp\/v2\/categories?post=147536"},{"taxonomy":"post_tag","embeddable":true,"href":"https:\/\/senoticias.com.br\/se\/wp-json\/wp\/v2\/tags?post=147536"}],"curies":[{"name":"wp","href":"https:\/\/api.w.org\/{rel}","templated":true}]}}