{"id":147452,"date":"2025-04-24T12:25:43","date_gmt":"2025-04-24T15:25:43","guid":{"rendered":"https:\/\/senoticias.com.br\/se\/?p=147452"},"modified":"2025-04-24T12:25:43","modified_gmt":"2025-04-24T15:25:43","slug":"acao-conjunta-prende-em-umbauba-condenado-por-homicidio-na-bahia","status":"publish","type":"post","link":"https:\/\/senoticias.com.br\/se\/acao-conjunta-prende-em-umbauba-condenado-por-homicidio-na-bahia\/","title":{"rendered":"A\u00e7\u00e3o conjunta prende em Umba\u00faba condenado por homic\u00eddio na Bahia"},"content":{"rendered":"<p style=\"font-weight: 400;\">Uma a\u00e7\u00e3o conjunta entre a Delegacia de Umba\u00faba e a Pol\u00edcia Rodovi\u00e1ria Federal (PRF) prendeu, nesta quarta-feira (23), em Umba\u00faba, um homem condenado por homic\u00eddio no munic\u00edpio de Feira de Santana, na Bahia.<br \/>\n<a href=\"https:\/\/senoticias.com.br\/se\/wp-content\/uploads\/2025\/04\/IMG_0317-e1745508224588.jpeg\"><img loading=\"lazy\" decoding=\"async\" class=\"wp-image-147453 size-full aligncenter\" src=\"https:\/\/senoticias.com.br\/se\/wp-content\/uploads\/2025\/04\/IMG_0317-e1745508224588.jpeg\" alt=\"\" width=\"578\" height=\"385\" \/><\/a><\/p>\n<p style=\"font-weight: 400;\">O foragido estava residindo no munic\u00edpio sergipano e foi localizado pelas equipes ap\u00f3s troca de informa\u00e7\u00f5es entre as for\u00e7as de seguran\u00e7a. Contra ele, havia mandado de pris\u00e3o definitiva em aberto.<\/p>\n<p style=\"font-weight: 400;\">A Pol\u00edcia Civil refor\u00e7a a import\u00e2ncia da colabora\u00e7\u00e3o da popula\u00e7\u00e3o e solicita que informa\u00e7\u00f5es e den\u00fancias sobre crimes e suspeitos de a\u00e7\u00f5es criminosas sejam repassadas por meio do Disque-Den\u00fancia (181). O sigilo \u00e9 garantido.<\/p>\n<p><strong><em>Acompanhe tamb\u00e9m o SE Not\u00edcias no\u00a0<a href=\"https:\/\/www.instagram.com\/senoticias\/\" target=\"_blank\" rel=\"noreferrer noopener\">Instagram<\/a><\/em><\/strong>,\u00a0<strong><em>\u00a0<a href=\"https:\/\/www.facebook.com\/senoticias1\" target=\"_blank\" rel=\"noreferrer noopener\">Facebook<\/a>\u00a0e\u00a0no<\/em>\u00a0<em><a href=\"https:\/\/twitter.com\/Senoticias\">X<\/a><\/em><\/strong><\/p>\n<p>Fonte: SSP SE<\/p>\n","protected":false},"excerpt":{"rendered":"<p>Uma a\u00e7\u00e3o conjunta entre a Delegacia de Umba\u00faba e a Pol\u00edcia Rodovi\u00e1ria Federal (PRF) prendeu, nesta quarta-feira (23), em Umba\u00faba, um homem condenado por homic\u00eddio no munic\u00edpio de Feira de Santana, na Bahia. O foragido estava residindo no munic\u00edpio sergipano e foi localizado pelas equipes ap\u00f3s troca de informa\u00e7\u00f5es entre as for\u00e7as de seguran\u00e7a. Contra [&hellip;]<\/p>\n","protected":false},"author":6557,"featured_media":0,"comment_status":"closed","ping_status":"closed","sticky":false,"template":"","format":"standard","meta":{"footnotes":""},"categories":[15,7],"tags":[4845,3500],"class_list":{"0":"post-147452","1":"post","2":"type-post","3":"status-publish","4":"format-standard","6":"category-destaques","7":"category-policia","8":"tag-acao-conjunta","9":"tag-homicidio"},"_links":{"self":[{"href":"https:\/\/senoticias.com.br\/se\/wp-json\/wp\/v2\/posts\/147452"}],"collection":[{"href":"https:\/\/senoticias.com.br\/se\/wp-json\/wp\/v2\/posts"}],"about":[{"href":"https:\/\/senoticias.com.br\/se\/wp-json\/wp\/v2\/types\/post"}],"author":[{"embeddable":true,"href":"https:\/\/senoticias.com.br\/se\/wp-json\/wp\/v2\/users\/6557"}],"replies":[{"embeddable":true,"href":"https:\/\/senoticias.com.br\/se\/wp-json\/wp\/v2\/comments?post=147452"}],"version-history":[{"count":0,"href":"https:\/\/senoticias.com.br\/se\/wp-json\/wp\/v2\/posts\/147452\/revisions"}],"wp:attachment":[{"href":"https:\/\/senoticias.com.br\/se\/wp-json\/wp\/v2\/media?parent=147452"}],"wp:term":[{"taxonomy":"category","embeddable":true,"href":"https:\/\/senoticias.com.br\/se\/wp-json\/wp\/v2\/categories?post=147452"},{"taxonomy":"post_tag","embeddable":true,"href":"https:\/\/senoticias.com.br\/se\/wp-json\/wp\/v2\/tags?post=147452"}],"curies":[{"name":"wp","href":"https:\/\/api.w.org\/{rel}","templated":true}]}}