{"id":147427,"date":"2025-04-23T12:20:20","date_gmt":"2025-04-23T15:20:20","guid":{"rendered":"https:\/\/senoticias.com.br\/se\/?p=147427"},"modified":"2025-04-24T09:08:49","modified_gmt":"2025-04-24T12:08:49","slug":"ssp-divulga-abertura-de-vagas-para-estagio-nas-areas-de-direito-e-administracao","status":"publish","type":"post","link":"https:\/\/senoticias.com.br\/se\/ssp-divulga-abertura-de-vagas-para-estagio-nas-areas-de-direito-e-administracao\/","title":{"rendered":"Secretaria de Seguran\u00e7a P\u00fablica divulga abertura de vagas para est\u00e1gio nas \u00e1reas de Direito e Administra\u00e7\u00e3o"},"content":{"rendered":"<p>A Secretaria de Seguran\u00e7a P\u00fablica de Sergipe divulga vagas de est\u00e1gio para estudantes de n\u00edvel superior nas \u00e1reas de Direito e Administra\u00e7\u00e3o, para as delegacias das cidades de Nossa Senhora das Dores e Cumbe.<\/p>\n<div id=\"attachment_147428\" style=\"width: 310px\" class=\"wp-caption alignleft\"><a href=\"https:\/\/senoticias.com.br\/se\/wp-content\/uploads\/2025\/04\/IMG_0298.jpeg\"><img loading=\"lazy\" decoding=\"async\" aria-describedby=\"caption-attachment-147428\" class=\"size-medium wp-image-147428\" src=\"https:\/\/senoticias.com.br\/se\/wp-content\/uploads\/2025\/04\/IMG_0298-300x200.jpeg\" alt=\"\" width=\"300\" height=\"200\" srcset=\"https:\/\/senoticias.com.br\/se\/wp-content\/uploads\/2025\/04\/IMG_0298-300x200.jpeg 300w, https:\/\/senoticias.com.br\/se\/wp-content\/uploads\/2025\/04\/IMG_0298-90x60.jpeg 90w, https:\/\/senoticias.com.br\/se\/wp-content\/uploads\/2025\/04\/IMG_0298-180x120.jpeg 180w, https:\/\/senoticias.com.br\/se\/wp-content\/uploads\/2025\/04\/IMG_0298-95x64.jpeg 95w, https:\/\/senoticias.com.br\/se\/wp-content\/uploads\/2025\/04\/IMG_0298.jpeg 550w\" sizes=\"(max-width: 300px) 100vw, 300px\" \/><\/a><p id=\"caption-attachment-147428\" class=\"wp-caption-text\">O prazo de convoca\u00e7\u00e3o \u00e9 de um ano, conforme a necessidade e abertura de vagas &#8211; Foto: arquivo\/SSP\/SE<\/p><\/div>\n<p>O cadastramento \u00e9 gratuito, por meio de envio de curr\u00edculo ao endere\u00e7o eletr\u00f4nico lucas.chagas@ssp.se.gov.br, com o t\u00edtulo &#8220;CADASTRO DE CURR\u00cdCULO &#8211; DIREITO&#8221; ou &#8220;CADASTRO DE CURR\u00cdCULO &#8211; ADMINISTRA\u00c7\u00c3O&#8221;. O prazo de convoca\u00e7\u00e3o \u00e9 de um ano, conforme a necessidade e abertura de vagas na SSP.<\/p>\n<p>Para a inscri\u00e7\u00e3o, o candidato deve estar devidamente matriculado, com frequ\u00eancia regular na institui\u00e7\u00e3o de ensino superior e cursando obrigatoriamente entre o 5\u00ba e o 7\u00ba per\u00edodos. No e-mail deve ser informada a disponibilidade de hor\u00e1rio para trabalho.<\/p>\n<p>A bolsa-aux\u00edlio ofertada para o cumprimento de 4 horas di\u00e1rias presenciais (20 horas por semana) \u00e9 no valor de R$ 600,00, com adi\u00e7\u00e3o de vale-transporte no valor de R$ 9,00 e cobertura de seguro contra acidentes pessoais. O est\u00e1gio ter\u00e1 vig\u00eancia de 12 meses, podendo ser prorrogado at\u00e9 o limite m\u00e1ximo de dois anos, condicionado \u00e0 comprova\u00e7\u00e3o de manuten\u00e7\u00e3o do v\u00ednculo acad\u00eamico.<\/p>\n<p><strong><em>Acompanhe tamb\u00e9m o SE Not\u00edcias no\u00a0<a href=\"https:\/\/www.instagram.com\/senoticias\/\" target=\"_blank\" rel=\"noreferrer noopener\">Instagram<\/a><\/em><\/strong>,\u00a0<strong><em>\u00a0<a href=\"https:\/\/www.facebook.com\/senoticias1\" target=\"_blank\" rel=\"noreferrer noopener\">Facebook<\/a>\u00a0e\u00a0no<\/em>\u00a0<em><a href=\"https:\/\/twitter.com\/Senoticias\">X<\/a><\/em><\/strong><\/p>\n<p>Fonte: SSP\/SE<\/p>\n","protected":false},"excerpt":{"rendered":"<p>A Secretaria de Seguran\u00e7a P\u00fablica de Sergipe divulga vagas de est\u00e1gio para estudantes de n\u00edvel superior nas \u00e1reas de Direito e Administra\u00e7\u00e3o, para as delegacias das cidades de Nossa Senhora das Dores e Cumbe. O cadastramento \u00e9 gratuito, por meio de envio de curr\u00edculo ao endere\u00e7o eletr\u00f4nico lucas.chagas@ssp.se.gov.br, com o t\u00edtulo &#8220;CADASTRO DE CURR\u00cdCULO &#8211; [&hellip;]<\/p>\n","protected":false},"author":6557,"featured_media":147428,"comment_status":"closed","ping_status":"closed","sticky":false,"template":"","format":"standard","meta":{"footnotes":""},"categories":[15,6],"tags":[3378,3884,43577],"class_list":{"0":"post-147427","1":"post","2":"type-post","3":"status-publish","4":"format-standard","5":"has-post-thumbnail","7":"category-destaques","8":"category-politica","9":"tag-administracao","10":"tag-direito","11":"tag-vagas-de-estagio"},"_links":{"self":[{"href":"https:\/\/senoticias.com.br\/se\/wp-json\/wp\/v2\/posts\/147427"}],"collection":[{"href":"https:\/\/senoticias.com.br\/se\/wp-json\/wp\/v2\/posts"}],"about":[{"href":"https:\/\/senoticias.com.br\/se\/wp-json\/wp\/v2\/types\/post"}],"author":[{"embeddable":true,"href":"https:\/\/senoticias.com.br\/se\/wp-json\/wp\/v2\/users\/6557"}],"replies":[{"embeddable":true,"href":"https:\/\/senoticias.com.br\/se\/wp-json\/wp\/v2\/comments?post=147427"}],"version-history":[{"count":0,"href":"https:\/\/senoticias.com.br\/se\/wp-json\/wp\/v2\/posts\/147427\/revisions"}],"wp:featuredmedia":[{"embeddable":true,"href":"https:\/\/senoticias.com.br\/se\/wp-json\/wp\/v2\/media\/147428"}],"wp:attachment":[{"href":"https:\/\/senoticias.com.br\/se\/wp-json\/wp\/v2\/media?parent=147427"}],"wp:term":[{"taxonomy":"category","embeddable":true,"href":"https:\/\/senoticias.com.br\/se\/wp-json\/wp\/v2\/categories?post=147427"},{"taxonomy":"post_tag","embeddable":true,"href":"https:\/\/senoticias.com.br\/se\/wp-json\/wp\/v2\/tags?post=147427"}],"curies":[{"name":"wp","href":"https:\/\/api.w.org\/{rel}","templated":true}]}}