{"id":147386,"date":"2025-04-18T10:12:52","date_gmt":"2025-04-18T13:12:52","guid":{"rendered":"https:\/\/senoticias.com.br\/se\/?p=147386"},"modified":"2025-04-18T10:15:42","modified_gmt":"2025-04-18T13:15:42","slug":"cabrini-entrevista-prf-condenado-pela-morte-de-genivaldo-de-jesus-reportagem-vai-ao-ar-no-domingo-espetacular","status":"publish","type":"post","link":"https:\/\/senoticias.com.br\/se\/cabrini-entrevista-prf-condenado-pela-morte-de-genivaldo-de-jesus-reportagem-vai-ao-ar-no-domingo-espetacular\/","title":{"rendered":"Cabrini entrevista PRF condenado pela morte de Genivaldo de Jesus; reportagem vai ao ar no Domingo Espetacular"},"content":{"rendered":"<p>O jornalista Roberto Cabrini entrevistou o ex-policial rodovi\u00e1rio federal Paulo Rodolpho Lima Nascimento, um dos condenados pela morte de Genivaldo de Jesus Santos, ocorrida em maio de 2022, no munic\u00edpio de Umba\u00faba, distante 97 Km de Aracaju (SE). A entrevista ser\u00e1 exibida com exclusividade neste domingo (20), no Domingo Espetacular, da TV Record.<\/p>\n<p>A reportagem especial traz detalhes in\u00e9ditos de uma investiga\u00e7\u00e3o que durou tr\u00eas anos e ainda exibe o depoimento da vi\u00fava da v\u00edtima, Maria Fabiana dos Santos, que comenta as explica\u00e7\u00f5es dadas pelos acusados.<\/p>\n<div id=\"attachment_147387\" style=\"width: 310px\" class=\"wp-caption aligncenter\"><a href=\"https:\/\/senoticias.com.br\/se\/wp-content\/uploads\/2025\/04\/Roberto-Cabrini-SE-Noticias.jpeg\"><img loading=\"lazy\" decoding=\"async\" aria-describedby=\"caption-attachment-147387\" class=\"size-medium wp-image-147387\" src=\"https:\/\/senoticias.com.br\/se\/wp-content\/uploads\/2025\/04\/Roberto-Cabrini-SE-Noticias-300x158.jpeg\" alt=\"\" width=\"300\" height=\"158\" srcset=\"https:\/\/senoticias.com.br\/se\/wp-content\/uploads\/2025\/04\/Roberto-Cabrini-SE-Noticias-300x158.jpeg 300w, https:\/\/senoticias.com.br\/se\/wp-content\/uploads\/2025\/04\/Roberto-Cabrini-SE-Noticias.jpeg 586w\" sizes=\"(max-width: 300px) 100vw, 300px\" \/><\/a><p id=\"caption-attachment-147387\" class=\"wp-caption-text\">A entrevista completa vai ao ar neste domingo, dia 20, no Domingo Espetacular, na TV Record<\/p><\/div>\n<p>Genivaldo foi abordado por tr\u00eas agentes da PRF \u2014 Paulo Rodolpho, Kl\u00e9ber Nascimento Freitas e William de Barros Noia \u2014 por estar pilotando uma motocicleta sem capacete. Diagnosticado com esquizofrenia, ele foi algemado, colocado no porta-malas de uma viatura e acabou morrendo asfixiado ap\u00f3s os policiais lan\u00e7arem uma granada de g\u00e1s lacrimog\u00eaneo no interior do ve\u00edculo, que se transformou em uma esp\u00e9cie de c\u00e2mara de g\u00e1s. A cena foi registrada por testemunhas e ganhou repercuss\u00e3o mundial.<\/p>\n<p>Durante a entrevista, Cabrini pergunta diretamente a Paulo se ele tinha consci\u00eancia de que suas a\u00e7\u00f5es condenariam Genivaldo \u00e0 morte. O ex-policial responde:<\/p>\n<p><em>\u201cDe forma alguma. Nunca foi essa a inten\u00e7\u00e3o.\u201d<\/em><\/p>\n<p>O caso foi julgado em dezembro de 2024. Ap\u00f3s 12 dias de audi\u00eancias na 7\u00aa Vara Federal de Sergipe, os tr\u00eas ex-agentes foram condenados. Paulo Rodolpho foi sentenciado a 28 anos de pris\u00e3o por homic\u00eddio triplamente qualificado. Kl\u00e9ber Nascimento Freitas e William de Barros Noia receberam penas de 23 anos, um m\u00eas e nove dias de pris\u00e3o por tortura seguida de morte.<\/p>\n<p>As penas foram agravadas por motivo f\u00fatil, uso de asfixia, circunst\u00e2ncias que impossibilitaram a defesa da v\u00edtima e pelo fato de o crime ter sido cometido por agentes p\u00fablicos contra uma pessoa com defici\u00eancia.<\/p>\n<p><strong><em>Acompanhe tamb\u00e9m o SE Not\u00edcias no\u00a0<a href=\"https:\/\/www.instagram.com\/senoticias\/\" target=\"_blank\" rel=\"noreferrer noopener\">Instagram<\/a><\/em><\/strong>,\u00a0<strong><em>\u00a0<a href=\"https:\/\/www.facebook.com\/senoticias1\" target=\"_blank\" rel=\"noreferrer noopener\">Facebook<\/a>\u00a0e\u00a0no<\/em>\u00a0<em><a href=\"https:\/\/twitter.com\/Senoticias\">X<\/a><\/em><\/strong><\/p>\n<p>Reda\u00e7\u00e3o, com informa\u00e7\u00f5es da TV Record<\/p>\n","protected":false},"excerpt":{"rendered":"<p>O jornalista Roberto Cabrini entrevistou o ex-policial rodovi\u00e1rio federal Paulo Rodolpho Lima Nascimento, um dos condenados pela morte de Genivaldo de Jesus Santos, ocorrida em maio de 2022, no munic\u00edpio de Umba\u00faba, distante 97 Km de Aracaju (SE). A entrevista ser\u00e1 exibida com exclusividade neste domingo (20), no Domingo Espetacular, da TV Record. A reportagem [&hellip;]<\/p>\n","protected":false},"author":6557,"featured_media":147387,"comment_status":"closed","ping_status":"closed","sticky":false,"template":"","format":"standard","meta":{"footnotes":""},"categories":[15,6,1],"tags":[43565,43564,43563],"class_list":{"0":"post-147386","1":"post","2":"type-post","3":"status-publish","4":"format-standard","5":"has-post-thumbnail","7":"category-destaques","8":"category-politica","9":"category-sem-categoria","10":"tag-cabrini-em-sergipe","11":"tag-domingo-espetacular","12":"tag-jornalista-roberto-cabrini"},"_links":{"self":[{"href":"https:\/\/senoticias.com.br\/se\/wp-json\/wp\/v2\/posts\/147386"}],"collection":[{"href":"https:\/\/senoticias.com.br\/se\/wp-json\/wp\/v2\/posts"}],"about":[{"href":"https:\/\/senoticias.com.br\/se\/wp-json\/wp\/v2\/types\/post"}],"author":[{"embeddable":true,"href":"https:\/\/senoticias.com.br\/se\/wp-json\/wp\/v2\/users\/6557"}],"replies":[{"embeddable":true,"href":"https:\/\/senoticias.com.br\/se\/wp-json\/wp\/v2\/comments?post=147386"}],"version-history":[{"count":0,"href":"https:\/\/senoticias.com.br\/se\/wp-json\/wp\/v2\/posts\/147386\/revisions"}],"wp:featuredmedia":[{"embeddable":true,"href":"https:\/\/senoticias.com.br\/se\/wp-json\/wp\/v2\/media\/147387"}],"wp:attachment":[{"href":"https:\/\/senoticias.com.br\/se\/wp-json\/wp\/v2\/media?parent=147386"}],"wp:term":[{"taxonomy":"category","embeddable":true,"href":"https:\/\/senoticias.com.br\/se\/wp-json\/wp\/v2\/categories?post=147386"},{"taxonomy":"post_tag","embeddable":true,"href":"https:\/\/senoticias.com.br\/se\/wp-json\/wp\/v2\/tags?post=147386"}],"curies":[{"name":"wp","href":"https:\/\/api.w.org\/{rel}","templated":true}]}}