{"id":147379,"date":"2025-04-17T14:54:53","date_gmt":"2025-04-17T17:54:53","guid":{"rendered":"https:\/\/senoticias.com.br\/se\/?p=147379"},"modified":"2025-04-17T14:55:58","modified_gmt":"2025-04-17T17:55:58","slug":"policia-militar-reforca-acoes-do-policiamento-de-transito-durante-feriado-prolongado-em-sergipe","status":"publish","type":"post","link":"https:\/\/senoticias.com.br\/se\/policia-militar-reforca-acoes-do-policiamento-de-transito-durante-feriado-prolongado-em-sergipe\/","title":{"rendered":"Pol\u00edcia Militar refor\u00e7a a\u00e7\u00f5es do policiamento de tr\u00e2nsito durante feriado prolongado em Sergipe"},"content":{"rendered":"<p>Para o feriado prolongado da Semana Santa e Dia de Tiradentes, o Batalh\u00e3o de Pol\u00edcia Rodovi\u00e1ria (BPRv) estabeleceu um planejamento operacional para refor\u00e7ar a seguran\u00e7a vi\u00e1ria desde a quarta-feira (16), a partir das 16 horas, at\u00e9 o t\u00e9rmino da segunda-feira (21). Policiais militares foram escalados extraordinariamente, para o aumento do efetivo e da quantidade de viaturas destinadas \u00e0 seguran\u00e7a das rodovias estaduais de Sergipe.<\/p>\n<p>De acordo com o comandante do BPRv, tenente-coronel Aldevan Silveira, ao todo ser\u00e3o dez viaturas e o caminh\u00e3o boiadeiro. \u201cPara que haja, al\u00e9m desse refor\u00e7o, uma sensa\u00e7\u00e3o de seguran\u00e7a maior nas vias\u201d, ressaltou.<\/p>\n<div id=\"attachment_147380\" style=\"width: 586px\" class=\"wp-caption aligncenter\"><a href=\"https:\/\/senoticias.com.br\/se\/wp-content\/uploads\/2025\/04\/Aldevan-Silveira-SE-Noticias.jpeg\"><img loading=\"lazy\" decoding=\"async\" aria-describedby=\"caption-attachment-147380\" class=\"size-full wp-image-147380\" src=\"https:\/\/senoticias.com.br\/se\/wp-content\/uploads\/2025\/04\/Aldevan-Silveira-SE-Noticias.jpeg\" alt=\"\" width=\"576\" height=\"824\" srcset=\"https:\/\/senoticias.com.br\/se\/wp-content\/uploads\/2025\/04\/Aldevan-Silveira-SE-Noticias.jpeg 576w, https:\/\/senoticias.com.br\/se\/wp-content\/uploads\/2025\/04\/Aldevan-Silveira-SE-Noticias-210x300.jpeg 210w\" sizes=\"(max-width: 576px) 100vw, 576px\" \/><\/a><p id=\"caption-attachment-147380\" class=\"wp-caption-text\">Segundo o comandante do BPRv, tenente-coronel Aldevan Silveiram equipes estar\u00e3o estrategicamente posicionadas para o r\u00e1pido atendimento \u00e0s ocorr\u00eancias &#8211; Foto: arquivo\/divulga\u00e7\u00e3o<\/p><\/div>\n<p>Tamb\u00e9m durante o feriad\u00e3o, o BPRv estar\u00e1 refor\u00e7ando a atua\u00e7\u00e3o em torno da aplica\u00e7\u00e3o da Lei Seca, do excesso de velocidade e do uso de celular. \u201cO BPRv ter\u00e1 seus postos espalhados pelo estado, aplicando o teste do etil\u00f4metro e verificando o excesso de velocidade\u201d, evidenciou o tenente-coronel.<\/p>\n<p><strong>Crian\u00e7as<\/strong><\/p>\n<p>Al\u00e9m do acompanhamento das ocorr\u00eancias da Lei Seca e excesso de velocidade, o BPRv tamb\u00e9m estar\u00e1 atuando na seguran\u00e7a vi\u00e1ria no tocante ao transporte das crian\u00e7as. \u201cAt\u00e9 um ano de idade, a crian\u00e7a deve estar no beb\u00ea conforto. De um aos quatro anos, na cadeirinha. Dos quatro a sete anos, no assento elevado. Lembrando que em motocicletas somente podem ser transportadas crian\u00e7as a partir dos dez anos e com o capacete\u201d, explicou o comandante do BPRv.<\/p>\n<p><strong>Acionamento<\/strong><\/p>\n<p>Caso seja necess\u00e1rio acionar o BPRv, o cidad\u00e3o pode entrar em contato com o Centro Integrado de Opera\u00e7\u00f5es em Seguran\u00e7a P\u00fablica (Ciosp), pelo telefone 190. As equipes mais pr\u00f3ximas ao local do fato ser\u00e3o rapidamente direcionadas para os atendimentos relativos \u00e0 seguran\u00e7a vi\u00e1ria nas rodovias estaduais de Sergipe.<\/p>\n<p>Fonte: SSP\/SE<\/p>\n<p><strong><em>Acompanhe tamb\u00e9m o SE Not\u00edcias no\u00a0<a href=\"https:\/\/www.instagram.com\/senoticias\/\" target=\"_blank\" rel=\"noreferrer noopener\">Instagram<\/a><\/em><\/strong>,\u00a0<strong><em>\u00a0<a href=\"https:\/\/www.facebook.com\/senoticias1\" target=\"_blank\" rel=\"noreferrer noopener\">Facebook<\/a>\u00a0e\u00a0no<\/em>\u00a0<em><a href=\"https:\/\/twitter.com\/Senoticias\">X<\/a><\/em><\/strong><\/p>\n<p>&nbsp;<\/p>\n","protected":false},"excerpt":{"rendered":"<p>Para o feriado prolongado da Semana Santa e Dia de Tiradentes, o Batalh\u00e3o de Pol\u00edcia Rodovi\u00e1ria (BPRv) estabeleceu um planejamento operacional para refor\u00e7ar a seguran\u00e7a vi\u00e1ria desde a quarta-feira (16), a partir das 16 horas, at\u00e9 o t\u00e9rmino da segunda-feira (21). Policiais militares foram escalados extraordinariamente, para o aumento do efetivo e da quantidade de [&hellip;]<\/p>\n","protected":false},"author":6557,"featured_media":147380,"comment_status":"closed","ping_status":"closed","sticky":false,"template":"","format":"standard","meta":{"footnotes":""},"categories":[15,7],"tags":[41674,43561,35246,43560],"class_list":{"0":"post-147379","1":"post","2":"type-post","3":"status-publish","4":"format-standard","5":"has-post-thumbnail","7":"category-destaques","8":"category-policia","9":"tag-aldevan-silveira","10":"tag-comandante-do-bprv","11":"tag-feriado-prolongado","12":"tag-policiamento-de-transito"},"_links":{"self":[{"href":"https:\/\/senoticias.com.br\/se\/wp-json\/wp\/v2\/posts\/147379"}],"collection":[{"href":"https:\/\/senoticias.com.br\/se\/wp-json\/wp\/v2\/posts"}],"about":[{"href":"https:\/\/senoticias.com.br\/se\/wp-json\/wp\/v2\/types\/post"}],"author":[{"embeddable":true,"href":"https:\/\/senoticias.com.br\/se\/wp-json\/wp\/v2\/users\/6557"}],"replies":[{"embeddable":true,"href":"https:\/\/senoticias.com.br\/se\/wp-json\/wp\/v2\/comments?post=147379"}],"version-history":[{"count":0,"href":"https:\/\/senoticias.com.br\/se\/wp-json\/wp\/v2\/posts\/147379\/revisions"}],"wp:featuredmedia":[{"embeddable":true,"href":"https:\/\/senoticias.com.br\/se\/wp-json\/wp\/v2\/media\/147380"}],"wp:attachment":[{"href":"https:\/\/senoticias.com.br\/se\/wp-json\/wp\/v2\/media?parent=147379"}],"wp:term":[{"taxonomy":"category","embeddable":true,"href":"https:\/\/senoticias.com.br\/se\/wp-json\/wp\/v2\/categories?post=147379"},{"taxonomy":"post_tag","embeddable":true,"href":"https:\/\/senoticias.com.br\/se\/wp-json\/wp\/v2\/tags?post=147379"}],"curies":[{"name":"wp","href":"https:\/\/api.w.org\/{rel}","templated":true}]}}