{"id":147374,"date":"2025-04-17T07:11:56","date_gmt":"2025-04-17T10:11:56","guid":{"rendered":"https:\/\/senoticias.com.br\/se\/?p=147374"},"modified":"2025-04-17T07:11:56","modified_gmt":"2025-04-17T10:11:56","slug":"e-hoje-emocao-fe-e-tradicao-tomam-conta-de-sao-cristovao-na-procissao-do-fogareu","status":"publish","type":"post","link":"https:\/\/senoticias.com.br\/se\/e-hoje-emocao-fe-e-tradicao-tomam-conta-de-sao-cristovao-na-procissao-do-fogareu\/","title":{"rendered":"\u00c9 hoje! Emo\u00e7\u00e3o, f\u00e9 e tradi\u00e7\u00e3o tomam conta de S\u00e3o Crist\u00f3v\u00e3o na Prociss\u00e3o do Fogar\u00e9u"},"content":{"rendered":"<p>A cidade de S\u00e3o Crist\u00f3v\u00e3o ser\u00e1, nesta quinta-feira, 17 de abril, o cen\u00e1rio de uma das mais tradicionais manifesta\u00e7\u00f5es culturais e religiosas de Sergipe: a Prociss\u00e3o do Fogar\u00e9u. Celebrada desde o s\u00e9culo XVIII, a prociss\u00e3o traz \u00e0 tona a religiosidade e a cultura local, sendo uma das maiores atra\u00e7\u00f5es da Semana Santa em Sergipe. O evento \u00e9 realizado pelo grupo G12, formado por moradores do munic\u00edpio, e conta com o apoio da Prefeitura de S\u00e3o Crist\u00f3v\u00e3o, que garantir\u00e1 a infraestrutura necess\u00e1ria para a celebra\u00e7\u00e3o.<\/p>\n<p>A programa\u00e7\u00e3o come\u00e7a \u00e0s 17h, com a Missa de Lava-P\u00e9s, no Santu\u00e1rio Nossa Senhora da Vit\u00f3ria (Igreja Matriz), seguida, \u00e0s 20h, na Pra\u00e7a S\u00e3o Francisco, onde cerca de 80 atores participar\u00e3o da encena\u00e7\u00e3o que retrata os atos da Paix\u00e3o de Cristo, como a entrada de Jesus em Jerusal\u00e9m, a \u00daltima Ceia e a condena\u00e7\u00e3o de Cristo.<\/p>\n<p>Logo em seguida, as ruas do Centro Hist\u00f3rico ser\u00e3o tomadas pela Prociss\u00e3o, que contar\u00e1 com mais de 200 homens carregando tochas, iluminando o percurso e mantendo viva a tradi\u00e7\u00e3o centen\u00e1ria. Todas as luzes do Centro Hist\u00f3rico ser\u00e3o apagadas neste momento de f\u00e9, cultura e religiosidade que encanta tanto os moradores locais quanto os turistas.<\/p>\n<p>Este ano, a Prefeitura de S\u00e3o Crist\u00f3v\u00e3o investir\u00e1 cerca de R$ 120 mil para garantir toda a estrutura necess\u00e1ria para a realiza\u00e7\u00e3o do evento. Paola Santana, presidente da Funda\u00e7\u00e3o Municipal de Cultura e Turismo (Fumctur), destacou a import\u00e2ncia da Prociss\u00e3o do Fogar\u00e9u no calend\u00e1rio tur\u00edstico e cultural do munic\u00edpio. Para ela, a prociss\u00e3o n\u00e3o \u00e9 apenas um evento religioso, mas tamb\u00e9m um motor para a economia local.<\/p>\n<div id=\"attachment_136608\" style=\"width: 602px\" class=\"wp-caption aligncenter\"><a href=\"https:\/\/senoticias.com.br\/se\/wp-content\/uploads\/2023\/04\/Procissao-Fogareu-Se-Noticias.jpg\"><img loading=\"lazy\" decoding=\"async\" aria-describedby=\"caption-attachment-136608\" class=\"size-full wp-image-136608\" src=\"https:\/\/senoticias.com.br\/se\/wp-content\/uploads\/2023\/04\/Procissao-Fogareu-Se-Noticias.jpg\" alt=\"\" width=\"592\" height=\"395\" srcset=\"https:\/\/senoticias.com.br\/se\/wp-content\/uploads\/2023\/04\/Procissao-Fogareu-Se-Noticias.jpg 592w, https:\/\/senoticias.com.br\/se\/wp-content\/uploads\/2023\/04\/Procissao-Fogareu-Se-Noticias-300x200.jpg 300w, https:\/\/senoticias.com.br\/se\/wp-content\/uploads\/2023\/04\/Procissao-Fogareu-Se-Noticias-90x60.jpg 90w, https:\/\/senoticias.com.br\/se\/wp-content\/uploads\/2023\/04\/Procissao-Fogareu-Se-Noticias-180x120.jpg 180w, https:\/\/senoticias.com.br\/se\/wp-content\/uploads\/2023\/04\/Procissao-Fogareu-Se-Noticias-95x64.jpg 95w\" sizes=\"(max-width: 592px) 100vw, 592px\" \/><\/a><p id=\"caption-attachment-136608\" class=\"wp-caption-text\">Tradi\u00e7\u00e3o e f\u00e9 marcam a Prociss\u00e3o do Fogar\u00e9u em S\u00e3o Crist\u00f3v\u00e3o &#8211; Foto: arquivo\/Heitor Xavier<\/p><\/div>\n<p>&#8220;Al\u00e9m de ser uma express\u00e3o da nossa f\u00e9, a Prociss\u00e3o do Fogar\u00e9u movimenta o turismo religioso e atrai visitantes de v\u00e1rias partes de Sergipe e do Brasil. Isso gera uma significativa renda para o com\u00e9rcio local, fortalecendo a nossa economia. Por isso, a Prefeitura se compromete em garantir todo o apoio necess\u00e1rio para manter viva essa tradi\u00e7\u00e3o&#8221;, afirmou Paola.<\/p>\n<p><strong><em>Acompanhe tamb\u00e9m o SE Not\u00edcias no\u00a0<a href=\"https:\/\/www.instagram.com\/senoticias\/\" target=\"_blank\" rel=\"noreferrer noopener\">Instagram<\/a><\/em><\/strong>,\u00a0<strong><em>\u00a0<a href=\"https:\/\/www.facebook.com\/senoticias1\" target=\"_blank\" rel=\"noreferrer noopener\">Facebook<\/a>\u00a0e\u00a0no<\/em>\u00a0<em><a href=\"https:\/\/twitter.com\/Senoticias\">X<\/a><\/em><\/strong><\/p>\n<p>Fonte: ascom\/PMSC<\/p>\n","protected":false},"excerpt":{"rendered":"<p>A cidade de S\u00e3o Crist\u00f3v\u00e3o ser\u00e1, nesta quinta-feira, 17 de abril, o cen\u00e1rio de uma das mais tradicionais manifesta\u00e7\u00f5es culturais e religiosas de Sergipe: a Prociss\u00e3o do Fogar\u00e9u. Celebrada desde o s\u00e9culo XVIII, a prociss\u00e3o traz \u00e0 tona a religiosidade e a cultura local, sendo uma das maiores atra\u00e7\u00f5es da Semana Santa em Sergipe. O [&hellip;]<\/p>\n","protected":false},"author":6557,"featured_media":136608,"comment_status":"closed","ping_status":"closed","sticky":false,"template":"","format":"standard","meta":{"footnotes":""},"categories":[15,46],"tags":[81,2797],"class_list":{"0":"post-147374","1":"post","2":"type-post","3":"status-publish","4":"format-standard","5":"has-post-thumbnail","7":"category-destaques","8":"category-religiao","9":"tag-prefeitura-de-sao-cristovao","10":"tag-procissao-do-fogareu"},"_links":{"self":[{"href":"https:\/\/senoticias.com.br\/se\/wp-json\/wp\/v2\/posts\/147374"}],"collection":[{"href":"https:\/\/senoticias.com.br\/se\/wp-json\/wp\/v2\/posts"}],"about":[{"href":"https:\/\/senoticias.com.br\/se\/wp-json\/wp\/v2\/types\/post"}],"author":[{"embeddable":true,"href":"https:\/\/senoticias.com.br\/se\/wp-json\/wp\/v2\/users\/6557"}],"replies":[{"embeddable":true,"href":"https:\/\/senoticias.com.br\/se\/wp-json\/wp\/v2\/comments?post=147374"}],"version-history":[{"count":0,"href":"https:\/\/senoticias.com.br\/se\/wp-json\/wp\/v2\/posts\/147374\/revisions"}],"wp:featuredmedia":[{"embeddable":true,"href":"https:\/\/senoticias.com.br\/se\/wp-json\/wp\/v2\/media\/136608"}],"wp:attachment":[{"href":"https:\/\/senoticias.com.br\/se\/wp-json\/wp\/v2\/media?parent=147374"}],"wp:term":[{"taxonomy":"category","embeddable":true,"href":"https:\/\/senoticias.com.br\/se\/wp-json\/wp\/v2\/categories?post=147374"},{"taxonomy":"post_tag","embeddable":true,"href":"https:\/\/senoticias.com.br\/se\/wp-json\/wp\/v2\/tags?post=147374"}],"curies":[{"name":"wp","href":"https:\/\/api.w.org\/{rel}","templated":true}]}}