{"id":147348,"date":"2025-04-15T16:47:55","date_gmt":"2025-04-15T19:47:55","guid":{"rendered":"https:\/\/senoticias.com.br\/se\/?p=147348"},"modified":"2025-04-15T16:47:55","modified_gmt":"2025-04-15T19:47:55","slug":"governo-divulga-calendario-de-pagamento-dos-servidores-do-poder-executivo-3","status":"publish","type":"post","link":"https:\/\/senoticias.com.br\/se\/governo-divulga-calendario-de-pagamento-dos-servidores-do-poder-executivo-3\/","title":{"rendered":"Governo divulga calend\u00e1rio de pagamento dos servidores do Poder Executivo"},"content":{"rendered":"<p>O Governo de Sergipe informa que o pagamento dos servidores do Poder Executivo para o m\u00eas de abril ter\u00e1 in\u00edcio no dia 29. Entre ativos, aposentados e pensionistas, mais de 75 mil pessoas receber\u00e3o as respectivas remunera\u00e7\u00f5es.<\/p>\n<div id=\"attachment_147349\" style=\"width: 609px\" class=\"wp-caption aligncenter\"><a href=\"https:\/\/senoticias.com.br\/se\/wp-content\/uploads\/2025\/04\/IMG_0251-e1744746412151.jpeg\"><img loading=\"lazy\" decoding=\"async\" aria-describedby=\"caption-attachment-147349\" class=\"size-full wp-image-147349\" src=\"https:\/\/senoticias.com.br\/se\/wp-content\/uploads\/2025\/04\/IMG_0251-e1744746412151.jpeg\" alt=\"\" width=\"599\" height=\"332\" \/><\/a><p id=\"caption-attachment-147349\" class=\"wp-caption-text\">Foto: Arthuro Paganini<\/p><\/div>\n<p>Os sal\u00e1rios ser\u00e3o pagos em duas etapas. Na ter\u00e7a-feira, 29, receber\u00e3o os aposentados e pensionistas. Na quarta-feira, 30, ser\u00e1 a vez dos servidores das demais secretarias, empresas, autarquias e funda\u00e7\u00f5es. Os valores ser\u00e3o depositados ao longo dos respectivos dias.<\/p>\n<p>Com o cumprimento do calend\u00e1rio de pagamentos, ser\u00e3o R$ 497 milh\u00f5es\u00a0injetados na economia do estado. A a\u00e7\u00e3o ajuda a aumentar a circula\u00e7\u00e3o de recursos dentro do estado, contribuindo para o desenvolvimento local.<\/p>\n<p><strong><em>Acompanhe tamb\u00e9m o SE Not\u00edcias no\u00a0<a href=\"https:\/\/www.instagram.com\/senoticias\/\" target=\"_blank\" rel=\"noreferrer noopener\">Instagram<\/a><\/em><\/strong>,\u00a0<strong><em>\u00a0<a href=\"https:\/\/www.facebook.com\/senoticias1\" target=\"_blank\" rel=\"noreferrer noopener\">Facebook<\/a>\u00a0e\u00a0no<\/em>\u00a0<em><a href=\"https:\/\/twitter.com\/Senoticias\">X<\/a><\/em><\/strong><\/p>\n<p>Fonte: Ag\u00eancia Sergipe de Noticias<\/p>\n","protected":false},"excerpt":{"rendered":"<p>O Governo de Sergipe informa que o pagamento dos servidores do Poder Executivo para o m\u00eas de abril ter\u00e1 in\u00edcio no dia 29. Entre ativos, aposentados e pensionistas, mais de 75 mil pessoas receber\u00e3o as respectivas remunera\u00e7\u00f5es. Os sal\u00e1rios ser\u00e3o pagos em duas etapas. Na ter\u00e7a-feira, 29, receber\u00e3o os aposentados e pensionistas. Na quarta-feira, 30, [&hellip;]<\/p>\n","protected":false},"author":6557,"featured_media":0,"comment_status":"closed","ping_status":"closed","sticky":false,"template":"","format":"standard","meta":{"footnotes":""},"categories":[15],"tags":[3197,11352],"class_list":{"0":"post-147348","1":"post","2":"type-post","3":"status-publish","4":"format-standard","6":"category-destaques","7":"tag-pagamento-de-servidores","8":"tag-poder-executivo"},"_links":{"self":[{"href":"https:\/\/senoticias.com.br\/se\/wp-json\/wp\/v2\/posts\/147348"}],"collection":[{"href":"https:\/\/senoticias.com.br\/se\/wp-json\/wp\/v2\/posts"}],"about":[{"href":"https:\/\/senoticias.com.br\/se\/wp-json\/wp\/v2\/types\/post"}],"author":[{"embeddable":true,"href":"https:\/\/senoticias.com.br\/se\/wp-json\/wp\/v2\/users\/6557"}],"replies":[{"embeddable":true,"href":"https:\/\/senoticias.com.br\/se\/wp-json\/wp\/v2\/comments?post=147348"}],"version-history":[{"count":0,"href":"https:\/\/senoticias.com.br\/se\/wp-json\/wp\/v2\/posts\/147348\/revisions"}],"wp:attachment":[{"href":"https:\/\/senoticias.com.br\/se\/wp-json\/wp\/v2\/media?parent=147348"}],"wp:term":[{"taxonomy":"category","embeddable":true,"href":"https:\/\/senoticias.com.br\/se\/wp-json\/wp\/v2\/categories?post=147348"},{"taxonomy":"post_tag","embeddable":true,"href":"https:\/\/senoticias.com.br\/se\/wp-json\/wp\/v2\/tags?post=147348"}],"curies":[{"name":"wp","href":"https:\/\/api.w.org\/{rel}","templated":true}]}}