{"id":147343,"date":"2025-04-15T16:38:22","date_gmt":"2025-04-15T19:38:22","guid":{"rendered":"https:\/\/senoticias.com.br\/se\/?p=147343"},"modified":"2025-04-15T16:38:22","modified_gmt":"2025-04-15T19:38:22","slug":"dhpp-e-dipol-prendem-em-socorro-foragido-por-feminicidio-ocorrido-no-eduardo-gomes","status":"publish","type":"post","link":"https:\/\/senoticias.com.br\/se\/dhpp-e-dipol-prendem-em-socorro-foragido-por-feminicidio-ocorrido-no-eduardo-gomes\/","title":{"rendered":"DHPP e Dipol prendem, em Socorro, foragido por feminic\u00eddio ocorrido no Eduardo Gomes"},"content":{"rendered":"<p>Na tarde da \u00faltima segunda-feira, 14, uma opera\u00e7\u00e3o conjunta entre o Departamento de Homic\u00eddios e Prote\u00e7\u00e3o \u00e0 Pessoa (DHPP) e a Divis\u00e3o de Intelig\u00eancia e Planejamento Policial (Dipol) resultou na pris\u00e3o de um homem de 39 anos, foragido da Justi\u00e7a e investigado por\u00a0feminic\u00eddio. O crime ocorreu em 20 de janeiro de 2018, quando o acusado\u00a0assassinou a ent\u00e3o companheira, Ediselma Maciel Santos Silva, de 36 anos, em um espetinho situado no Conjunto Eduardo Gomes, em S\u00e3o Crist\u00f3v\u00e3o.<\/p>\n<p>&nbsp;<\/p>\n<p><a href=\"https:\/\/senoticias.com.br\/se\/wp-content\/uploads\/2025\/04\/IMG_0249-scaled.jpeg\"><img loading=\"lazy\" decoding=\"async\" class=\"size-full wp-image-147347 aligncenter\" src=\"https:\/\/senoticias.com.br\/se\/wp-content\/uploads\/2025\/04\/IMG_0249-scaled-e1744745861536.jpeg\" alt=\"\" width=\"560\" height=\"373\" \/><\/a>Conforme apurado nas investiga\u00e7\u00f5es, Ediselma conversava com a cunhada sobre a inten\u00e7\u00e3o de se separar, motivada por trai\u00e7\u00f5es, quando foi surpreendida pelo agressor, que iniciou a agress\u00e3o com uma garrafa de cerveja e, em seguida, efetuou disparos com uma arma de fogo contra a v\u00edtima. Testemunhas relataram que, mesmo ap\u00f3s os primeiros tiros, ele se aproximou da mulher, disse algo em voz baixa e voltou a atirar, confirmando a execu\u00e7\u00e3o.<\/p>\n<p>Nessa segunda, o acusado foi localizado em uma resid\u00eancia no bairro Parque S\u00e3o Jos\u00e9, munic\u00edpio de\u00a0Nossa Senhora do Socorro, onde vivia com a atual companheira, que est\u00e1 gr\u00e1vida. Ele foi apresentado \u00e0 Justi\u00e7a em audi\u00eancia de cust\u00f3dia nesta ter\u00e7a-feira, 15, pela manh\u00e3, e permanecer\u00e1 preso \u00e0 disposi\u00e7\u00e3o do Judici\u00e1rio.<\/p>\n<p><strong><em>Acompanhe tamb\u00e9m o SE Not\u00edcias no\u00a0<a href=\"https:\/\/www.instagram.com\/senoticias\/\" target=\"_blank\" rel=\"noreferrer noopener\">Instagram<\/a><\/em><\/strong>,\u00a0<strong><em>\u00a0<a href=\"https:\/\/www.facebook.com\/senoticias1\" target=\"_blank\" rel=\"noreferrer noopener\">Facebook<\/a>\u00a0e\u00a0no<\/em>\u00a0<em><a href=\"https:\/\/twitter.com\/Senoticias\">X<\/a><\/em><\/strong><\/p>\n<p>Fonte: SSP SE<\/p>\n<p>&nbsp;<\/p>\n","protected":false},"excerpt":{"rendered":"<p>Na tarde da \u00faltima segunda-feira, 14, uma opera\u00e7\u00e3o conjunta entre o Departamento de Homic\u00eddios e Prote\u00e7\u00e3o \u00e0 Pessoa (DHPP) e a Divis\u00e3o de Intelig\u00eancia e Planejamento Policial (Dipol) resultou na pris\u00e3o de um homem de 39 anos, foragido da Justi\u00e7a e investigado por\u00a0feminic\u00eddio. O crime ocorreu em 20 de janeiro de 2018, quando o acusado\u00a0assassinou [&hellip;]<\/p>\n","protected":false},"author":6557,"featured_media":0,"comment_status":"closed","ping_status":"closed","sticky":false,"template":"","format":"standard","meta":{"footnotes":""},"categories":[15,7],"tags":[2621,5726,5690],"class_list":{"0":"post-147343","1":"post","2":"type-post","3":"status-publish","4":"format-standard","6":"category-destaques","7":"category-policia","8":"tag-dhpp","9":"tag-dipol","10":"tag-feminicidio"},"_links":{"self":[{"href":"https:\/\/senoticias.com.br\/se\/wp-json\/wp\/v2\/posts\/147343"}],"collection":[{"href":"https:\/\/senoticias.com.br\/se\/wp-json\/wp\/v2\/posts"}],"about":[{"href":"https:\/\/senoticias.com.br\/se\/wp-json\/wp\/v2\/types\/post"}],"author":[{"embeddable":true,"href":"https:\/\/senoticias.com.br\/se\/wp-json\/wp\/v2\/users\/6557"}],"replies":[{"embeddable":true,"href":"https:\/\/senoticias.com.br\/se\/wp-json\/wp\/v2\/comments?post=147343"}],"version-history":[{"count":0,"href":"https:\/\/senoticias.com.br\/se\/wp-json\/wp\/v2\/posts\/147343\/revisions"}],"wp:attachment":[{"href":"https:\/\/senoticias.com.br\/se\/wp-json\/wp\/v2\/media?parent=147343"}],"wp:term":[{"taxonomy":"category","embeddable":true,"href":"https:\/\/senoticias.com.br\/se\/wp-json\/wp\/v2\/categories?post=147343"},{"taxonomy":"post_tag","embeddable":true,"href":"https:\/\/senoticias.com.br\/se\/wp-json\/wp\/v2\/tags?post=147343"}],"curies":[{"name":"wp","href":"https:\/\/api.w.org\/{rel}","templated":true}]}}