{"id":147341,"date":"2025-04-15T16:27:25","date_gmt":"2025-04-15T19:27:25","guid":{"rendered":"https:\/\/senoticias.com.br\/se\/?p=147341"},"modified":"2025-04-15T16:27:45","modified_gmt":"2025-04-15T19:27:45","slug":"com-o-programa-mesa-santa-prefeito-ivan-sobral-leva-esperanca-e-alegria-de-pascoa-a-8-mil-familias-de-itaporanga","status":"publish","type":"post","link":"https:\/\/senoticias.com.br\/se\/com-o-programa-mesa-santa-prefeito-ivan-sobral-leva-esperanca-e-alegria-de-pascoa-a-8-mil-familias-de-itaporanga\/","title":{"rendered":"Com o programa Mesa Santa, prefeito Ivan Sobral leva esperan\u00e7a e alegria de P\u00e1scoa a 8 mil fam\u00edlias de Itaporanga"},"content":{"rendered":"<p>A Prefeitura de Itaporanga d\u2019Ajuda, atrav\u00e9s da Secretaria Municipal da Inclus\u00e3o e da Assist\u00eancia Social, iniciou nesta segunda-feira, 14, a distribui\u00e7\u00e3o do tradicional peixe da Semana Santa. Trata-se de uma a\u00e7\u00e3o do programa Mesa Santa, uma pol\u00edtica p\u00fablica de seguran\u00e7a alimentar, onde cerca de oito mil fam\u00edlias que se enquadram no cadastro realizado pela Assist\u00eancia Social recebem peixe e um kit de alimentos.<\/p>\n<div id=\"attachment_147339\" style=\"width: 610px\" class=\"wp-caption aligncenter\"><a href=\"https:\/\/senoticias.com.br\/se\/wp-content\/uploads\/2025\/04\/Prefeito-Ivan-Sobral-SE-Noticias.jpg\"><img loading=\"lazy\" decoding=\"async\" aria-describedby=\"caption-attachment-147339\" class=\"size-full wp-image-147339\" src=\"https:\/\/senoticias.com.br\/se\/wp-content\/uploads\/2025\/04\/Prefeito-Ivan-Sobral-SE-Noticias.jpg\" alt=\"\" width=\"600\" height=\"450\" srcset=\"https:\/\/senoticias.com.br\/se\/wp-content\/uploads\/2025\/04\/Prefeito-Ivan-Sobral-SE-Noticias.jpg 600w, https:\/\/senoticias.com.br\/se\/wp-content\/uploads\/2025\/04\/Prefeito-Ivan-Sobral-SE-Noticias-300x225.jpg 300w, https:\/\/senoticias.com.br\/se\/wp-content\/uploads\/2025\/04\/Prefeito-Ivan-Sobral-SE-Noticias-45x35.jpg 45w\" sizes=\"(max-width: 600px) 100vw, 600px\" \/><\/a><p id=\"caption-attachment-147339\" class=\"wp-caption-text\"><br \/>Prefeito Ivan Sobral garante que 8 mil fam\u00edlias ter\u00e3o uma P\u00e1scoa especial atrav\u00e9s do programa Mesa Santa &#8211; Foto: ascom\/divulga\u00e7\u00e3o<\/p><\/div>\n<p>Ao todo, 12 toneladas de peixes ser\u00e3o distribu\u00eddos at\u00e9 a pr\u00f3xima quarta-feira, dia 16 de abril. Cada fam\u00edlia recebe em torno de 1,5 quilo de peixe e um kit de alimentos composto por arroz, feij\u00e3o, azeite de dend\u00ea, leite de coco e \u00f3leo.<\/p>\n<p>O prefeito Ivan Sobral destaca que este \u00e9 um programa que promove a garantia de direito \u00e0 seguran\u00e7a alimentar para a popula\u00e7\u00e3o que se encontra em situa\u00e7\u00e3o de vulnerabilidade social, promovendo o acesso a uma alimenta\u00e7\u00e3o digna no per\u00edodo que, tradicionalmente, ocorre a restri\u00e7\u00e3o ao consumo de carne vermelha.<\/p>\n<p>\u201cEsse \u00e9 um programa muito importante, onde a gente distribui oito mil kits para a popula\u00e7\u00e3o que mais precisa nessa semana santa. Uma a\u00e7\u00e3o, na qual a gente busca levar o alimento para a popula\u00e7\u00e3o em situa\u00e7\u00e3o de vulnerabilidade nessa data que \u00e9 t\u00e3o especial e aben\u00e7oada\u201d, afirma o prefeito Ivan Sobral.<\/p>\n<p>Nesta segunda-feira, as equipes estiveram em 34 povoados, que integram as regi\u00f5es dos povoados \u00c1gua Bonita, Salvador, Campos, Tapera, Col\u00f4nia Sap\u00e9, Sap\u00e9, Gravat\u00e1, Saco, Chan, Rio Fundo do F\u00e9lix, Rio Fundo do S\u00e3o Jos\u00e9, Rio Fundo do Ponto, Rio Fundo da Cachoeira, Rio Fundo do Arame, Taboca e Xinduba, estas foram as primeiras comunidades a receber o benef\u00edcio.<\/p>\n<p>\u201c\u00c9 uma doa\u00e7\u00e3o que nos ajuda, aquelas fam\u00edlias que nesse momento, muitas vezes n\u00e3o tem condi\u00e7\u00f5es de comprar o peixe para colocar na mesa e cear com a sua fam\u00edlia. Temos essa ajuda anualmente e este ano o prefeito n\u00e3o nos deixou de fora, est\u00e1 contribuindo com a nossa semana santa\u201d, disse a dona de casa, \u00c9rica Correia.<\/p>\n<p><strong>Cronograma<\/strong><\/p>\n<p>A distribui\u00e7\u00e3o segue at\u00e9 a pr\u00f3xima quarta-feira, 16, percorrendo todos os povoados e finalizando na sede do munic\u00edpio. Mais 34 localidades, dever\u00e3o receber as equipes.<\/p>\n<p>O programa atende fam\u00edlias que se encontram em situa\u00e7\u00e3o de vulnerabilidade social, conforme crit\u00e9rios do cadastro, garantindo dignidade e apoio alimentar durante o feriado religioso.<\/p>\n<p><strong><em>Acompanhe tamb\u00e9m o SE Not\u00edcias no\u00a0<a href=\"https:\/\/www.instagram.com\/senoticias\/\" target=\"_blank\" rel=\"noreferrer noopener\">Instagram<\/a><\/em><\/strong>,\u00a0<strong><em>\u00a0<a href=\"https:\/\/www.facebook.com\/senoticias1\" target=\"_blank\" rel=\"noreferrer noopener\">Facebook<\/a>\u00a0e\u00a0no<\/em>\u00a0<em><a href=\"https:\/\/twitter.com\/Senoticias\">X<\/a><\/em><\/strong><\/p>\n<p>Mat\u00e9ria extra\u00edda do site da Prefeitura.<\/p>\n","protected":false},"excerpt":{"rendered":"<p>A Prefeitura de Itaporanga d\u2019Ajuda, atrav\u00e9s da Secretaria Municipal da Inclus\u00e3o e da Assist\u00eancia Social, iniciou nesta segunda-feira, 14, a distribui\u00e7\u00e3o do tradicional peixe da Semana Santa. Trata-se de uma a\u00e7\u00e3o do programa Mesa Santa, uma pol\u00edtica p\u00fablica de seguran\u00e7a alimentar, onde cerca de oito mil fam\u00edlias que se enquadram no cadastro realizado pela Assist\u00eancia [&hellip;]<\/p>\n","protected":false},"author":6557,"featured_media":0,"comment_status":"closed","ping_status":"closed","sticky":false,"template":"","format":"standard","meta":{"footnotes":""},"categories":[15,38],"tags":[43221,43548,2761],"class_list":{"0":"post-147341","1":"post","2":"type-post","3":"status-publish","4":"format-standard","6":"category-destaques","7":"category-municipios","8":"tag-prefeito-ivan-sobral","9":"tag-programa-mesa-santa","10":"tag-semana-santa"},"_links":{"self":[{"href":"https:\/\/senoticias.com.br\/se\/wp-json\/wp\/v2\/posts\/147341"}],"collection":[{"href":"https:\/\/senoticias.com.br\/se\/wp-json\/wp\/v2\/posts"}],"about":[{"href":"https:\/\/senoticias.com.br\/se\/wp-json\/wp\/v2\/types\/post"}],"author":[{"embeddable":true,"href":"https:\/\/senoticias.com.br\/se\/wp-json\/wp\/v2\/users\/6557"}],"replies":[{"embeddable":true,"href":"https:\/\/senoticias.com.br\/se\/wp-json\/wp\/v2\/comments?post=147341"}],"version-history":[{"count":0,"href":"https:\/\/senoticias.com.br\/se\/wp-json\/wp\/v2\/posts\/147341\/revisions"}],"wp:attachment":[{"href":"https:\/\/senoticias.com.br\/se\/wp-json\/wp\/v2\/media?parent=147341"}],"wp:term":[{"taxonomy":"category","embeddable":true,"href":"https:\/\/senoticias.com.br\/se\/wp-json\/wp\/v2\/categories?post=147341"},{"taxonomy":"post_tag","embeddable":true,"href":"https:\/\/senoticias.com.br\/se\/wp-json\/wp\/v2\/tags?post=147341"}],"curies":[{"name":"wp","href":"https:\/\/api.w.org\/{rel}","templated":true}]}}