{"id":147307,"date":"2025-04-12T12:04:01","date_gmt":"2025-04-12T15:04:01","guid":{"rendered":"https:\/\/senoticias.com.br\/se\/?p=147307"},"modified":"2025-04-12T12:04:01","modified_gmt":"2025-04-12T15:04:01","slug":"temporal-alaga-ruas-e-avenidas-da-grande-aracaju-previsao-indica-mais-chuva-ate-domingo","status":"publish","type":"post","link":"https:\/\/senoticias.com.br\/se\/temporal-alaga-ruas-e-avenidas-da-grande-aracaju-previsao-indica-mais-chuva-ate-domingo\/","title":{"rendered":"Temporal alaga ruas e avenidas da Grande Aracaju; previs\u00e3o indica mais chuva at\u00e9 domingo"},"content":{"rendered":"<p>Uma forte chuva atingiu Aracaju e parte do munic\u00edpio de S\u00e3o Crist\u00f3v\u00e3o desde a madrugada deste s\u00e1bado (12), acompanhada de trov\u00f5es, rel\u00e2mpagos e raios. O volume de \u00e1gua foi t\u00e3o intenso que diversas ruas, avenidas e bairros ficaram completamente alagados, provocando transtornos \u00e0 popula\u00e7\u00e3o. O per\u00edodo mais cr\u00edtico foi por volta das 4h da madrugada, quando o \u00edndice pluviom\u00e9trico atingiu seu pico.<\/p>\n<p>De acordo com a Ger\u00eancia de Meteorologia e Mudan\u00e7as Clim\u00e1ticas do Governo de Sergipe, h\u00e1 previs\u00e3o de chuvas moderadas a intensas para este s\u00e1bado (12) e tamb\u00e9m para o domingo (13). O acumulado pode ultrapassar os 50 mil\u00edmetros nesses dois dias, com possibilidade de ventos fortes, trovoadas e descargas el\u00e9tricas. As regi\u00f5es mais afetadas devem ser a Grande Aracaju, centro-sul, agreste central, alto sert\u00e3o e leste sergipano.<\/p>\n<div id=\"attachment_147308\" style=\"width: 610px\" class=\"wp-caption aligncenter\"><a href=\"https:\/\/senoticias.com.br\/se\/wp-content\/uploads\/2025\/04\/Limpeza-de-canais-se-noticias.jpeg\"><img loading=\"lazy\" decoding=\"async\" aria-describedby=\"caption-attachment-147308\" class=\"size-full wp-image-147308\" src=\"https:\/\/senoticias.com.br\/se\/wp-content\/uploads\/2025\/04\/Limpeza-de-canais-se-noticias.jpeg\" alt=\"\" width=\"600\" height=\"461\" srcset=\"https:\/\/senoticias.com.br\/se\/wp-content\/uploads\/2025\/04\/Limpeza-de-canais-se-noticias.jpeg 600w, https:\/\/senoticias.com.br\/se\/wp-content\/uploads\/2025\/04\/Limpeza-de-canais-se-noticias-300x231.jpeg 300w, https:\/\/senoticias.com.br\/se\/wp-content\/uploads\/2025\/04\/Limpeza-de-canais-se-noticias-45x35.jpeg 45w\" sizes=\"(max-width: 600px) 100vw, 600px\" \/><\/a><p id=\"caption-attachment-147308\" class=\"wp-caption-text\">Chuva torrencial atinge Grande Aracaju e provoca alagamentos em ruas &#8211;<em> Foto: SE Not\u00edcias<\/em><\/p><\/div>\n<p>As fortes chuvas que ca\u00edram durante a madrugada j\u00e1 causaram transtornos em v\u00e1rias regi\u00f5es do estado. Em Aracaju, diversas ruas e avenidas foram inundadas, dificultando o tr\u00e1fego de ve\u00edculos. A Defesa Civil registrou o transbordamento do canal do conjunto residencial M\u00e9dici, uma queda de \u00e1rvore e danos no telhado de um pr\u00e9dio no bairro Ponto Novo.<\/p>\n<p><strong>At\u00e9 o momento, os maiores acumulados de chuva foram registrados em:<\/strong><\/p>\n<p>Aracaju: 92,0 mm<br \/>\nPo\u00e7o Verde: 60,5 mm<br \/>\nLagarto: 56,1 mm<br \/>\nSim\u00e3o Dias: 48,7 mm<br \/>\nS\u00e3o Crist\u00f3v\u00e3o: 46,2 mm<\/p>\n<p>Em S\u00e3o Crist\u00f3v\u00e3o, equipes da Secretaria de Servi\u00e7os Urbanos est\u00e3o nas ruas desde as primeiras horas deste s\u00e1bado, atuando na desobstru\u00e7\u00e3o de passagens de \u00e1gua e galerias pluviais. Na Pra\u00e7a do Rosa Elze, uma rua precisou ser interditada ap\u00f3s a queda de uma \u00e1rvore. No bairro Marcelo D\u00e9da, algumas casas foram invadidas pela \u00e1gua da chuva.<\/p>\n<p>A expectativa \u00e9 que o volume de chuva continue elevado at\u00e9 domingo, com ventos variando entre <strong>40 e 60 km\/h<\/strong>.<\/p>\n<p>A Defesa Civil Estadual e de Aracaju alertam para o risco de alagamentos em \u00e1reas com pouca drenagem. Tamb\u00e9m h\u00e1 possibilidade de deslizamentos de encostas, transbordamento de canais, c\u00f3rregos e riachos, al\u00e9m de destelhamentos de im\u00f3veis, queda de \u00e1rvores e placas mal fixadas.<\/p>\n<p>Em caso de emerg\u00eancia, a orienta\u00e7\u00e3o \u00e9 acionar a Defesa Civil pelo n\u00famero 199 ou o Corpo de Bombeiros pelo 193.<\/p>\n<p><strong><em>Acompanhe tamb\u00e9m o SE Not\u00edcias no\u00a0<a href=\"https:\/\/www.instagram.com\/senoticias\/\" target=\"_blank\" rel=\"noreferrer noopener\">Instagram<\/a><\/em><\/strong>,\u00a0<strong><em>\u00a0<a href=\"https:\/\/www.facebook.com\/senoticias1\" target=\"_blank\" rel=\"noreferrer noopener\">Facebook<\/a>\u00a0e\u00a0no<\/em>\u00a0<em><a href=\"https:\/\/twitter.com\/Senoticias\">X<\/a><\/em><\/strong><\/p>\n<p>Reda\u00e7\u00e3o, com informa\u00e7\u00f5es da ascom\/Semac<\/p>\n","protected":false},"excerpt":{"rendered":"<p>Uma forte chuva atingiu Aracaju e parte do munic\u00edpio de S\u00e3o Crist\u00f3v\u00e3o desde a madrugada deste s\u00e1bado (12), acompanhada de trov\u00f5es, rel\u00e2mpagos e raios. O volume de \u00e1gua foi t\u00e3o intenso que diversas ruas, avenidas e bairros ficaram completamente alagados, provocando transtornos \u00e0 popula\u00e7\u00e3o. O per\u00edodo mais cr\u00edtico foi por volta das 4h da madrugada, [&hellip;]<\/p>\n","protected":false},"author":6557,"featured_media":147308,"comment_status":"closed","ping_status":"closed","sticky":false,"template":"","format":"standard","meta":{"footnotes":""},"categories":[15,6],"tags":[43539,119,40989],"class_list":{"0":"post-147307","1":"post","2":"type-post","3":"status-publish","4":"format-standard","5":"has-post-thumbnail","7":"category-destaques","8":"category-politica","9":"tag-chove-na-grande-aracaju","10":"tag-chuvas","11":"tag-chuvas-fortes"},"_links":{"self":[{"href":"https:\/\/senoticias.com.br\/se\/wp-json\/wp\/v2\/posts\/147307"}],"collection":[{"href":"https:\/\/senoticias.com.br\/se\/wp-json\/wp\/v2\/posts"}],"about":[{"href":"https:\/\/senoticias.com.br\/se\/wp-json\/wp\/v2\/types\/post"}],"author":[{"embeddable":true,"href":"https:\/\/senoticias.com.br\/se\/wp-json\/wp\/v2\/users\/6557"}],"replies":[{"embeddable":true,"href":"https:\/\/senoticias.com.br\/se\/wp-json\/wp\/v2\/comments?post=147307"}],"version-history":[{"count":0,"href":"https:\/\/senoticias.com.br\/se\/wp-json\/wp\/v2\/posts\/147307\/revisions"}],"wp:featuredmedia":[{"embeddable":true,"href":"https:\/\/senoticias.com.br\/se\/wp-json\/wp\/v2\/media\/147308"}],"wp:attachment":[{"href":"https:\/\/senoticias.com.br\/se\/wp-json\/wp\/v2\/media?parent=147307"}],"wp:term":[{"taxonomy":"category","embeddable":true,"href":"https:\/\/senoticias.com.br\/se\/wp-json\/wp\/v2\/categories?post=147307"},{"taxonomy":"post_tag","embeddable":true,"href":"https:\/\/senoticias.com.br\/se\/wp-json\/wp\/v2\/tags?post=147307"}],"curies":[{"name":"wp","href":"https:\/\/api.w.org\/{rel}","templated":true}]}}